{"id":11143,"date":"2014-11-11T14:10:05","date_gmt":"2014-11-11T14:10:05","guid":{"rendered":"http:\/\/www.ing.una.py\/?p=11143"},"modified":"2014-11-11T14:10:05","modified_gmt":"2014-11-11T14:10:05","slug":"en-la-fiuna-se-habilito-exposicion-fotografica-sobre-los-25-anos-de-la-caida-del-muro-de-berlin","status":"publish","type":"post","link":"https:\/\/www.ing.una.py\/FIUNA3\/?p=11143","title":{"rendered":"En la FIUNA se habilit\u00f3 exposici\u00f3n fotogr\u00e1fica sobre los 25 A\u00f1os de la ca\u00edda del Muro de Berl\u00edn"},"content":{"rendered":"<p><![CDATA[La exposici\u00f3n fotogr\u00e1fica sobre los 25 A\u00f1os de la ca\u00edda del Muro de Berl\u00edn, fue oficialmente habilitada en la <strong>Facultad de Ingenier\u00eda de la Universidad Nacional de Asunci\u00f3n (FIUNA),<\/strong> este lunes 10 de noviembre. La muestra se encuentra en el Hall de acceso a la FIUNA, abierta para todo p\u00fablico, todos los d\u00edas hasta el 14 de noviembre de 8h a 18h.<!--more-->\nDurante la apertura oficial de la exposici\u00f3n, el Prof. Ing. Juan Balsevich en nombre de la FIUNA agradeci\u00f3 a los responsables del Instituto Cultural Paraguayo Alem\u00e1n, al Servicio Alem\u00e1n de Intercambio Acad\u00e9mico (DAAD) y la Embajada Alemana por traer esta muestra a la FIUNA, as\u00ed como est\u00e1n trayendo varias otras iniciativas que promueven el intercambio cultural y acad\u00e9mico entre ambos pa\u00edses.\nSe\u00f1al\u00f3 que en la FIUNA se empiezan a ver los frutos de varios a\u00f1os de gesti\u00f3n, ante las instituciones alemanas. Una de ellos es el establecimiento de la Oficina de la DAAD en el edificio mismo de la Facultaed, lo cual trae consigo una serie de facilidades, especialmente para los estudiantes que desean especializarse en Alemania.\nEn tal sentido destac\u00f3 el \u00e9xito que est\u00e1 teniendo el curso del idioma alem\u00e1n, con la inscripci\u00f3n de alrededor de 180 estudiantes en la primera llamada. Asi mismo, dijo que gracias a la oficina de la DAAD en la FIUNA se est\u00e1 disponiendo de toda la informaci\u00f3n sobre las becas y oportunidades de estudios en Alemania, as\u00ed como la orientaci\u00f3n necesaria.\nDel acto de apertura oficial de la E<em>xposici\u00f3n fotogr\u00e1fica sobre los 25 A\u00f1os de la ca\u00edda del Muro de Berl\u00edn<\/em> participaron el Presidente del Instituto Cultural Paraguayo Alem\u00e1n, Carlos Shujat; la Directora del Instituto Cultural Paraguayo Alem\u00e1n, Simone Gerdric; la Encargada de Cultura de la Embajada Alemana, Gianina Husschnidt de D\u00edaz; \u00a0y docentes y alumnos de la FIUNA.\n[gallery type=\"rectangular\" link=\"file\" ids=\"11149,11150,11151,11145,11146,11147,11148\"]]]>    \t<\/p>\n","protected":false},"excerpt":{"rendered":"<p>Facultad de Ingenier\u00eda de la Universidad Nacional de Asunci\u00f3n (FIUNA), este lunes 10 de noviembre. La muestra se encuentra en el Hall de acceso a la FIUNA, abierta para todo p\u00fablico, todos los d\u00edas hasta el 14 de noviembre de 8h a 18h.<\/p>\n","protected":false},"author":1,"featured_media":11144,"comment_status":"open","ping_status":"open","sticky":false,"template":"","format":"standard","meta":{"_bbp_topic_count":0,"_bbp_reply_count":0,"_bbp_total_topic_count":0,"_bbp_total_reply_count":0,"_bbp_voice_count":0,"_bbp_anonymous_reply_count":0,"_bbp_topic_count_hidden":0,"_bbp_reply_count_hidden":0,"_bbp_forum_subforum_count":0,"advanced_seo_description":"","jetpack_seo_html_title":"","jetpack_seo_noindex":false,"jetpack_post_was_ever_published":false,"_jetpack_newsletter_access":"","_jetpack_dont_email_post_to_subs":false,"_jetpack_newsletter_tier_id":0,"_jetpack_memberships_contains_paywalled_content":false,"_jetpack_memberships_contains_paid_content":false,"footnotes":"","jetpack_publicize_message":"","jetpack_publicize_feature_enabled":true,"jetpack_social_post_already_shared":true,"jetpack_social_options":{"image_generator_settings":{"template":"highway","default_image_id":0,"font":"","enabled":false},"version":2}},"categories":[75],"tags":[147,487],"class_list":["post-11143","post","type-post","status-publish","format-standard","has-post-thumbnail","hentry","category-noticias","tag-alemania","tag-exposicion"],"jetpack_publicize_connections":[],"jetpack_featured_media_url":"https:\/\/www.ing.una.py\/FIUNA3\/wp-content\/uploads\/2014\/11\/IMG_1091.jpg","jetpack_shortlink":"https:\/\/wp.me\/pc8Odv-2TJ","jetpack_likes_enabled":true,"jetpack_sharing_enabled":true,"jetpack-related-posts":[],"_links":{"self":[{"href":"https:\/\/www.ing.una.py\/FIUNA3\/index.php?rest_route=\/wp\/v2\/posts\/11143","targetHints":{"allow":["GET"]}}],"collection":[{"href":"https:\/\/www.ing.una.py\/FIUNA3\/index.php?rest_route=\/wp\/v2\/posts"}],"about":[{"href":"https:\/\/www.ing.una.py\/FIUNA3\/index.php?rest_route=\/wp\/v2\/types\/post"}],"author":[{"embeddable":true,"href":"https:\/\/www.ing.una.py\/FIUNA3\/index.php?rest_route=\/wp\/v2\/users\/1"}],"replies":[{"embeddable":true,"href":"https:\/\/www.ing.una.py\/FIUNA3\/index.php?rest_route=%2Fwp%2Fv2%2Fcomments&post=11143"}],"version-history":[{"count":0,"href":"https:\/\/www.ing.una.py\/FIUNA3\/index.php?rest_route=\/wp\/v2\/posts\/11143\/revisions"}],"wp:featuredmedia":[{"embeddable":true,"href":"https:\/\/www.ing.una.py\/FIUNA3\/index.php?rest_route=\/wp\/v2\/media\/11144"}],"wp:attachment":[{"href":"https:\/\/www.ing.una.py\/FIUNA3\/index.php?rest_route=%2Fwp%2Fv2%2Fmedia&parent=11143"}],"wp:term":[{"taxonomy":"category","embeddable":true,"href":"https:\/\/www.ing.una.py\/FIUNA3\/index.php?rest_route=%2Fwp%2Fv2%2Fcategories&post=11143"},{"taxonomy":"post_tag","embeddable":true,"href":"https:\/\/www.ing.una.py\/FIUNA3\/index.php?rest_route=%2Fwp%2Fv2%2Ftags&post=11143"}],"curies":[{"name":"wp","href":"https:\/\/api.w.org\/{rel}","templated":true}]}}