{"id":14911,"date":"2015-09-05T15:39:39","date_gmt":"2015-09-05T15:39:39","guid":{"rendered":"http:\/\/www.ing.una.py\/?p=14911"},"modified":"2025-02-04T12:25:34","modified_gmt":"2025-02-04T15:25:34","slug":"distinguen-al-decano-de-la-fiuna-en-ayolas","status":"publish","type":"post","link":"https:\/\/www.ing.una.py\/FIUNA3\/?p=14911","title":{"rendered":"Distinguen al Decano de la FIUNA en Ayolas"},"content":{"rendered":"<p><![CDATA[Con un acto protocolar, que se efectu\u00f3 en el sal\u00f3n de eventos de la municipalidad de esta comunidad, se puso en marcha las diferentes actividades que formaran parte del homenaje al distrito de Ayolas por su pr\u00f3ximo aniversario.<!--more-->\nDel evento participaron el Gobernador del departamento de Misiones, Derlis Maidana (ANR), el Intendente Nelson Delvalle (ANR), concejales municipales, el Decano de la<strong> Facultad de Ingenier\u00eda de la Universidad Nacional de Asunci\u00f3n (FIUNA), Prof. Ing. Isacio Vallejos.<\/strong>\nTambi\u00e9n estuvieron presentes abanderados de las diferentes instituciones educativas, de los niveles de educaci\u00f3n inicial, media, b\u00e1sica y de las facultades que tienen sus sedes en esta ciudad.\nEn la oportunidad se entregaron distinciones al Gobernador Derlis Maidana, por el constante apoyo brindado al distrito. Tambi\u00e9n fue distinguido el Ing. Isacio Vallejos, por hacer posible que se habilite una sede de la FIUNA, en Ayolas.\nIgualmente se entreg\u00f3 distinci\u00f3n a Ignacio B\u00e1ez, por su larga y excelente trayectoria como dirigente deportivo. Finalmente fue homenajeado Fernando Silva que por su escaso recurso econ\u00f3micos no ten\u00eda la posibilidad de adquirir un arpa musical, creo su propio instrumento.\nA las 20:00, en el barrio San Jos\u00e9 M\u00ed, se realiz\u00f3 el \u201cEl Festival a lo Ym\u00e1\u201d, donde subieron al escenario artistas provenientes de los distritos de San Patricio, Santa Rosa, Santiago y San Juan Bautista.\nLas actividades, se extender\u00e1n hasta el 27 de setiembre, se\u00f1alan para ma\u00f1ana, s\u00e1bado 5, una interesante lista de actividades que comenzar\u00e1n a las 08:00 con \u201cLa 4\u00aa Prueba del campeonato nacional de picada de milla \u2018Homenaje a Fito Escobar\u2019\u201d.\nA las 19:00 con el \u201cFestival de la Danza\u201d que se realizar\u00e1 en el teatro de las Mil Viviendas, con la participaci\u00f3n de 10 grupos de ballet proveniente de Paraguar\u00ed, y los departamentos de Itapu\u00e1 y Misiones. El domingo, desde las 8:00 proseguir\u00e1 la 4ta. Prueba campeonato nacional de picada de milla \u201cHomenaje a Fito Escobar\u201d.\n<strong>Fuente:<\/strong> <a href=\"http:\/\/www.abc.com.py\/nacionales\/se-dio-inicio-a-los-festejos-fundacionales-de-ayolas-1404906.html\" target=\"_blank\" rel=\"noopener\">Diario ABC Color<\/a>]]>    \t<\/p>\n","protected":false},"excerpt":{"rendered":"","protected":false},"author":1,"featured_media":14912,"comment_status":"open","ping_status":"open","sticky":false,"template":"","format":"standard","meta":{"_bbp_topic_count":0,"_bbp_reply_count":0,"_bbp_total_topic_count":0,"_bbp_total_reply_count":0,"_bbp_voice_count":0,"_bbp_anonymous_reply_count":0,"_bbp_topic_count_hidden":0,"_bbp_reply_count_hidden":0,"_bbp_forum_subforum_count":0,"advanced_seo_description":"","jetpack_seo_html_title":"","jetpack_seo_noindex":false,"jetpack_post_was_ever_published":false,"_jetpack_newsletter_access":"","_jetpack_dont_email_post_to_subs":false,"_jetpack_newsletter_tier_id":0,"_jetpack_memberships_contains_paywalled_content":false,"_jetpack_memberships_contains_paid_content":false,"footnotes":"","jetpack_publicize_message":"Distinguen en un acto protocolar al Decano de la FIUNA","jetpack_publicize_feature_enabled":true,"jetpack_social_post_already_shared":true,"jetpack_social_options":{"image_generator_settings":{"template":"highway","default_image_id":0,"font":"","enabled":false},"version":2}},"categories":[887,491,75],"tags":[],"class_list":["post-14911","post","type-post","status-publish","format-standard","has-post-thumbnail","hentry","category-eventos","category-filial-ayolas","category-noticias"],"jetpack_publicize_connections":[],"jetpack_featured_media_url":"https:\/\/www.ing.una.py\/FIUNA3\/wp-content\/uploads\/2015\/09\/autoridades-presentes-durante-el-acto-protocolar-realizado-en-la-ciudad-de-ayolas-_764_573_1275409.jpg","jetpack_shortlink":"https:\/\/wp.me\/pc8Odv-3Sv","jetpack_likes_enabled":true,"jetpack_sharing_enabled":true,"jetpack-related-posts":[],"_links":{"self":[{"href":"https:\/\/www.ing.una.py\/FIUNA3\/index.php?rest_route=\/wp\/v2\/posts\/14911","targetHints":{"allow":["GET"]}}],"collection":[{"href":"https:\/\/www.ing.una.py\/FIUNA3\/index.php?rest_route=\/wp\/v2\/posts"}],"about":[{"href":"https:\/\/www.ing.una.py\/FIUNA3\/index.php?rest_route=\/wp\/v2\/types\/post"}],"author":[{"embeddable":true,"href":"https:\/\/www.ing.una.py\/FIUNA3\/index.php?rest_route=\/wp\/v2\/users\/1"}],"replies":[{"embeddable":true,"href":"https:\/\/www.ing.una.py\/FIUNA3\/index.php?rest_route=%2Fwp%2Fv2%2Fcomments&post=14911"}],"version-history":[{"count":1,"href":"https:\/\/www.ing.una.py\/FIUNA3\/index.php?rest_route=\/wp\/v2\/posts\/14911\/revisions"}],"predecessor-version":[{"id":75640,"href":"https:\/\/www.ing.una.py\/FIUNA3\/index.php?rest_route=\/wp\/v2\/posts\/14911\/revisions\/75640"}],"wp:featuredmedia":[{"embeddable":true,"href":"https:\/\/www.ing.una.py\/FIUNA3\/index.php?rest_route=\/wp\/v2\/media\/14912"}],"wp:attachment":[{"href":"https:\/\/www.ing.una.py\/FIUNA3\/index.php?rest_route=%2Fwp%2Fv2%2Fmedia&parent=14911"}],"wp:term":[{"taxonomy":"category","embeddable":true,"href":"https:\/\/www.ing.una.py\/FIUNA3\/index.php?rest_route=%2Fwp%2Fv2%2Fcategories&post=14911"},{"taxonomy":"post_tag","embeddable":true,"href":"https:\/\/www.ing.una.py\/FIUNA3\/index.php?rest_route=%2Fwp%2Fv2%2Ftags&post=14911"}],"curies":[{"name":"wp","href":"https:\/\/api.w.org\/{rel}","templated":true}]}}