{"id":15623,"date":"2015-10-30T12:36:45","date_gmt":"2015-10-30T12:36:45","guid":{"rendered":"http:\/\/www.ing.una.py\/?p=15623"},"modified":"2015-10-30T12:36:45","modified_gmt":"2015-10-30T12:36:45","slug":"proyeccion-de-cine-aleman-en-la-fiuna","status":"publish","type":"post","link":"https:\/\/www.ing.una.py\/FIUNA3\/?p=15623","title":{"rendered":"Proyecci\u00f3n de Cine Alem\u00e1n en la FIUNA"},"content":{"rendered":"<p><![CDATA[Este martes 3 de noviembre a las 18:00 se proyectar\u00e1 la pel\u00edcula alemana <em>El cielo dividido<\/em> (Der geteilte Himmel). Ser\u00e1 en el aula H2 de la <strong>Facultad de Ingenier\u00eda de la Universidad Nacional de Asunci\u00f3n (FIUNA)<\/strong>, en el marco de las actividades culturales de Extensi\u00f3n Universitaria que lleva adelante la instituci\u00f3n. Este evento es organizado por el Servicio Alem\u00e1n de Intercambio Acad\u00e9mico (DAAD).<!--more-->\nEl acceso ser\u00e1 libre y gratuito para todos los interesados y para los alumnos valdr\u00e1 cr\u00e9ditos de Extensi\u00f3n Universitaria.\nEl cielo dividido (Der geteilte Himmel) del director alem\u00e1n Konrad Wolf, fue rodada entre 1963 y 1964. El film tiene una duraci\u00f3n de 113 minutos.\nPara m\u00e1s informes sobre este evento contactar con la Direcci\u00f3n de Extensi\u00f3n Universitaria de la FIUNA al 021 585581\/4 int. 1570 o al correo electr\u00f3nico: <a href=\"mailto:extension@ing.una.py\" target=\"_blank\" rel=\"noopener\">extension@ing.una.py<\/a>.\n<a href=\"http:\/\/www.filmaffinity.com\/es\/film687406.html\"><img loading=\"lazy\" decoding=\"async\" data-attachment-id=\"15624\" data-permalink=\"https:\/\/www.ing.una.py\/FIUNA3\/?attachment_id=15624\" data-orig-file=\"https:\/\/www.ing.una.py\/FIUNA3\/wp-content\/uploads\/2015\/10\/cine-aleman-der_geteilte_himmel_2d-e1446208572214.jpg\" data-orig-size=\"566,800\" data-comments-opened=\"1\" data-image-meta=\"{&quot;aperture&quot;:&quot;0&quot;,&quot;credit&quot;:&quot;&quot;,&quot;camera&quot;:&quot;&quot;,&quot;caption&quot;:&quot;&quot;,&quot;created_timestamp&quot;:&quot;0&quot;,&quot;copyright&quot;:&quot;&quot;,&quot;focal_length&quot;:&quot;0&quot;,&quot;iso&quot;:&quot;0&quot;,&quot;shutter_speed&quot;:&quot;0&quot;,&quot;title&quot;:&quot;&quot;,&quot;orientation&quot;:&quot;0&quot;}\" data-image-title=\"cine-aleman-der_geteilte_himmel_2d\" data-image-description=\"&lt;p&gt;&lt;![CDATA[]]&gt;    \t&lt;\/p&gt;\n\" data-image-caption=\"\" data-large-file=\"https:\/\/www.ing.una.py\/FIUNA3\/wp-content\/uploads\/2015\/10\/cine-aleman-der_geteilte_himmel_2d-e1446208572214.jpg\" class=\"aligncenter wp-image-15624 size-large\" src=\"http:\/\/www.ing.una.py\/wp-content\/uploads\/2015\/10\/cine-aleman-der_geteilte_himmel_2d-425x600.jpg\" alt=\"cine-aleman-der_geteilte_himmel_2d\" width=\"425\" height=\"600\" \/><\/a>\n&nbsp;]]>    \t<\/p>\n","protected":false},"excerpt":{"rendered":"<p>El cielo dividido (Der geteilte Himmel). Ser\u00e1 en el aula H2 de la Facultad de Ingenier\u00eda de la Universidad Nacional de Asunci\u00f3n (FIUNA), en el marco de las actividades culturales de Extensi\u00f3n Universitaria que lleva adelante la instituci\u00f3n. Este evento es organizado por el Servicio Alem\u00e1n de Intercambio Acad\u00e9mico (DAAD).<\/p>\n","protected":false},"author":1,"featured_media":15624,"comment_status":"open","ping_status":"open","sticky":false,"template":"","format":"standard","meta":{"_bbp_topic_count":0,"_bbp_reply_count":0,"_bbp_total_topic_count":0,"_bbp_total_reply_count":0,"_bbp_voice_count":0,"_bbp_anonymous_reply_count":0,"_bbp_topic_count_hidden":0,"_bbp_reply_count_hidden":0,"_bbp_forum_subforum_count":0,"advanced_seo_description":"","jetpack_seo_html_title":"","jetpack_seo_noindex":false,"jetpack_post_was_ever_published":false,"_jetpack_newsletter_access":"","_jetpack_dont_email_post_to_subs":false,"_jetpack_newsletter_tier_id":0,"_jetpack_memberships_contains_paywalled_content":false,"_jetpack_memberships_contains_paid_content":false,"footnotes":"","jetpack_publicize_message":"Proyecci\u00f3n de Cine Alem\u00e1n en la FIUNA","jetpack_publicize_feature_enabled":true,"jetpack_social_post_already_shared":true,"jetpack_social_options":{"image_generator_settings":{"template":"highway","default_image_id":0,"font":"","enabled":false},"version":2}},"categories":[81,75],"tags":[353],"class_list":["post-15623","post","type-post","status-publish","format-standard","has-post-thumbnail","hentry","category-extension-universitaria","category-noticias","tag-cine"],"jetpack_publicize_connections":[],"jetpack_featured_media_url":"https:\/\/www.ing.una.py\/FIUNA3\/wp-content\/uploads\/2015\/10\/cine-aleman-der_geteilte_himmel_2d-e1446208572214.jpg","jetpack_shortlink":"https:\/\/wp.me\/pc8Odv-43Z","jetpack_likes_enabled":true,"jetpack_sharing_enabled":true,"jetpack-related-posts":[],"_links":{"self":[{"href":"https:\/\/www.ing.una.py\/FIUNA3\/index.php?rest_route=\/wp\/v2\/posts\/15623","targetHints":{"allow":["GET"]}}],"collection":[{"href":"https:\/\/www.ing.una.py\/FIUNA3\/index.php?rest_route=\/wp\/v2\/posts"}],"about":[{"href":"https:\/\/www.ing.una.py\/FIUNA3\/index.php?rest_route=\/wp\/v2\/types\/post"}],"author":[{"embeddable":true,"href":"https:\/\/www.ing.una.py\/FIUNA3\/index.php?rest_route=\/wp\/v2\/users\/1"}],"replies":[{"embeddable":true,"href":"https:\/\/www.ing.una.py\/FIUNA3\/index.php?rest_route=%2Fwp%2Fv2%2Fcomments&post=15623"}],"version-history":[{"count":0,"href":"https:\/\/www.ing.una.py\/FIUNA3\/index.php?rest_route=\/wp\/v2\/posts\/15623\/revisions"}],"wp:featuredmedia":[{"embeddable":true,"href":"https:\/\/www.ing.una.py\/FIUNA3\/index.php?rest_route=\/wp\/v2\/media\/15624"}],"wp:attachment":[{"href":"https:\/\/www.ing.una.py\/FIUNA3\/index.php?rest_route=%2Fwp%2Fv2%2Fmedia&parent=15623"}],"wp:term":[{"taxonomy":"category","embeddable":true,"href":"https:\/\/www.ing.una.py\/FIUNA3\/index.php?rest_route=%2Fwp%2Fv2%2Fcategories&post=15623"},{"taxonomy":"post_tag","embeddable":true,"href":"https:\/\/www.ing.una.py\/FIUNA3\/index.php?rest_route=%2Fwp%2Fv2%2Ftags&post=15623"}],"curies":[{"name":"wp","href":"https:\/\/api.w.org\/{rel}","templated":true}]}}