{"id":16289,"date":"2015-12-15T16:31:24","date_gmt":"2015-12-15T16:31:24","guid":{"rendered":"http:\/\/www.ing.una.py\/?p=16289"},"modified":"2024-08-27T13:38:34","modified_gmt":"2024-08-27T17:38:34","slug":"graduados-de-la-academia-de-idiomas-de-la-fiuna-recibieron-sus-certificados","status":"publish","type":"post","link":"https:\/\/www.ing.una.py\/FIUNA3\/?p=16289","title":{"rendered":"Graduados de la Academia de Idiomas de la FIUNA recibieron sus certificados"},"content":{"rendered":"<p><![CDATA[Un total de 21\u00a0 j\u00f3venes terminaron exitosamente sus estudios del idioma Ingles en la <strong>Academia de Idiomas de la\u00a0Facultad de Ingenier\u00eda de la Universidad Nacional de Asunci\u00f3n (FIUNA)<\/strong>, \u00a0y se graduaron este martes 15 de noviembre con la Promoci\u00f3n\u00a0<em>\u201cSesquicentenario de la Epopeya Nacional 1864-1870 Maestro Ferm\u00edn L\u00f3pez, una Lecci\u00f3n para la Paz<\/em>\u201d.\u00a0El acto de graduaci\u00f3n se llev\u00f3 a cabo en el sal\u00f3n auditorio Prof. Ing. Enzo Debernardi de la instituci\u00f3n.<!--more-->\nDe dicho acto participaron las autoridades de la FIUNA \u00a0y de la Academia de Idiomas, as\u00ed como representantes del Instituto de Idiomas del Ministerio de Defensa Nacional. Cabe destacar que los cursos de idioma ingles impartidos en la Academia de la FIUNA \u00a0se realizan con el apoyo del Instituto de Idiomas del Ministerio de Defensa Nacional, gracias a un convenio de cooperaci\u00f3n firmado entre el Ministerio y la UNA.\nEn tal sentido durante el acto de graduaci\u00f3n el Decano de la\u00a0 FIUNA, Prof. Ing. Cirilo Hern\u00e1ez agradeci\u00f3 a las autoridades de Ministerio de Defensa Nacional por haber confiado en la Facultad de Ingenier\u00eda y darle la oportunidad de impartir el curso de ingles, que es una marca registrada del Ministerio de Defensa. <em>\u201cQue podamos ofrecer ese servicio ac\u00e1 en la Facultad es un gran honor para nosotros\u201d<\/em> asegur\u00f3 al tiempo de reiterar sus agradecimientos.\nFinalmente felicit\u00f3 a los egresados y les indic\u00f3 que las puertas de la Facultad de Ingenier\u00eda siempre estar\u00e1n abiertas para que se puedan desarrollar proyectos y actividades ya sean desde la Direcci\u00f3n de Extensi\u00f3n o desde otras dependencias de la instituci\u00f3n.\nA su turno la mejor egresada de la promoci\u00f3n, Rosa Gabriela Wenninger, tambi\u00e9n expres\u00f3 su gratitud hacia todos aquellos que han contribuido \u00a0y han estado a sus lados apoy\u00e1ndoles en el largo camino del aprendizaje. Se\u00f1al\u00f3 que como todo estudio, este curso implic\u00f3 mucho sacrificio, pero el hecho de haber terminado, significa un gran logro y mucha felicidad en este d\u00eda.\n\n\n<h3>El listado completo de los egresados es el siguiente:<\/h3>\n\n\n\n\n<div class=\"marco\">\n\n\n<table>\n\n\n<tbody>\n\n\n<tr>\n\n\n<td style=\"text-align: center;\"><strong>Orden<\/strong><\/td>\n\n\n\n\n<td style=\"text-align: center;\"><strong>Apellidos<\/strong><\/td>\n\n\n\n\n<td style=\"text-align: center;\"><strong>Nombres<\/strong><\/td>\n\n\n<\/tr>\n\n\n\n\n<tr bgcolor=\"f5f5f5\">\n\n\n<td><strong>1<\/strong><\/td>\n\n\n\n\n<td>Bagnoli Cazuriaga<\/td>\n\n\n\n\n<td>Paolo Gabriel<\/td>\n\n\n<\/tr>\n\n\n\n\n<tr>\n\n\n<td><strong>2<\/strong><\/td>\n\n\n\n\n<td>Ben\u00edtez<\/td>\n\n\n\n\n<td>Mat\u00edas Dami\u00e1n<\/td>\n\n\n<\/tr>\n\n\n\n\n<tr bgcolor=\"f5f5f5\">\n\n\n<td><strong>3<\/strong><\/td>\n\n\n\n\n<td>Brignardello<\/td>\n\n\n\n\n<td>Edward<\/td>\n\n\n<\/tr>\n\n\n\n\n<tr>\n\n\n<td><strong>4<\/strong><\/td>\n\n\n\n\n<td>Centuri\u00f3n Villalba<\/td>\n\n\n\n\n<td>Aram\u00ed Mar\u00eda<\/td>\n\n\n<\/tr>\n\n\n\n\n<tr bgcolor=\"f5f5f5\">\n\n\n<td><strong>5<\/strong><\/td>\n\n\n\n\n<td>Correa Mosqueira<\/td>\n\n\n\n\n<td>Marina Victoria<\/td>\n\n\n<\/tr>\n\n\n\n\n<tr>\n\n\n<td><strong>6<\/strong><\/td>\n\n\n\n\n<td>Cruz Noguera<\/td>\n\n\n\n\n<td>Brenda<\/td>\n\n\n<\/tr>\n\n\n\n\n<tr bgcolor=\"f5f5f5\">\n\n\n<td><strong>7<\/strong><\/td>\n\n\n\n\n<td>Duarte G\u00f3mez<\/td>\n\n\n\n\n<td>Paulo Cesar<\/td>\n\n\n<\/tr>\n\n\n\n\n<tr>\n\n\n<td><strong>8<\/strong><\/td>\n\n\n\n\n<td>Echague P\u00e9rez<\/td>\n\n\n\n\n<td>Gary Orlando<\/td>\n\n\n<\/tr>\n\n\n\n\n<tr bgcolor=\"f5f5f5\">\n\n\n<td><strong>9<\/strong><\/td>\n\n\n\n\n<td>Frutos<\/td>\n\n\n\n\n<td>Santiago<\/td>\n\n\n<\/tr>\n\n\n\n\n<tr>\n\n\n<td><strong>10<\/strong><\/td>\n\n\n\n\n<td>Galeano<\/td>\n\n\n\n\n<td>Vanessa Anah\u00ed<\/td>\n\n\n<\/tr>\n\n\n\n\n<tr bgcolor=\"f5f5f5\">\n\n\n<td><strong>11<\/strong><\/td>\n\n\n\n\n<td>Mart\u00ednez Cabrera<\/td>\n\n\n\n\n<td>Marcos David<\/td>\n\n\n<\/tr>\n\n\n\n\n<tr>\n\n\n<td><strong>12<\/strong><\/td>\n\n\n\n\n<td>Miranda Rojas<\/td>\n\n\n\n\n<td>Ricardo El\u00edas<\/td>\n\n\n<\/tr>\n\n\n\n\n<tr bgcolor=\"f5f5f5\">\n\n\n<td><strong>13<\/strong><\/td>\n\n\n\n\n<td>Molinas \u00c1valos<\/td>\n\n\n\n\n<td>\u00darsula Isabel<\/td>\n\n\n<\/tr>\n\n\n\n\n<tr>\n\n\n<td><strong>14<\/strong><\/td>\n\n\n\n\n<td>Molinas Valiente<\/td>\n\n\n\n\n<td>Luz Mar\u00eda<\/td>\n\n\n<\/tr>\n\n\n\n\n<tr bgcolor=\"f5f5f5\">\n\n\n<td><strong>15<\/strong><\/td>\n\n\n\n\n<td>N\u00fa\u00f1ez Zymanseki<\/td>\n\n\n\n\n<td>Hugo Fulvio<\/td>\n\n\n<\/tr>\n\n\n\n\n<tr>\n\n\n<td><strong>16<\/strong><\/td>\n\n\n\n\n<td>Ortiz Zarate<\/td>\n\n\n\n\n<td>Valeria In\u00e9s<\/td>\n\n\n<\/tr>\n\n\n\n\n<tr bgcolor=\"f5f5f5\">\n\n\n<td><strong>17<\/strong><\/td>\n\n\n\n\n<td>Peralta Bogar\u00edn<\/td>\n\n\n\n\n<td>Lucas Mart\u00edn<\/td>\n\n\n<\/tr>\n\n\n\n\n<tr>\n\n\n<td><strong>18<\/strong><\/td>\n\n\n\n\n<td>Samudio Smitmans<\/td>\n\n\n\n\n<td>Horacio Henrique<\/td>\n\n\n<\/tr>\n\n\n\n\n<tr bgcolor=\"f5f5f5\">\n\n\n<td><strong>19<\/strong><\/td>\n\n\n\n\n<td>Sanchez Domecq<\/td>\n\n\n\n\n<td>Mar\u00eda Liliana<\/td>\n\n\n<\/tr>\n\n\n\n\n<tr>\n\n\n<td><strong>20<\/strong><\/td>\n\n\n\n\n<td>Wenninger Irala<\/td>\n\n\n\n\n<td>Rosa Gabriela<\/td>\n\n\n<\/tr>\n\n\n\n\n<tr bgcolor=\"f5f5f5\">\n\n\n<td><strong>21<\/strong><\/td>\n\n\n\n\n<td>Wenninger Irala<\/td>\n\n\n\n\n<td>Sandra Valeria<\/td>\n\n\n<\/tr>\n\n\n<\/tbody>\n\n\n<\/table>\n\n\n<\/div>\n\n\n[gallery type=\"rectangular\" link=\"file\" ids=\"16292,16293,16291,16294\"]]]>    \t<\/p>\n","protected":false},"excerpt":{"rendered":"<p>Academia de Idiomas de la\u00a0Facultad de Ingenier\u00eda de la Universidad Nacional de Asunci\u00f3n (FIUNA), \u00a0y se graduaron este martes 15 de noviembre con la Promoci\u00f3n\u00a0\u201cSesquicentenario de la Epopeya Nacional 1864-1870 Maestro Ferm\u00edn L\u00f3pez, una Lecci\u00f3n para la Paz\u201d.\u00a0El acto de graduaci\u00f3n se llev\u00f3 a cabo en el sal\u00f3n auditorio Prof. Ing. Enzo Debernardi de la instituci\u00f3n.<\/p>\n","protected":false},"author":1,"featured_media":16296,"comment_status":"open","ping_status":"open","sticky":false,"template":"","format":"standard","meta":{"_bbp_topic_count":0,"_bbp_reply_count":0,"_bbp_total_topic_count":0,"_bbp_total_reply_count":0,"_bbp_voice_count":0,"_bbp_anonymous_reply_count":0,"_bbp_topic_count_hidden":0,"_bbp_reply_count_hidden":0,"_bbp_forum_subforum_count":0,"advanced_seo_description":"","jetpack_seo_html_title":"","jetpack_seo_noindex":false,"jetpack_post_was_ever_published":false,"_jetpack_newsletter_access":"","_jetpack_dont_email_post_to_subs":false,"_jetpack_newsletter_tier_id":0,"_jetpack_memberships_contains_paywalled_content":false,"_jetpack_memberships_contains_paid_content":false,"footnotes":"","jetpack_publicize_message":"Graduados de la Academia de Idiomas de la FIUNA recibieron sus certificados","jetpack_publicize_feature_enabled":true,"jetpack_social_post_already_shared":true,"jetpack_social_options":{"image_generator_settings":{"template":"highway","default_image_id":0,"font":"","enabled":false},"version":2}},"categories":[832,887,81,75],"tags":[550,309],"class_list":["post-16289","post","type-post","status-publish","format-standard","has-post-thumbnail","hentry","category-academia-de-idiomas","category-eventos","category-extension-universitaria","category-noticias","tag-extension","tag-ingles"],"jetpack_publicize_connections":[],"jetpack_featured_media_url":"https:\/\/www.ing.una.py\/FIUNA3\/wp-content\/uploads\/2015\/12\/IMG_0708.jpg","jetpack_shortlink":"https:\/\/wp.me\/pc8Odv-4eJ","jetpack_likes_enabled":true,"jetpack_sharing_enabled":true,"jetpack-related-posts":[],"_links":{"self":[{"href":"https:\/\/www.ing.una.py\/FIUNA3\/index.php?rest_route=\/wp\/v2\/posts\/16289","targetHints":{"allow":["GET"]}}],"collection":[{"href":"https:\/\/www.ing.una.py\/FIUNA3\/index.php?rest_route=\/wp\/v2\/posts"}],"about":[{"href":"https:\/\/www.ing.una.py\/FIUNA3\/index.php?rest_route=\/wp\/v2\/types\/post"}],"author":[{"embeddable":true,"href":"https:\/\/www.ing.una.py\/FIUNA3\/index.php?rest_route=\/wp\/v2\/users\/1"}],"replies":[{"embeddable":true,"href":"https:\/\/www.ing.una.py\/FIUNA3\/index.php?rest_route=%2Fwp%2Fv2%2Fcomments&post=16289"}],"version-history":[{"count":1,"href":"https:\/\/www.ing.una.py\/FIUNA3\/index.php?rest_route=\/wp\/v2\/posts\/16289\/revisions"}],"predecessor-version":[{"id":67442,"href":"https:\/\/www.ing.una.py\/FIUNA3\/index.php?rest_route=\/wp\/v2\/posts\/16289\/revisions\/67442"}],"wp:featuredmedia":[{"embeddable":true,"href":"https:\/\/www.ing.una.py\/FIUNA3\/index.php?rest_route=\/wp\/v2\/media\/16296"}],"wp:attachment":[{"href":"https:\/\/www.ing.una.py\/FIUNA3\/index.php?rest_route=%2Fwp%2Fv2%2Fmedia&parent=16289"}],"wp:term":[{"taxonomy":"category","embeddable":true,"href":"https:\/\/www.ing.una.py\/FIUNA3\/index.php?rest_route=%2Fwp%2Fv2%2Fcategories&post=16289"},{"taxonomy":"post_tag","embeddable":true,"href":"https:\/\/www.ing.una.py\/FIUNA3\/index.php?rest_route=%2Fwp%2Fv2%2Ftags&post=16289"}],"curies":[{"name":"wp","href":"https:\/\/api.w.org\/{rel}","templated":true}]}}