{"id":16315,"date":"2015-12-16T16:36:28","date_gmt":"2015-12-16T16:36:28","guid":{"rendered":"http:\/\/www.ing.una.py\/?p=16315"},"modified":"2024-08-27T13:38:29","modified_gmt":"2024-08-27T17:38:29","slug":"acto-de-graduacion-academica-de-bachilleres-egresados-del-ipt","status":"publish","type":"post","link":"https:\/\/www.ing.una.py\/FIUNA3\/?p=16315","title":{"rendered":"Acto de Graduaci\u00f3n Acad\u00e9mica de Bachilleres egresados del IPT"},"content":{"rendered":"<p><![CDATA[Este jueves 17 de diciembre del corriente se realizar\u00e1 la ceremonia de graduaci\u00f3n de los egresados del <strong>Instituto Paraguayo de Telecomunicaciones (IPT)<\/strong> promoci\u00f3n\u00a0<em>\u201cSesquicentenario de la Epopeya Nacional 1864-1870 Maestro Ferm\u00edn L\u00f3pez, una Lecci\u00f3n para la Paz\u201d.<\/em>\u00a0El evento ser\u00e1 a las 09:00 en el Centro de Convenciones de la Universidad Nacional de Asunci\u00f3n.<!--more-->\nDel IPT, dependiente de la Facultad de Ingenier\u00eda de la Universidad Nacional de Asunci\u00f3n (FIUNA), egresan este a\u00f1o un total de 78 Bachilleres T\u00e9cnicos Industriales, \u00a0de los cuales 45 son de la especialidad Electr\u00f3nica; 28 de la especialidad Construcciones Civiles y 6 de la especialidad Mec\u00e1nica General.\nEn este evento se prev\u00e9 la presencia de autoridades de la Universidad Nacional de Asunci\u00f3n, del Ministerio de Educaci\u00f3n y Cultura, de la FIUNA y los familiares y amigos de los egresados.\n[caption id=\"attachment_16318\" align=\"aligncenter\" width=\"600\"]<img loading=\"lazy\" decoding=\"async\" data-attachment-id=\"16318\" data-permalink=\"https:\/\/www.ing.una.py\/FIUNA3\/?attachment_id=16318\" data-orig-file=\"https:\/\/www.ing.una.py\/FIUNA3\/wp-content\/uploads\/2015\/12\/IPT-clausura2015.jpg\" data-orig-size=\"700,763\" data-comments-opened=\"1\" data-image-meta=\"{&quot;aperture&quot;:&quot;0&quot;,&quot;credit&quot;:&quot;&quot;,&quot;camera&quot;:&quot;&quot;,&quot;caption&quot;:&quot;&quot;,&quot;created_timestamp&quot;:&quot;0&quot;,&quot;copyright&quot;:&quot;&quot;,&quot;focal_length&quot;:&quot;0&quot;,&quot;iso&quot;:&quot;0&quot;,&quot;shutter_speed&quot;:&quot;0&quot;,&quot;title&quot;:&quot;&quot;,&quot;orientation&quot;:&quot;0&quot;}\" data-image-title=\"IPT-clausura2015\" data-image-description=\"&lt;p&gt;&lt;![CDATA[]]&gt;    \t&lt;\/p&gt;\n\" data-image-caption=\"\" data-large-file=\"https:\/\/www.ing.una.py\/FIUNA3\/wp-content\/uploads\/2015\/12\/IPT-clausura2015.jpg\" class=\"wp-image-16318\" src=\"http:\/\/www.ing.una.py\/wp-content\/uploads\/2015\/12\/IPT-clausura2015-550x600.jpg\" alt=\"IPT-clausura2015\" width=\"600\" height=\"654\" \/> Acto de Graduaci\u00f3n Acad\u00e9mica de Bachilleres egresados del IPT[\/caption]\n&nbsp;\n&nbsp;]]>    \t<\/p>\n","protected":false},"excerpt":{"rendered":"<p>Instituto Paraguayo de Telecomunicaciones (IPT) promoci\u00f3n\u00a0\u201cSesquicentenario de la Epopeya Nacional 1864-1870 Maestro Ferm\u00edn L\u00f3pez, una Lecci\u00f3n para la Paz\u201d.\u00a0El evento ser\u00e1 a las 09:00 en el Centro de Convenciones de la Universidad Nacional de Asunci\u00f3n.<\/p>\n","protected":false},"author":1,"featured_media":13485,"comment_status":"open","ping_status":"open","sticky":false,"template":"","format":"standard","meta":{"_bbp_topic_count":0,"_bbp_reply_count":0,"_bbp_total_topic_count":0,"_bbp_total_reply_count":0,"_bbp_voice_count":0,"_bbp_anonymous_reply_count":0,"_bbp_topic_count_hidden":0,"_bbp_reply_count_hidden":0,"_bbp_forum_subforum_count":0,"advanced_seo_description":"","jetpack_seo_html_title":"","jetpack_seo_noindex":false,"jetpack_post_was_ever_published":false,"_jetpack_newsletter_access":"","_jetpack_dont_email_post_to_subs":false,"_jetpack_newsletter_tier_id":0,"_jetpack_memberships_contains_paywalled_content":false,"_jetpack_memberships_contains_paid_content":false,"footnotes":"","jetpack_publicize_message":"Acto de Graduaci\u00f3n Acad\u00e9mica de Bachilleres egresados del IPT","jetpack_publicize_feature_enabled":true,"jetpack_social_post_already_shared":true,"jetpack_social_options":{"image_generator_settings":{"template":"highway","default_image_id":0,"font":"","enabled":false},"version":2}},"categories":[887,75,98],"tags":[139,173],"class_list":["post-16315","post","type-post","status-publish","format-standard","has-post-thumbnail","hentry","category-eventos","category-noticias","category-ipt","tag-acto-de-graduacion","tag-graduacion"],"jetpack_publicize_connections":[],"jetpack_featured_media_url":"https:\/\/www.ing.una.py\/FIUNA3\/wp-content\/uploads\/2015\/05\/new-e1432740002852.jpg","jetpack_shortlink":"https:\/\/wp.me\/pc8Odv-4f9","jetpack_likes_enabled":true,"jetpack_sharing_enabled":true,"jetpack-related-posts":[],"_links":{"self":[{"href":"https:\/\/www.ing.una.py\/FIUNA3\/index.php?rest_route=\/wp\/v2\/posts\/16315","targetHints":{"allow":["GET"]}}],"collection":[{"href":"https:\/\/www.ing.una.py\/FIUNA3\/index.php?rest_route=\/wp\/v2\/posts"}],"about":[{"href":"https:\/\/www.ing.una.py\/FIUNA3\/index.php?rest_route=\/wp\/v2\/types\/post"}],"author":[{"embeddable":true,"href":"https:\/\/www.ing.una.py\/FIUNA3\/index.php?rest_route=\/wp\/v2\/users\/1"}],"replies":[{"embeddable":true,"href":"https:\/\/www.ing.una.py\/FIUNA3\/index.php?rest_route=%2Fwp%2Fv2%2Fcomments&post=16315"}],"version-history":[{"count":1,"href":"https:\/\/www.ing.una.py\/FIUNA3\/index.php?rest_route=\/wp\/v2\/posts\/16315\/revisions"}],"predecessor-version":[{"id":67413,"href":"https:\/\/www.ing.una.py\/FIUNA3\/index.php?rest_route=\/wp\/v2\/posts\/16315\/revisions\/67413"}],"wp:featuredmedia":[{"embeddable":true,"href":"https:\/\/www.ing.una.py\/FIUNA3\/index.php?rest_route=\/wp\/v2\/media\/13485"}],"wp:attachment":[{"href":"https:\/\/www.ing.una.py\/FIUNA3\/index.php?rest_route=%2Fwp%2Fv2%2Fmedia&parent=16315"}],"wp:term":[{"taxonomy":"category","embeddable":true,"href":"https:\/\/www.ing.una.py\/FIUNA3\/index.php?rest_route=%2Fwp%2Fv2%2Fcategories&post=16315"},{"taxonomy":"post_tag","embeddable":true,"href":"https:\/\/www.ing.una.py\/FIUNA3\/index.php?rest_route=%2Fwp%2Fv2%2Ftags&post=16315"}],"curies":[{"name":"wp","href":"https:\/\/api.w.org\/{rel}","templated":true}]}}