{"id":17621,"date":"2016-03-10T17:34:37","date_gmt":"2016-03-10T17:34:37","guid":{"rendered":"http:\/\/www.ing.una.py\/?p=17621"},"modified":"2024-12-04T14:59:17","modified_gmt":"2024-12-04T17:59:17","slug":"problemas-de-ande-en-charla-de-fiuna","status":"publish","type":"post","link":"https:\/\/www.ing.una.py\/FIUNA3\/?p=17621","title":{"rendered":"Problemas de ANDE en charla de FIUNA"},"content":{"rendered":"<p><![CDATA[La ANDE tropieza hoy con problemas t\u00e9cnicos, con una falta de gesti\u00f3n y transparencia, as\u00ed como con una inadecuada comunicaci\u00f3n con sus clientes, apunt\u00f3 el ingeniero Juan Encina, secretario de la AISEP (Asociaci\u00f3n de Ingenieros del Sector El\u00e9ctrico Paraguayo) y presidente del Consejo Cono Sur de la IEEE (Instituto de Ingenieros El\u00e9ctricos y Electr\u00f3nicos), en una conferencia que dict\u00f3 en la noche del martes \u00faltimo en la <strong>Facultad de Ingenier\u00eda de la Universidad Nacional de Asunci\u00f3n<\/strong> sobre la actual situaci\u00f3n del sector el\u00e9ctrico de nuestro pa\u00eds.\n<!--more-->\n\n\n<blockquote>El diagn\u00f3stico incorpora igualmente debilidades de car\u00e1cter institucional y un flanco muy permeable a las presiones externas, agreg\u00f3.<\/blockquote>\n\n\nLa charla fue organizada como una actividad de extensi\u00f3n universitaria, con el apoyo del Departamento de Electricidad de facultad.\nEn lo atinente a las presiones externas que sufre la empresa, la ANDE, dijo que provienen de pol\u00edticos y de proveedores, as\u00ed como de grupos de poder.\nEn cuanto a la transparencia, denunci\u00f3 que hubo un aumento solapado de sus tarifas, procesos licitatorios desiertos, etc.\nA\u00f1adi\u00f3 que en el caso de los incendios que afectaron a las subestaciones de San Lorenzo y Lambar\u00e9, en solo seis meses, las posibles causas deben apuntarse tambi\u00e9n en la columna que se titula \u201cproblemas de transparencia\u201d.\nEncina anot\u00f3, asimismo, las reiteradas ca\u00eddas de las torres de ANDE en \u00d1eembuc\u00fa, as\u00ed como de la l\u00ednea de 220 kV, Villa Hayes-Sajonia y la deuda.\nA la hora de las conclusiones, insisti\u00f3 en que el sector el\u00e9ctrico es estrat\u00e9gico para el Paraguay, por lo que es urgente que haya una pol\u00edtica energ\u00e9tica de largo plazo y que todos la conozcan.\n<strong>Publicado<\/strong>\u00a0<a href=\"http:\/\/www.abc.com.py\/edicion-impresa\/economia\/problemas-de-ande-en-charla-de-fiuna-1460437.html\" target=\"_blank\" rel=\"noopener\">Diario ABC Color Digital<\/a>\n[gallery type=\"rectangular\" size=\"medium\" ids=\"17624,17623\"]\n&nbsp;]]>    \t<\/p>\n","protected":false},"excerpt":{"rendered":"<p>Facultad de Ingenier\u00eda de la Universidad Nacional de Asunci\u00f3n sobre la actual situaci\u00f3n del sector el\u00e9ctrico de nuestro pa\u00eds.<\/p>\n","protected":false},"author":1,"featured_media":17622,"comment_status":"open","ping_status":"open","sticky":false,"template":"","format":"standard","meta":{"_bbp_topic_count":0,"_bbp_reply_count":0,"_bbp_total_topic_count":0,"_bbp_total_reply_count":0,"_bbp_voice_count":0,"_bbp_anonymous_reply_count":0,"_bbp_topic_count_hidden":0,"_bbp_reply_count_hidden":0,"_bbp_forum_subforum_count":0,"advanced_seo_description":"","jetpack_seo_html_title":"","jetpack_seo_noindex":false,"jetpack_post_was_ever_published":false,"_jetpack_newsletter_access":"","_jetpack_dont_email_post_to_subs":false,"_jetpack_newsletter_tier_id":0,"_jetpack_memberships_contains_paywalled_content":false,"_jetpack_memberships_contains_paid_content":false,"footnotes":"","jetpack_publicize_message":"Problemas de ANDE en charla de FIUNA","jetpack_publicize_feature_enabled":true,"jetpack_social_post_already_shared":true,"jetpack_social_options":{"image_generator_settings":{"template":"highway","default_image_id":0,"font":"","enabled":false},"version":2}},"categories":[90,887,81],"tags":[531,80,550,172],"class_list":["post-17621","post","type-post","status-publish","format-standard","has-post-thumbnail","hentry","category-conferencia-magistral","category-eventos","category-extension-universitaria","tag-ande","tag-departamento-de-electricidad","tag-extension","tag-ieee"],"jetpack_publicize_connections":[],"jetpack_featured_media_url":"https:\/\/www.ing.una.py\/FIUNA3\/wp-content\/uploads\/2016\/03\/Conferencia-sobre-situaci\u00f3n-de-la-ANDE-2.jpg","jetpack_shortlink":"https:\/\/wp.me\/pc8Odv-4Ad","jetpack_likes_enabled":true,"jetpack_sharing_enabled":true,"jetpack-related-posts":[],"_links":{"self":[{"href":"https:\/\/www.ing.una.py\/FIUNA3\/index.php?rest_route=\/wp\/v2\/posts\/17621","targetHints":{"allow":["GET"]}}],"collection":[{"href":"https:\/\/www.ing.una.py\/FIUNA3\/index.php?rest_route=\/wp\/v2\/posts"}],"about":[{"href":"https:\/\/www.ing.una.py\/FIUNA3\/index.php?rest_route=\/wp\/v2\/types\/post"}],"author":[{"embeddable":true,"href":"https:\/\/www.ing.una.py\/FIUNA3\/index.php?rest_route=\/wp\/v2\/users\/1"}],"replies":[{"embeddable":true,"href":"https:\/\/www.ing.una.py\/FIUNA3\/index.php?rest_route=%2Fwp%2Fv2%2Fcomments&post=17621"}],"version-history":[{"count":1,"href":"https:\/\/www.ing.una.py\/FIUNA3\/index.php?rest_route=\/wp\/v2\/posts\/17621\/revisions"}],"predecessor-version":[{"id":71355,"href":"https:\/\/www.ing.una.py\/FIUNA3\/index.php?rest_route=\/wp\/v2\/posts\/17621\/revisions\/71355"}],"wp:featuredmedia":[{"embeddable":true,"href":"https:\/\/www.ing.una.py\/FIUNA3\/index.php?rest_route=\/wp\/v2\/media\/17622"}],"wp:attachment":[{"href":"https:\/\/www.ing.una.py\/FIUNA3\/index.php?rest_route=%2Fwp%2Fv2%2Fmedia&parent=17621"}],"wp:term":[{"taxonomy":"category","embeddable":true,"href":"https:\/\/www.ing.una.py\/FIUNA3\/index.php?rest_route=%2Fwp%2Fv2%2Fcategories&post=17621"},{"taxonomy":"post_tag","embeddable":true,"href":"https:\/\/www.ing.una.py\/FIUNA3\/index.php?rest_route=%2Fwp%2Fv2%2Ftags&post=17621"}],"curies":[{"name":"wp","href":"https:\/\/api.w.org\/{rel}","templated":true}]}}