{"id":20166,"date":"2016-08-25T09:13:45","date_gmt":"2016-08-25T13:13:45","guid":{"rendered":"http:\/\/www.ing.una.py\/?p=20166"},"modified":"2016-08-25T09:13:45","modified_gmt":"2016-08-25T13:13:45","slug":"guarani-nee-ara-dia-del-idioma-guarani","status":"publish","type":"post","link":"https:\/\/www.ing.una.py\/FIUNA3\/?p=20166","title":{"rendered":"Guarani \u00d1e\u2019\u00ea \u00c1ra &#8211; D\u00eda del Idioma Guaran\u00ed"},"content":{"rendered":"<p><![CDATA[El 25 de agosto de cada a\u00f1o se recuerda el D\u00eda del Idioma Guaran\u00ed, ya que el 25 de agosto de 1967 se promulg\u00f3 la Constituci\u00f3n Nacional, que por primera vez otorg\u00f3 rango jur\u00eddico al guaran\u00ed al reconocerle como Lengua Nacional.\nCon esa constituci\u00f3n promulgada se dio libertad de expresi\u00f3n a la gente com\u00fan que sent\u00eda la necesidad de hablarlo libremente; sin la consabida preocupaci\u00f3n de ser discriminado por tal acto.<!--more-->\nEn efecto, en el a\u00f1o 1992 la Convenci\u00f3n Nacional Constituyente resuelve incluir la disposici\u00f3n en la Constituci\u00f3n Nacional por la cual se declara al guaran\u00ed como idioma oficial de la Rep\u00fablica del Paraguay junto con el castellano (Art. 140\u00ba), y se dispuso la obligatoriedad de la ense\u00f1anza en lengua materna del educando y de instruirse asimismo en el conocimiento y el empleo de ambas lenguas oficiales de la Rep\u00fablica (Art. 77\u00ba).]]>    \t<\/p>\n","protected":false},"excerpt":{"rendered":"","protected":false},"author":2,"featured_media":20167,"comment_status":"open","ping_status":"open","sticky":false,"template":"","format":"standard","meta":{"_bbp_topic_count":0,"_bbp_reply_count":0,"_bbp_total_topic_count":0,"_bbp_total_reply_count":0,"_bbp_voice_count":0,"_bbp_anonymous_reply_count":0,"_bbp_topic_count_hidden":0,"_bbp_reply_count_hidden":0,"_bbp_forum_subforum_count":0,"advanced_seo_description":"","jetpack_seo_html_title":"","jetpack_seo_noindex":false,"jetpack_post_was_ever_published":false,"_jetpack_newsletter_access":"","_jetpack_dont_email_post_to_subs":false,"_jetpack_newsletter_tier_id":0,"_jetpack_memberships_contains_paywalled_content":false,"_jetpack_memberships_contains_paid_content":false,"footnotes":"","jetpack_publicize_message":"","jetpack_publicize_feature_enabled":true,"jetpack_social_post_already_shared":false,"jetpack_social_options":{"image_generator_settings":{"template":"highway","default_image_id":0,"font":"","enabled":false},"version":2}},"categories":[75],"tags":[],"class_list":["post-20166","post","type-post","status-publish","format-standard","has-post-thumbnail","hentry","category-noticias"],"jetpack_publicize_connections":[],"jetpack_featured_media_url":"https:\/\/www.ing.una.py\/FIUNA3\/wp-content\/uploads\/2016\/08\/semana-la-lengua-guarani-busca-el-uso-del-idioma-todo-paraguay.jpg","jetpack_shortlink":"https:\/\/wp.me\/pc8Odv-5fg","jetpack_likes_enabled":true,"jetpack_sharing_enabled":true,"jetpack-related-posts":[],"_links":{"self":[{"href":"https:\/\/www.ing.una.py\/FIUNA3\/index.php?rest_route=\/wp\/v2\/posts\/20166","targetHints":{"allow":["GET"]}}],"collection":[{"href":"https:\/\/www.ing.una.py\/FIUNA3\/index.php?rest_route=\/wp\/v2\/posts"}],"about":[{"href":"https:\/\/www.ing.una.py\/FIUNA3\/index.php?rest_route=\/wp\/v2\/types\/post"}],"author":[{"embeddable":true,"href":"https:\/\/www.ing.una.py\/FIUNA3\/index.php?rest_route=\/wp\/v2\/users\/2"}],"replies":[{"embeddable":true,"href":"https:\/\/www.ing.una.py\/FIUNA3\/index.php?rest_route=%2Fwp%2Fv2%2Fcomments&post=20166"}],"version-history":[{"count":0,"href":"https:\/\/www.ing.una.py\/FIUNA3\/index.php?rest_route=\/wp\/v2\/posts\/20166\/revisions"}],"wp:featuredmedia":[{"embeddable":true,"href":"https:\/\/www.ing.una.py\/FIUNA3\/index.php?rest_route=\/wp\/v2\/media\/20167"}],"wp:attachment":[{"href":"https:\/\/www.ing.una.py\/FIUNA3\/index.php?rest_route=%2Fwp%2Fv2%2Fmedia&parent=20166"}],"wp:term":[{"taxonomy":"category","embeddable":true,"href":"https:\/\/www.ing.una.py\/FIUNA3\/index.php?rest_route=%2Fwp%2Fv2%2Fcategories&post=20166"},{"taxonomy":"post_tag","embeddable":true,"href":"https:\/\/www.ing.una.py\/FIUNA3\/index.php?rest_route=%2Fwp%2Fv2%2Ftags&post=20166"}],"curies":[{"name":"wp","href":"https:\/\/api.w.org\/{rel}","templated":true}]}}