{"id":22572,"date":"2017-04-06T10:09:55","date_gmt":"2017-04-06T14:09:55","guid":{"rendered":"http:\/\/www.ing.una.py\/?p=22572"},"modified":"2024-12-04T15:02:50","modified_gmt":"2024-12-04T18:02:50","slug":"panel-debate-incremento-de-tarifas-electricas-de-la-ande-motivos-e-implicancias","status":"publish","type":"post","link":"https:\/\/www.ing.una.py\/FIUNA3\/?p=22572","title":{"rendered":"Panel Debate: &quot;Incremento de Tarifas El\u00e9ctricas de la ANDE&quot; Motivos e Implicancias"},"content":{"rendered":"<p><![CDATA[\n\n<div><strong>El Centro de Estudiantes (CEI) de la<\/strong> <strong>Facultad de Ingenier\u00eda de la Universidad Nacional de Asunci\u00f3n (FIUNA) <\/strong>organiza un\u00a0Panel Debate sobre el tema<em>\u00a0\u00abIncremento de tarifas El\u00e9ctricas de la ANDE\u00bb Motivos e Implicancias,<\/em> el evento se desarrollar\u00e1 este viernes 07 de abril a las 18:00 hs en el Sal\u00f3n Auditorio del Edificio Enzo Debernardi de la FIUNA.<\/div>\n\n\n<!--more-->\nEl d\u00eda 10 de marzo se decidi\u00f3 por decreto del Poder Ejecutivo el aumento de la tarifa de la energ\u00eda el\u00e9ctrica. <em>\u00bfCu\u00e1les fueron los motivos para \u00e9ste aumento tarifario? \u00bfC\u00f3mo afecta a las industrias, a los peque\u00f1os comercios y al ciudadano en general este aumento en la tarifa?.\u00a0<\/em>\n<strong>El objetivo:<\/strong>\u00a0Queremos debatirlo con profesionales del sector el\u00e9ctrico y representantes de las industrias, ya que un aumento en la tarifa de uno de los servicios b\u00e1sicos de hoy en d\u00eda, afecta de manera directa a la mayor\u00eda del pueblo paraguayo y para ello contaremos con la presencia de Autoridades de las siguientes Instituciones invitadas:\n\n\n<ul>\n    \n\n<li><strong>Administraci\u00f3n Nacional de Electricidad (ANDE)<\/strong><\/li>\n\n\n    \n\n<li><strong>Compa\u00f1\u00eda de Luz y Fuerza S.A. &#8211; CLYFSA <\/strong><\/li>\n\n\n    \n\n<li><strong>Uni\u00f3n Industrial Paraguaya (UIP)<\/strong><\/li>\n\n\n    \n\n<li><strong>Cooperativa Chaco Central, y la Asociaci\u00f3n de Ingenieros del Sector El\u00e9ctrico Paraguayo (<em>AISEP<\/em>)<\/strong><\/li>\n\n\n<\/ul>\n\n\nEl evento es de acceso gratuito para todos los interesados\n<strong>Para mas informes contactar con la Direcci\u00f3n de Extensi\u00f3n<\/strong>,\u00a02\u00ba Piso del Edificio Enzo Debernardi \u2013 021 585 581\/4 Int. 1570\n&nbsp;\n[caption id=\"attachment_22573\" align=\"aligncenter\" width=\"580\"]<img loading=\"lazy\" decoding=\"async\" data-attachment-id=\"22573\" data-permalink=\"https:\/\/www.ing.una.py\/FIUNA3\/?attachment_id=22573\" data-orig-file=\"https:\/\/www.ing.una.py\/FIUNA3\/wp-content\/uploads\/2017\/04\/Panel-debate-Tarifazo-ANDE.jpg\" data-orig-size=\"1200,1697\" data-comments-opened=\"1\" data-image-meta=\"{&quot;aperture&quot;:&quot;0&quot;,&quot;credit&quot;:&quot;&quot;,&quot;camera&quot;:&quot;&quot;,&quot;caption&quot;:&quot;&quot;,&quot;created_timestamp&quot;:&quot;0&quot;,&quot;copyright&quot;:&quot;&quot;,&quot;focal_length&quot;:&quot;0&quot;,&quot;iso&quot;:&quot;0&quot;,&quot;shutter_speed&quot;:&quot;0&quot;,&quot;title&quot;:&quot;&quot;,&quot;orientation&quot;:&quot;0&quot;}\" data-image-title=\"Panel debate- Tarifazo ANDE\" data-image-description=\"&lt;p&gt;&lt;![CDATA[]]&gt;    \t&lt;\/p&gt;\n\" data-image-caption=\"\" data-large-file=\"https:\/\/www.ing.una.py\/FIUNA3\/wp-content\/uploads\/2017\/04\/Panel-debate-Tarifazo-ANDE-724x1024.jpg\" class=\"wp-image-22573\" src=\"http:\/\/www.ing.una.py\/wp-content\/uploads\/2017\/04\/Panel-debate-Tarifazo-ANDE-424x600.jpg\" alt=\"\" width=\"580\" height=\"820\" \/> Panel Debate Incremento de Tarifas El\u00e9ctricas de la ANDE[\/caption]]]>    \t<\/p>\n","protected":false},"excerpt":{"rendered":"<p>El Centro de Estudiantes (CEI) de la Facultad de Ingenier\u00eda de la Universidad Nacional de Asunci\u00f3n (FIUNA) organiza un\u00a0Panel Debate sobre el tema\u00a0\u00abIncremento de tarifas El\u00e9ctricas de la ANDE\u00bb Motivos e Implicancias, el evento se desarrollar\u00e1 este viernes 07 de abril a las 18:00 hs en el Sal\u00f3n Auditorio del Edificio Enzo Debernardi de la FIUNA.<\/p>\n","protected":false},"author":1,"featured_media":22574,"comment_status":"open","ping_status":"open","sticky":false,"template":"","format":"standard","meta":{"_bbp_topic_count":0,"_bbp_reply_count":0,"_bbp_total_topic_count":0,"_bbp_total_reply_count":0,"_bbp_voice_count":0,"_bbp_anonymous_reply_count":0,"_bbp_topic_count_hidden":0,"_bbp_reply_count_hidden":0,"_bbp_forum_subforum_count":0,"advanced_seo_description":"","jetpack_seo_html_title":"","jetpack_seo_noindex":false,"jetpack_post_was_ever_published":false,"_jetpack_newsletter_access":"","_jetpack_dont_email_post_to_subs":false,"_jetpack_newsletter_tier_id":0,"_jetpack_memberships_contains_paywalled_content":false,"_jetpack_memberships_contains_paid_content":false,"footnotes":"","jetpack_publicize_message":"Panel Debate: \"Incremento de tarifas El\u00e9ctricas de la ANDE\" Motivos e Implicancias","jetpack_publicize_feature_enabled":true,"jetpack_social_post_already_shared":true,"jetpack_social_options":{"image_generator_settings":{"template":"highway","default_image_id":0,"font":"","enabled":false},"version":2}},"categories":[355,887],"tags":[380,159],"class_list":["post-22572","post","type-post","status-publish","format-standard","has-post-thumbnail","hentry","category-debates","category-eventos","tag-cei","tag-panel-debate"],"jetpack_publicize_connections":[],"jetpack_featured_media_url":"https:\/\/www.ing.una.py\/FIUNA3\/wp-content\/uploads\/2017\/04\/aif-electricidad-img.png","jetpack_shortlink":"https:\/\/wp.me\/pc8Odv-5S4","jetpack_likes_enabled":true,"jetpack_sharing_enabled":true,"jetpack-related-posts":[],"_links":{"self":[{"href":"https:\/\/www.ing.una.py\/FIUNA3\/index.php?rest_route=\/wp\/v2\/posts\/22572","targetHints":{"allow":["GET"]}}],"collection":[{"href":"https:\/\/www.ing.una.py\/FIUNA3\/index.php?rest_route=\/wp\/v2\/posts"}],"about":[{"href":"https:\/\/www.ing.una.py\/FIUNA3\/index.php?rest_route=\/wp\/v2\/types\/post"}],"author":[{"embeddable":true,"href":"https:\/\/www.ing.una.py\/FIUNA3\/index.php?rest_route=\/wp\/v2\/users\/1"}],"replies":[{"embeddable":true,"href":"https:\/\/www.ing.una.py\/FIUNA3\/index.php?rest_route=%2Fwp%2Fv2%2Fcomments&post=22572"}],"version-history":[{"count":1,"href":"https:\/\/www.ing.una.py\/FIUNA3\/index.php?rest_route=\/wp\/v2\/posts\/22572\/revisions"}],"predecessor-version":[{"id":70051,"href":"https:\/\/www.ing.una.py\/FIUNA3\/index.php?rest_route=\/wp\/v2\/posts\/22572\/revisions\/70051"}],"wp:featuredmedia":[{"embeddable":true,"href":"https:\/\/www.ing.una.py\/FIUNA3\/index.php?rest_route=\/wp\/v2\/media\/22574"}],"wp:attachment":[{"href":"https:\/\/www.ing.una.py\/FIUNA3\/index.php?rest_route=%2Fwp%2Fv2%2Fmedia&parent=22572"}],"wp:term":[{"taxonomy":"category","embeddable":true,"href":"https:\/\/www.ing.una.py\/FIUNA3\/index.php?rest_route=%2Fwp%2Fv2%2Fcategories&post=22572"},{"taxonomy":"post_tag","embeddable":true,"href":"https:\/\/www.ing.una.py\/FIUNA3\/index.php?rest_route=%2Fwp%2Fv2%2Ftags&post=22572"}],"curies":[{"name":"wp","href":"https:\/\/api.w.org\/{rel}","templated":true}]}}