{"id":23871,"date":"2017-06-09T10:14:44","date_gmt":"2017-06-09T14:14:44","guid":{"rendered":"http:\/\/www.ing.una.py\/?p=23871"},"modified":"2024-12-04T14:57:03","modified_gmt":"2024-12-04T17:57:03","slug":"invitacion-al-ciclo-de-charlas-tecnicas-y-exposicion-denominado-conmemorativa-del-dia-mundial-del-medio-ambiente-2017","status":"publish","type":"post","link":"https:\/\/www.ing.una.py\/FIUNA3\/?p=23871","title":{"rendered":"Invitaci\u00f3n al ciclo de charlas t\u00e9cnicas y exposici\u00f3n denominado &quot;Conmemorativa del D\u00eda Mundial del Medio Ambiente 2017&quot;"},"content":{"rendered":"<p><![CDATA[<strong>El Centro de Estudiantes de Ingenier\u00eda (CEI)<\/strong> con el apoyo del <strong>Departamento de Medio Ambiente y la Coordinaci\u00f3n del Programa de Postgrado de Ingenier\u00eda de Recursos H\u00eddricos (PPGIRH)<\/strong> de la <strong>Facultad de Ingenieria de la Universidad Nacional de Asunci\u00f3n (FIUNA)<\/strong>, invitan al ciclo de charlas t\u00e9cnicas y exposici\u00f3n denominado <em>\u00abConmemorativa\u00a0del D\u00eda Mundial del Medio Ambiente 2017\u00bb<\/em> a realizarse el mi\u00e9rcoles 14 de junio del corriente desde las 16.00hs a 19:30hs en el Sal\u00f3n Auditorio y anexo del edificio Enzo Debernardi de la Instituci\u00f3n.\n<!--more-->\nLas tem\u00e1ticas a ser abordadas ser\u00e1n sobre los proyectos y trabajos de investigaci\u00f3n de la interfase \u00abIngenier\u00eda y Medio Ambiente\u00bb desarrollados por estudiantes, investigadores y docentes de la Instituci\u00f3n\u00a0como ser;\n\n\n<ul>\n    \n\n<li>Sistema de inyecci\u00f3n de nutrientes aplicado a productos hort\u00edcolas de cultivos hidrop\u00f3nicos.<\/li>\n\n\n    \n\n<li>Captura y procesamiento de im\u00e1genes de productos hort\u00edcolas.<\/li>\n\n\n    \n\n<li>Veh\u00edculo solar terrestre no tripulado aplicado a la agricultura de precisi\u00f3n.<\/li>\n\n\n    \n\n<li>Veh\u00edculo no tripulado superficial para el estudio de la calidad del agua &#8211; Cormor\u00e1n \u2013I.<\/li>\n\n\n    \n\n<li>Sistema de Monitoreo y gesti\u00f3n de aguas a trav\u00e9s del censado autom\u00e1tico de variables.<\/li>\n\n\n    \n\n<li>Factores de emisi\u00f3n de GEI (Gases de Efecto Invernadero).<\/li>\n\n\n    \n\n<li>Monitoreo del Acu\u00edfero Pati\u00f1o.<\/li>\n\n\n    \n\n<li>Monitoreo de la Vida Silvestre en el Chaco.<\/li>\n\n\n    \n\n<li>Aplicaciones de la Electr\u00f3nica de potencia a Energ\u00edas Renovables.<\/li>\n\n\n    \n\n<li>Estudio Num\u00e9rico de horno clinker mediante modelo unidimensional.<\/li>\n\n\n    \n\n<li>Estudio Num\u00e9rico de la combusti\u00f3n de mezclas Diesel-Biodiesel.<\/li>\n\n\n    \n\n<li>T\u00e9cnicas de cuantificaci\u00f3n de nutrientes en el logo Ypacara\u00ed.<\/li>\n\n\n<\/ul>\n\n\nEstar\u00e1n presentes representantes del proyecto <a href=\"http:\/\/www.pti.org.py\/?q=es\" target=\"_blank\" rel=\"noopener noreferrer\">YVYRA del Parque Tecnol\u00f3gico Itaipu (PTI)<\/a>\u00a0demostrando las utilidades de la aplicaci\u00f3n \u00abYvyra+1\u00bb \u00a0y de la <a href=\"http:\/\/atodopulmon.org\/\" target=\"_blank\" rel=\"noopener noreferrer\">Organizaci\u00f3n A Todo Pulm\u00f3n, PARAGUAY RESPIRA<\/a>.\nSe adjunta el programa de las charlas t\u00e9cnicas\u00a0a realizarse desde 16:30 hs. en el Sal\u00f3n Auditorio de la Instituci\u00f3n.<strong> Para m\u00e1s\u00a0informes o consultas comunicarse al<\/strong>\u00a0<a href=\"mailto:ppgirh@ing.una.py\" target=\"_blank\" rel=\"noopener noreferrer\">ppgirh@ing.una.py<\/a>\n\n\n<h2 style=\"text-align: center;\">El ingreso es Libre y Gratuito para todos los interesados, Los esperamos!<\/h2>\n\n\n[gallery type=\"rectangular\" link=\"file\" size=\"medium\" ids=\"23911,23925\"]]]>    \t<\/p>\n","protected":false},"excerpt":{"rendered":"<p>El Centro de Estudiantes de Ingenier\u00eda (CEI) con el apoyo del Departamento de Medio Ambiente y la Coordinaci\u00f3n del Programa de Postgrado de Ingenier\u00eda de Recursos H\u00eddricos (PPGIRH) de la Facultad de Ingenieria de la Universidad Nacional de Asunci\u00f3n (FIUNA), invitan al ciclo de charlas t\u00e9cnicas y exposici\u00f3n denominado \u00abConmemorativa\u00a0del D\u00eda Mundial del Medio Ambiente 2017\u00bb a realizarse el mi\u00e9rcoles 14 de junio del corriente desde las 16.00hs a 19:30hs en el Sal\u00f3n Auditorio y anexo del edificio Enzo Debernardi de la Instituci\u00f3n.<\/p>\n","protected":false},"author":1,"featured_media":23874,"comment_status":"open","ping_status":"open","sticky":false,"template":"","format":"standard","meta":{"_bbp_topic_count":0,"_bbp_reply_count":0,"_bbp_total_topic_count":0,"_bbp_total_reply_count":0,"_bbp_voice_count":0,"_bbp_anonymous_reply_count":0,"_bbp_topic_count_hidden":0,"_bbp_reply_count_hidden":0,"_bbp_forum_subforum_count":0,"advanced_seo_description":"","jetpack_seo_html_title":"","jetpack_seo_noindex":false,"jetpack_post_was_ever_published":false,"_jetpack_newsletter_access":"","_jetpack_dont_email_post_to_subs":false,"_jetpack_newsletter_tier_id":0,"_jetpack_memberships_contains_paywalled_content":false,"_jetpack_memberships_contains_paid_content":false,"footnotes":"","jetpack_publicize_message":"Invitaci\u00f3n al ciclo de charlas t\u00e9cnicas y exposici\u00f3n denominado \"Conmemorativa del D\u00eda Mundial del Medio Ambiente 2017\"","jetpack_publicize_feature_enabled":true,"jetpack_social_post_already_shared":true,"jetpack_social_options":{"image_generator_settings":{"template":"highway","default_image_id":0,"font":"","enabled":false},"version":2}},"categories":[89,887,81,91],"tags":[380,633,478,487,88,631],"class_list":["post-23871","post","type-post","status-publish","format-standard","has-post-thumbnail","hentry","category-charlas-y-debates","category-eventos","category-extension-universitaria","category-postgrado","tag-cei","tag-charlas-tecnicas","tag-departamento-de-medio-ambiente","tag-exposicion","tag-postgrado","tag-ppgirh"],"jetpack_publicize_connections":[],"jetpack_featured_media_url":"https:\/\/www.ing.una.py\/FIUNA3\/wp-content\/uploads\/2017\/06\/MEDIOAMBIENTE2-ch.jpg","jetpack_shortlink":"https:\/\/wp.me\/pc8Odv-6d1","jetpack_likes_enabled":true,"jetpack_sharing_enabled":true,"jetpack-related-posts":[],"_links":{"self":[{"href":"https:\/\/www.ing.una.py\/FIUNA3\/index.php?rest_route=\/wp\/v2\/posts\/23871","targetHints":{"allow":["GET"]}}],"collection":[{"href":"https:\/\/www.ing.una.py\/FIUNA3\/index.php?rest_route=\/wp\/v2\/posts"}],"about":[{"href":"https:\/\/www.ing.una.py\/FIUNA3\/index.php?rest_route=\/wp\/v2\/types\/post"}],"author":[{"embeddable":true,"href":"https:\/\/www.ing.una.py\/FIUNA3\/index.php?rest_route=\/wp\/v2\/users\/1"}],"replies":[{"embeddable":true,"href":"https:\/\/www.ing.una.py\/FIUNA3\/index.php?rest_route=%2Fwp%2Fv2%2Fcomments&post=23871"}],"version-history":[{"count":1,"href":"https:\/\/www.ing.una.py\/FIUNA3\/index.php?rest_route=\/wp\/v2\/posts\/23871\/revisions"}],"predecessor-version":[{"id":69816,"href":"https:\/\/www.ing.una.py\/FIUNA3\/index.php?rest_route=\/wp\/v2\/posts\/23871\/revisions\/69816"}],"wp:featuredmedia":[{"embeddable":true,"href":"https:\/\/www.ing.una.py\/FIUNA3\/index.php?rest_route=\/wp\/v2\/media\/23874"}],"wp:attachment":[{"href":"https:\/\/www.ing.una.py\/FIUNA3\/index.php?rest_route=%2Fwp%2Fv2%2Fmedia&parent=23871"}],"wp:term":[{"taxonomy":"category","embeddable":true,"href":"https:\/\/www.ing.una.py\/FIUNA3\/index.php?rest_route=%2Fwp%2Fv2%2Fcategories&post=23871"},{"taxonomy":"post_tag","embeddable":true,"href":"https:\/\/www.ing.una.py\/FIUNA3\/index.php?rest_route=%2Fwp%2Fv2%2Ftags&post=23871"}],"curies":[{"name":"wp","href":"https:\/\/api.w.org\/{rel}","templated":true}]}}