{"id":23884,"date":"2017-06-12T09:55:01","date_gmt":"2017-06-12T13:55:01","guid":{"rendered":"http:\/\/www.ing.una.py\/?p=23884"},"modified":"2025-06-12T09:34:28","modified_gmt":"2025-06-12T12:34:28","slug":"12-de-junio-dia-de-la-paz-del-chaco-3","status":"publish","type":"post","link":"https:\/\/www.ing.una.py\/FIUNA3\/?p=23884","title":{"rendered":"12 de Junio d\u00eda de la &quot;Paz del Chaco&quot;"},"content":{"rendered":"<p>Un dia como hoy pero del a\u00f1o 1935, con gran solemnidad y j\u00fabilo de las Naciones Americanas, se firm\u00f3 el Protocolo de Paz entre Paraguay y Bolivia y se\u00a0transmiti\u00f3 por radio la siguiente proclama a nuestro heroico\u00a0ej\u00e9rcito Paraguayo:<br \/>\n<em>\u00abA los jefes, oficiales, clases y soldados del ej\u00e9rcito en campa\u00f1a: Con profunda emoci\u00f3n os anuncio la cesaci\u00f3n de la lucha. En tres a\u00f1os de guerra hab\u00e9is demostrado ser dignos de vuestros mayores, realizando una obra que las generaciones del porvenir recordar\u00e1n con orgullo. Quiera Dios que ellas se inspiren siempre en vuestro ejemplo. Hab\u00e9is vencido en jornadas inolvidables a un enemigo tenaz y a una naturaleza hostil.<\/em><!--more--><br \/>\n<em>La Naci\u00f3n no olvidar\u00e1 a quienes combatieron y sufrieron para salvarla de la mutilaci\u00f3n y de la deshonra. Si un pueblo debe ser grande por la inteligencia, el valor y el sacrificio de sus hijos, digo que el nuestro est\u00e1 llamado a los m\u00e1s altos y nobles destinos. En \u00e9ste d\u00eda tan feliz, recuerdo especialmente, con el coraz\u00f3n dolorido, a los hermanos que cayeron desde Pitiantuta hasta Charagua. Sea para ellos nuestro homenaje y s\u00edrvanos en todo tiempo el santo ideal que los llev\u00f3 a la muerte en plena juventud.<\/em><br \/>\n<em>Jefes, Oficiales, Clases y Soldados Combatientes y de los Servicios: a todos, mi gratitud de paraguayo y de soldado. Yo llevar\u00e9 a la tranquilidad de mi hogar, como el m\u00e1s grande honor de esta guerra, el haber sido vuestro comandante en jefe.\u00bb<\/em><br \/>\n<strong><em>Jos\u00e9 F\u00e9lix Estigarribia<\/em><\/strong><br \/>\n<strong><em>General Comandante en Jefe del Ej\u00e9rcito en campa\u00f1a.<\/em><\/strong><br \/>\nLa\u00a0firma del \u00abProtocolo de Paz\u00bb marc\u00f3 el cese de los combates\u00a0entre Paraguay y Bolivia, causales de r\u00edos de sangre que corrieron por suelo chaque\u00f1o.\u00a0Al cumplirse un\u00a0a\u00f1o m\u00e1s de aquella\u00a0firma del acuerdo de paz,\u00a0<strong>L<\/strong>a\u00a0<strong>Facultad de Ingenier\u00eda de la Universidad Nacional de Asunci\u00f3n (FIUNA)<\/strong> expresa su gratitud y admiraci\u00f3n a todos los h\u00e9roes\u00a0que ofrendaron su vida por\u00a0la defensa del suelo patrio.<br \/>\n<div data-carousel-extra='{&quot;blog_id&quot;:1,&quot;permalink&quot;:&quot;https:\/\/www.ing.una.py\/FIUNA3\/?p=23884&quot;}' id='gallery-1' class='gallery galleryid-23884 gallery-columns-3 gallery-size-thumbnail'><figure class='gallery-item'>\n\t\t\t<div class='gallery-icon landscape'>\n\t\t\t\t<a href='https:\/\/www.ing.una.py\/FIUNA3\/?attachment_id=23897'><img loading=\"lazy\" decoding=\"async\" width=\"150\" height=\"150\" src=\"https:\/\/www.ing.una.py\/FIUNA3\/wp-content\/uploads\/2017\/06\/12-de-juni-150x150.jpg\" class=\"attachment-thumbnail size-thumbnail\" alt=\"\" aria-describedby=\"gallery-1-23897\" data-attachment-id=\"23897\" data-permalink=\"https:\/\/www.ing.una.py\/FIUNA3\/?attachment_id=23897\" data-orig-file=\"https:\/\/www.ing.una.py\/FIUNA3\/wp-content\/uploads\/2017\/06\/12-de-juni.jpg\" data-orig-size=\"455,320\" data-comments-opened=\"1\" data-image-meta=\"{&quot;aperture&quot;:&quot;0&quot;,&quot;credit&quot;:&quot;&quot;,&quot;camera&quot;:&quot;&quot;,&quot;caption&quot;:&quot;&quot;,&quot;created_timestamp&quot;:&quot;0&quot;,&quot;copyright&quot;:&quot;&quot;,&quot;focal_length&quot;:&quot;0&quot;,&quot;iso&quot;:&quot;0&quot;,&quot;shutter_speed&quot;:&quot;0&quot;,&quot;title&quot;:&quot;&quot;,&quot;orientation&quot;:&quot;0&quot;}\" data-image-title=\"12 de Junio Firma de la Paz del Chaco\" data-image-description=\"&lt;p&gt;&lt;![CDATA[]]&gt;    \t&lt;\/p&gt;\n\" data-image-caption=\"&lt;p&gt;12 de Junio Firma de la Paz del Chaco&lt;\/p&gt;\n\" data-large-file=\"https:\/\/www.ing.una.py\/FIUNA3\/wp-content\/uploads\/2017\/06\/12-de-juni.jpg\" \/><\/a>\n\t\t\t<\/div>\n\t\t\t\t<figcaption class='wp-caption-text gallery-caption' id='gallery-1-23897'>\n\t\t\t\t12 de Junio Firma de la Paz del Chaco\n\t\t\t\t<\/figcaption><\/figure><figure class='gallery-item'>\n\t\t\t<div class='gallery-icon portrait'>\n\t\t\t\t<a href='https:\/\/www.ing.una.py\/FIUNA3\/?attachment_id=23908'><img loading=\"lazy\" decoding=\"async\" width=\"150\" height=\"150\" src=\"https:\/\/www.ing.una.py\/FIUNA3\/wp-content\/uploads\/2017\/06\/1a42d931-f00d-4632-9410-c28b0805fee5-150x150.png\" class=\"attachment-thumbnail size-thumbnail\" alt=\"\" aria-describedby=\"gallery-1-23908\" data-attachment-id=\"23908\" data-permalink=\"https:\/\/www.ing.una.py\/FIUNA3\/?attachment_id=23908\" data-orig-file=\"https:\/\/www.ing.una.py\/FIUNA3\/wp-content\/uploads\/2017\/06\/1a42d931-f00d-4632-9410-c28b0805fee5.png\" data-orig-size=\"520,569\" data-comments-opened=\"1\" data-image-meta=\"{&quot;aperture&quot;:&quot;0&quot;,&quot;credit&quot;:&quot;&quot;,&quot;camera&quot;:&quot;&quot;,&quot;caption&quot;:&quot;&quot;,&quot;created_timestamp&quot;:&quot;0&quot;,&quot;copyright&quot;:&quot;&quot;,&quot;focal_length&quot;:&quot;0&quot;,&quot;iso&quot;:&quot;0&quot;,&quot;shutter_speed&quot;:&quot;0&quot;,&quot;title&quot;:&quot;&quot;,&quot;orientation&quot;:&quot;0&quot;}\" data-image-title=\"Paz del Chaco\" data-image-description=\"&lt;p&gt;&lt;![CDATA[]]&gt;    \t&lt;\/p&gt;\n\" data-image-caption=\"&lt;p&gt;Proclama de Jos\u00e9 F\u00e9lix Estigarribia&lt;br \/&gt;\nGeneral Comandante en Jefe del Ej\u00e9rcito en campa\u00f1a. a nuestro heroico ej\u00e9rcito Paraguayo&lt;\/p&gt;\n\" data-large-file=\"https:\/\/www.ing.una.py\/FIUNA3\/wp-content\/uploads\/2017\/06\/1a42d931-f00d-4632-9410-c28b0805fee5.png\" \/><\/a>\n\t\t\t<\/div>\n\t\t\t\t<figcaption class='wp-caption-text gallery-caption' id='gallery-1-23908'>\n\t\t\t\tProclama de Jos\u00e9 F\u00e9lix Estigarribia\nGeneral Comandante en Jefe del Ej\u00e9rcito en campa\u00f1a. a nuestro heroico ej\u00e9rcito Paraguayo\n\t\t\t\t<\/figcaption><\/figure>\n\t\t<\/div>\n<\/p>\n","protected":false},"excerpt":{"rendered":"<p>Un dia como hoy pero del a\u00f1o 1935, con gran solemnidad y j\u00fabilo de las Naciones Americanas, se firm\u00f3 el Protocolo de Paz entre Paraguay y Bolivia y se\u00a0transmiti\u00f3 por radio la siguiente proclama a nuestro heroico\u00a0ej\u00e9rcito Paraguayo: \u00abA los jefes, oficiales, clases y soldados del ej\u00e9rcito en campa\u00f1a: Con profunda emoci\u00f3n os anuncio la cesaci\u00f3n de la lucha. En tres a\u00f1os de guerra hab\u00e9is demostrado ser dignos de vuestros mayores, realizando una obra que las generaciones del porvenir recordar\u00e1n con orgullo. Quiera Dios que ellas se inspiren siempre en vuestro ejemplo. Hab\u00e9is vencido en jornadas inolvidables a un enemigo &hellip; <\/p>\n","protected":false},"author":1,"featured_media":23885,"comment_status":"open","ping_status":"open","sticky":false,"template":"","format":"standard","meta":{"_bbp_topic_count":0,"_bbp_reply_count":0,"_bbp_total_topic_count":0,"_bbp_total_reply_count":0,"_bbp_voice_count":0,"_bbp_anonymous_reply_count":0,"_bbp_topic_count_hidden":0,"_bbp_reply_count_hidden":0,"_bbp_forum_subforum_count":0,"advanced_seo_description":"","jetpack_seo_html_title":"","jetpack_seo_noindex":false,"jetpack_post_was_ever_published":false,"_jetpack_newsletter_access":"","_jetpack_dont_email_post_to_subs":false,"_jetpack_newsletter_tier_id":0,"_jetpack_memberships_contains_paywalled_content":false,"_jetpack_memberships_contains_paid_content":false,"footnotes":"","jetpack_publicize_message":"","jetpack_publicize_feature_enabled":true,"jetpack_social_post_already_shared":true,"jetpack_social_options":{"image_generator_settings":{"template":"highway","default_image_id":0,"font":"","enabled":false},"version":2}},"categories":[75],"tags":[113],"class_list":["post-23884","post","type-post","status-publish","format-standard","has-post-thumbnail","hentry","category-noticias","tag-festividades"],"jetpack_publicize_connections":[],"jetpack_featured_media_url":"https:\/\/www.ing.una.py\/FIUNA3\/wp-content\/uploads\/2017\/06\/paz-01.png","jetpack_shortlink":"https:\/\/wp.me\/pc8Odv-6de","jetpack_likes_enabled":true,"jetpack_sharing_enabled":true,"jetpack-related-posts":[],"_links":{"self":[{"href":"https:\/\/www.ing.una.py\/FIUNA3\/index.php?rest_route=\/wp\/v2\/posts\/23884","targetHints":{"allow":["GET"]}}],"collection":[{"href":"https:\/\/www.ing.una.py\/FIUNA3\/index.php?rest_route=\/wp\/v2\/posts"}],"about":[{"href":"https:\/\/www.ing.una.py\/FIUNA3\/index.php?rest_route=\/wp\/v2\/types\/post"}],"author":[{"embeddable":true,"href":"https:\/\/www.ing.una.py\/FIUNA3\/index.php?rest_route=\/wp\/v2\/users\/1"}],"replies":[{"embeddable":true,"href":"https:\/\/www.ing.una.py\/FIUNA3\/index.php?rest_route=%2Fwp%2Fv2%2Fcomments&post=23884"}],"version-history":[{"count":2,"href":"https:\/\/www.ing.una.py\/FIUNA3\/index.php?rest_route=\/wp\/v2\/posts\/23884\/revisions"}],"predecessor-version":[{"id":79190,"href":"https:\/\/www.ing.una.py\/FIUNA3\/index.php?rest_route=\/wp\/v2\/posts\/23884\/revisions\/79190"}],"wp:featuredmedia":[{"embeddable":true,"href":"https:\/\/www.ing.una.py\/FIUNA3\/index.php?rest_route=\/wp\/v2\/media\/23885"}],"wp:attachment":[{"href":"https:\/\/www.ing.una.py\/FIUNA3\/index.php?rest_route=%2Fwp%2Fv2%2Fmedia&parent=23884"}],"wp:term":[{"taxonomy":"category","embeddable":true,"href":"https:\/\/www.ing.una.py\/FIUNA3\/index.php?rest_route=%2Fwp%2Fv2%2Fcategories&post=23884"},{"taxonomy":"post_tag","embeddable":true,"href":"https:\/\/www.ing.una.py\/FIUNA3\/index.php?rest_route=%2Fwp%2Fv2%2Ftags&post=23884"}],"curies":[{"name":"wp","href":"https:\/\/api.w.org\/{rel}","templated":true}]}}