{"id":24024,"date":"2017-06-16T14:29:39","date_gmt":"2017-06-16T18:29:39","guid":{"rendered":"http:\/\/www.ing.una.py\/?p=24024"},"modified":"2024-12-04T15:02:50","modified_gmt":"2024-12-04T18:02:50","slug":"invitacion-a-participar-del-conversatorio-acuifero-patino-explotacion-y-derecho-al-agua","status":"publish","type":"post","link":"https:\/\/www.ing.una.py\/FIUNA3\/?p=24024","title":{"rendered":"Invitaci\u00f3n a participar del Conversatorio \u201cAcu\u00edfero Pati\u00f1o; explotaci\u00f3n y derecho al agua\u201d"},"content":{"rendered":"<p><![CDATA[Un conversatorio denominado <em><b>\u201cAcu\u00edfero Pati\u00f1o Explotaci\u00f3n y derecho al agua\u201d\u00a0<\/b><\/em>se desarrollar\u00e1 este martes 20 de junio del corriente a las 16:00hs en el Aula P2 de la <strong>Facultad de Ingenier\u00eda de la Universidad Nacional de Asunci\u00f3n (FIUNA).<\/strong>\nEl evento es organizado por <a href=\"http:\/\/www.baseis.org.py\/\" target=\"_blank\" rel=\"noopener\">BASE Investigaciones sociales<\/a> y la Direcci\u00f3n de Extensi\u00f3n de la FIUNA, con el apoyo del <a href=\"http:\/\/www.conacyt.gov.py\/\" target=\"_blank\" rel=\"noopener\">CONACYT<\/a>. Esta dirigido a estudiantes y el acceso sera libre y gratuito.<!--more-->\n\n\n<h3>Estar\u00e1n como disertantes;<\/h3>\n\n\n\n\n<p style=\"padding-left: 30px;\"><strong>Ana Portillo M.,<\/strong>\u00a0Soci\u00f3loga\u00a0de la Universidad Cat\u00f3lica de Asunci\u00f3n. Investigadora en temas como educaci\u00f3n, g\u00e9nero, movimientos estudiantiles, agua y Derechos Humanos.<\/p>\n\n\n\n\n<p style=\"padding-left: 30px;\"><strong>Mercedes Canese<\/strong>,\u00a0Ingeniera industrial, docente de la Facultad de Ingenier\u00eda de la Universidad Nacional de Asunci\u00f3n, ex Viceministra de Minas y Energ\u00eda, consultora en temas de energ\u00eda, industria y factibilidad, asesora parlamentaria e investigadora.<\/p>\n\n\n\n\n<p style=\"padding-left: 30px;\"><strong>Guillermo Ortega R\u00edos;<\/strong> Cuenta con una Maestr\u00eda en Desarrollo Regional y Local, dictada por la Facultad de Econom\u00eda de la Universidad de Camaguey, Cuba (2000) y con una licenciatura en Trabajo Social por la Universidad Nacional de Asunci\u00f3n. Desde el 2006 es integrante de BASE Investigaciones Sociales, realizando investigaciones sobre temas rurales, particularmente sobre agronegocios y soberan\u00eda alimentaria, capacitaciones a las organizaciones campesinas y urbanas. Es coordinador actual del \u00e1rea de Capacitaci\u00f3n y asesoramiento.\u00a0Es docente del Instituto de Trabajo Social de la Universidad Nacional de Asunci\u00f3n desde el a\u00f1o 2000, fue integrante del equipo t\u00e9cnico de la Direcci\u00f3n Acad\u00e9mica, en el periodo de 2012-2014.<\/p>\n\n\n<strong>Para mas informes<\/strong> contactar con la Direcci\u00f3n de Extensi\u00f3n, en el 2\u00ba piso del Edificio Enzo Debernardi\u00a0de la Instituci\u00f3n o al numero 021 585 581\/4 Int.: 1750.\n&nbsp;\n[caption id=\"attachment_24025\" align=\"aligncenter\" width=\"580\"]<a href=\"http:\/\/www.ing.una.py\/wp-content\/uploads\/2017\/06\/2017.06.20-Conversatorio-Derecho-al-Agua.jpg\"><img loading=\"lazy\" decoding=\"async\" data-attachment-id=\"24025\" data-permalink=\"https:\/\/www.ing.una.py\/FIUNA3\/?attachment_id=24025\" data-orig-file=\"https:\/\/www.ing.una.py\/FIUNA3\/wp-content\/uploads\/2017\/06\/2017.06.20-Conversatorio-Derecho-al-Agua.jpg\" data-orig-size=\"960,720\" data-comments-opened=\"1\" data-image-meta=\"{&quot;aperture&quot;:&quot;0&quot;,&quot;credit&quot;:&quot;&quot;,&quot;camera&quot;:&quot;&quot;,&quot;caption&quot;:&quot;&quot;,&quot;created_timestamp&quot;:&quot;0&quot;,&quot;copyright&quot;:&quot;&quot;,&quot;focal_length&quot;:&quot;0&quot;,&quot;iso&quot;:&quot;0&quot;,&quot;shutter_speed&quot;:&quot;0&quot;,&quot;title&quot;:&quot;&quot;,&quot;orientation&quot;:&quot;0&quot;}\" data-image-title=\"2017.06.20 Conversatorio Derecho al Agua\" data-image-description=\"&lt;p&gt;&lt;![CDATA[]]&gt;    \t&lt;\/p&gt;\n\" data-image-caption=\"\" data-large-file=\"https:\/\/www.ing.una.py\/FIUNA3\/wp-content\/uploads\/2017\/06\/2017.06.20-Conversatorio-Derecho-al-Agua.jpg\" class=\"wp-image-24025\" src=\"http:\/\/www.ing.una.py\/wp-content\/uploads\/2017\/06\/2017.06.20-Conversatorio-Derecho-al-Agua-800x600.jpg\" alt=\"\" width=\"580\" height=\"435\" \/><\/a> Conversatorio \u201cAcu\u00edfero Pati\u00f1o Explotaci\u00f3n y derecho al agua\u201d[\/caption]]]>    \t<\/p>\n","protected":false},"excerpt":{"rendered":"<p>\u201cAcu\u00edfero Pati\u00f1o Explotaci\u00f3n y derecho al agua\u201d\u00a0se desarrollar\u00e1 este martes 20 de junio del corriente a las 16:00hs en el Aula P2 de la Facultad de Ingenier\u00eda de la Universidad Nacional de Asunci\u00f3n (FIUNA). El evento es organizado por BASE Investigaciones sociales y la Direcci\u00f3n de Extensi\u00f3n de la FIUNA, con el apoyo del CONACYT. Esta dirigido a estudiantes y el acceso sera libre y gratuito.<\/p>\n","protected":false},"author":1,"featured_media":24026,"comment_status":"open","ping_status":"open","sticky":false,"template":"","format":"standard","meta":{"_bbp_topic_count":0,"_bbp_reply_count":0,"_bbp_total_topic_count":0,"_bbp_total_reply_count":0,"_bbp_voice_count":0,"_bbp_anonymous_reply_count":0,"_bbp_topic_count_hidden":0,"_bbp_reply_count_hidden":0,"_bbp_forum_subforum_count":0,"advanced_seo_description":"","jetpack_seo_html_title":"","jetpack_seo_noindex":false,"jetpack_post_was_ever_published":false,"_jetpack_newsletter_access":"","_jetpack_dont_email_post_to_subs":false,"_jetpack_newsletter_tier_id":0,"_jetpack_memberships_contains_paywalled_content":false,"_jetpack_memberships_contains_paid_content":false,"footnotes":"","jetpack_publicize_message":"Invitaci\u00f3n a participar del Conversatorio \u201cAcu\u00edfero Pati\u00f1o Explotaci\u00f3n y derecho al agua\u201d","jetpack_publicize_feature_enabled":true,"jetpack_social_post_already_shared":true,"jetpack_social_options":{"image_generator_settings":{"template":"highway","default_image_id":0,"font":"","enabled":false},"version":2}},"categories":[114,355,887],"tags":[577],"class_list":["post-24024","post","type-post","status-publish","format-standard","has-post-thumbnail","hentry","category-conversatorio","category-debates","category-eventos","tag-conversatorio"],"jetpack_publicize_connections":[],"jetpack_featured_media_url":"https:\/\/www.ing.una.py\/FIUNA3\/wp-content\/uploads\/2017\/06\/conversatorio.png","jetpack_shortlink":"https:\/\/wp.me\/pc8Odv-6fu","jetpack_likes_enabled":true,"jetpack_sharing_enabled":true,"jetpack-related-posts":[],"_links":{"self":[{"href":"https:\/\/www.ing.una.py\/FIUNA3\/index.php?rest_route=\/wp\/v2\/posts\/24024","targetHints":{"allow":["GET"]}}],"collection":[{"href":"https:\/\/www.ing.una.py\/FIUNA3\/index.php?rest_route=\/wp\/v2\/posts"}],"about":[{"href":"https:\/\/www.ing.una.py\/FIUNA3\/index.php?rest_route=\/wp\/v2\/types\/post"}],"author":[{"embeddable":true,"href":"https:\/\/www.ing.una.py\/FIUNA3\/index.php?rest_route=\/wp\/v2\/users\/1"}],"replies":[{"embeddable":true,"href":"https:\/\/www.ing.una.py\/FIUNA3\/index.php?rest_route=%2Fwp%2Fv2%2Fcomments&post=24024"}],"version-history":[{"count":1,"href":"https:\/\/www.ing.una.py\/FIUNA3\/index.php?rest_route=\/wp\/v2\/posts\/24024\/revisions"}],"predecessor-version":[{"id":70028,"href":"https:\/\/www.ing.una.py\/FIUNA3\/index.php?rest_route=\/wp\/v2\/posts\/24024\/revisions\/70028"}],"wp:featuredmedia":[{"embeddable":true,"href":"https:\/\/www.ing.una.py\/FIUNA3\/index.php?rest_route=\/wp\/v2\/media\/24026"}],"wp:attachment":[{"href":"https:\/\/www.ing.una.py\/FIUNA3\/index.php?rest_route=%2Fwp%2Fv2%2Fmedia&parent=24024"}],"wp:term":[{"taxonomy":"category","embeddable":true,"href":"https:\/\/www.ing.una.py\/FIUNA3\/index.php?rest_route=%2Fwp%2Fv2%2Fcategories&post=24024"},{"taxonomy":"post_tag","embeddable":true,"href":"https:\/\/www.ing.una.py\/FIUNA3\/index.php?rest_route=%2Fwp%2Fv2%2Ftags&post=24024"}],"curies":[{"name":"wp","href":"https:\/\/api.w.org\/{rel}","templated":true}]}}