{"id":25869,"date":"2017-08-29T11:19:49","date_gmt":"2017-08-29T15:19:49","guid":{"rendered":"http:\/\/www.ing.una.py\/?p=25869"},"modified":"2024-12-05T12:52:13","modified_gmt":"2024-12-05T15:52:13","slug":"inscripciones-abiertas-para-el-curso-de-idioma-aleman-nivel-1-y-2","status":"publish","type":"post","link":"https:\/\/www.ing.una.py\/FIUNA3\/?p=25869","title":{"rendered":"Inscripciones abiertas para el curso de idioma Alem\u00e1n, Nivel 1 y 2"},"content":{"rendered":"<p><![CDATA[<strong>La Academia de Idiomas<\/strong> de la\u00a0<strong>Facultad de Ingenier\u00eda de la Universidad Nacional de Asunci\u00f3n (FIUNA), <\/strong>informa que est\u00e1n abiertas las inscripciones para los cursos del <strong><a href=\"http:\/\/www.ing.una.py\/?page_id=11972\">idioma Alem\u00e1n,<\/a>\u00a0nivel A1 y A2<\/strong>, a partir de hoy martes 29 de agosto hasta el s\u00e1bado 02 de septiembre del corriente. <strong>Las clases inician el lunes 04 de septiembre<\/strong>\u00a0y se desarrollaran en las aulas del Edif. \u00ab<em>Capit\u00e1n\u00a0de Nav\u00edo Prof.\u00a0Ing. Jos\u00e9 Alfredo\u00a0Bozzano\u00a0Baglietto<\/em>\u201d (<em>al costado de ITA\u00da<\/em>)\u00a0de la FIUNA.<!--more-->\n\n\n<h3>Inscripciones<\/h3>\n\n\nDesde el 29 de agosto al 02 de septiembre en \u00abAtenci\u00f3n al Alumno\u00bb de la FIUNA.\n\n\n<h3>Costo del Curso<\/h3>\n\n\n<strong>Cuota mensual: G. 80.000<\/strong>\u00a0(<em>Los alumnos de la FIUNA, con promedio igual o mayor a 4.0 tendr\u00e1n exonerada la cuota<\/em>). Las cuotas ser\u00e1n abonadas en la Perceptor\u00eda de la FIUNA.\n\n\n<h3>Horario de clases<\/h3>\n\n\n\n\n<div class=\"marco\">\n\n\n<table>\n\n\n<tbody>\n\n\n<tr bgcolor=\"#ccc\">\n\n\n<td>\n\n\n<h3>Nivel<\/h3>\n\n\n<\/td>\n\n\n\n\n<td>\n\n\n<h3>D\u00edas<\/h3>\n\n\n<\/td>\n\n\n\n\n<td>\n\n\n<h3>Horarios<\/h3>\n\n\n<\/td>\n\n\n\n\n<td><\/td>\n\n\n<\/tr>\n\n\n\n\n<tr>\n\n\n<td><strong>A1 Grupo 1<\/strong><\/td>\n\n\n\n\n<td>\u00a0Lunes y mi\u00e9rcoles<\/td>\n\n\n\n\n<td><strong>16:00 a 18:00 hs<\/strong><\/td>\n\n\n\n\n<td><\/td>\n\n\n<\/tr>\n\n\n\n\n<tr bgcolor=\"#f5f5f5\">\n\n\n<td><strong>A1 Grupo 2<\/strong><\/td>\n\n\n\n\n<td>\u00a0Mi\u00e9rcoles y jueves<\/td>\n\n\n\n\n<td><strong>14:00 a 16:00 hs<\/strong>\n<strong>16:00 a 18:00 hs<\/strong><\/td>\n\n\n\n\n<td><\/td>\n\n\n<\/tr>\n\n\n\n\n<tr>\n\n\n<td><b>A2<\/b><\/td>\n\n\n\n\n<td>Lunes y jueves<\/td>\n\n\n\n\n<td>\u00a0<strong>14:00 a 16:00 hs<\/strong><\/td>\n\n\n\n\n<td><\/td>\n\n\n<\/tr>\n\n\n<\/tbody>\n\n\n<\/table>\n\n\n<\/div>\n\n\n\n\n<h3>Para m\u00e1s informes o contactos<\/h3>\n\n\nTelf.: 021 585 581\/4\u00a0 Int. 1724\n<img loading=\"lazy\" decoding=\"async\" data-attachment-id=\"24756\" data-permalink=\"https:\/\/www.ing.una.py\/FIUNA3\/?attachment_id=24756\" data-orig-file=\"https:\/\/www.ing.una.py\/FIUNA3\/wp-content\/uploads\/2017\/07\/idiomas-capa-3.png\" data-orig-size=\"980,524\" data-comments-opened=\"1\" data-image-meta=\"{&quot;aperture&quot;:&quot;0&quot;,&quot;credit&quot;:&quot;&quot;,&quot;camera&quot;:&quot;&quot;,&quot;caption&quot;:&quot;&quot;,&quot;created_timestamp&quot;:&quot;0&quot;,&quot;copyright&quot;:&quot;&quot;,&quot;focal_length&quot;:&quot;0&quot;,&quot;iso&quot;:&quot;0&quot;,&quot;shutter_speed&quot;:&quot;0&quot;,&quot;title&quot;:&quot;&quot;,&quot;orientation&quot;:&quot;0&quot;}\" data-image-title=\"idiomas-capa-3\" data-image-description=\"&lt;p&gt;&lt;![CDATA[]]&gt;    \t&lt;\/p&gt;\n\" data-image-caption=\"\" data-large-file=\"https:\/\/www.ing.una.py\/FIUNA3\/wp-content\/uploads\/2017\/07\/idiomas-capa-3-1024x1024.png\" class=\"aligncenter wp-image-24756\" src=\"http:\/\/www.ing.una.py\/wp-content\/uploads\/2017\/07\/idiomas-capa-3-800x428.png\" alt=\"\" width=\"580\" height=\"310\" \/>\n&nbsp;]]>    \t<\/p>\n","protected":false},"excerpt":{"rendered":"<p>La Academia de Idiomas de la\u00a0Facultad de Ingenier\u00eda de la Universidad Nacional de Asunci\u00f3n (FIUNA), informa que est\u00e1n abiertas las inscripciones para los cursos del idioma Alem\u00e1n,\u00a0nivel A1 y A2, a partir de hoy martes 29 de agosto hasta el s\u00e1bado 02 de septiembre del corriente. Las clases inician el lunes 04 de septiembre\u00a0y se desarrollaran en las aulas del Edif. \u00abCapit\u00e1n\u00a0de Nav\u00edo Prof.\u00a0Ing. Jos\u00e9 Alfredo\u00a0Bozzano\u00a0Baglietto\u201d (al costado de ITA\u00da)\u00a0de la FIUNA.<\/p>\n","protected":false},"author":1,"featured_media":25876,"comment_status":"open","ping_status":"open","sticky":false,"template":"","format":"standard","meta":{"_bbp_topic_count":0,"_bbp_reply_count":0,"_bbp_total_topic_count":0,"_bbp_total_reply_count":0,"_bbp_voice_count":0,"_bbp_anonymous_reply_count":0,"_bbp_topic_count_hidden":0,"_bbp_reply_count_hidden":0,"_bbp_forum_subforum_count":0,"advanced_seo_description":"","jetpack_seo_html_title":"","jetpack_seo_noindex":false,"jetpack_post_was_ever_published":false,"_jetpack_newsletter_access":"","_jetpack_dont_email_post_to_subs":false,"_jetpack_newsletter_tier_id":0,"_jetpack_memberships_contains_paywalled_content":false,"_jetpack_memberships_contains_paid_content":false,"footnotes":"","jetpack_publicize_message":"","jetpack_publicize_feature_enabled":true,"jetpack_social_post_already_shared":false,"jetpack_social_options":{"image_generator_settings":{"template":"highway","default_image_id":0,"font":"","enabled":false},"version":2}},"categories":[832,773,887,81],"tags":[147],"class_list":["post-25869","post","type-post","status-publish","format-standard","has-post-thumbnail","hentry","category-academia-de-idiomas","category-cursos","category-eventos","category-extension-universitaria","tag-alemania"],"jetpack_publicize_connections":[],"jetpack_featured_media_url":"https:\/\/www.ing.una.py\/FIUNA3\/wp-content\/uploads\/2017\/08\/aleman.png","jetpack_shortlink":"https:\/\/wp.me\/pc8Odv-6Jf","jetpack_likes_enabled":true,"jetpack_sharing_enabled":true,"jetpack-related-posts":[],"_links":{"self":[{"href":"https:\/\/www.ing.una.py\/FIUNA3\/index.php?rest_route=\/wp\/v2\/posts\/25869","targetHints":{"allow":["GET"]}}],"collection":[{"href":"https:\/\/www.ing.una.py\/FIUNA3\/index.php?rest_route=\/wp\/v2\/posts"}],"about":[{"href":"https:\/\/www.ing.una.py\/FIUNA3\/index.php?rest_route=\/wp\/v2\/types\/post"}],"author":[{"embeddable":true,"href":"https:\/\/www.ing.una.py\/FIUNA3\/index.php?rest_route=\/wp\/v2\/users\/1"}],"replies":[{"embeddable":true,"href":"https:\/\/www.ing.una.py\/FIUNA3\/index.php?rest_route=%2Fwp%2Fv2%2Fcomments&post=25869"}],"version-history":[{"count":1,"href":"https:\/\/www.ing.una.py\/FIUNA3\/index.php?rest_route=\/wp\/v2\/posts\/25869\/revisions"}],"predecessor-version":[{"id":70815,"href":"https:\/\/www.ing.una.py\/FIUNA3\/index.php?rest_route=\/wp\/v2\/posts\/25869\/revisions\/70815"}],"wp:featuredmedia":[{"embeddable":true,"href":"https:\/\/www.ing.una.py\/FIUNA3\/index.php?rest_route=\/wp\/v2\/media\/25876"}],"wp:attachment":[{"href":"https:\/\/www.ing.una.py\/FIUNA3\/index.php?rest_route=%2Fwp%2Fv2%2Fmedia&parent=25869"}],"wp:term":[{"taxonomy":"category","embeddable":true,"href":"https:\/\/www.ing.una.py\/FIUNA3\/index.php?rest_route=%2Fwp%2Fv2%2Fcategories&post=25869"},{"taxonomy":"post_tag","embeddable":true,"href":"https:\/\/www.ing.una.py\/FIUNA3\/index.php?rest_route=%2Fwp%2Fv2%2Ftags&post=25869"}],"curies":[{"name":"wp","href":"https:\/\/api.w.org\/{rel}","templated":true}]}}