{"id":26091,"date":"2017-09-07T12:07:16","date_gmt":"2017-09-07T16:07:16","guid":{"rendered":"http:\/\/www.ing.una.py\/?p=26091"},"modified":"2024-12-16T14:04:28","modified_gmt":"2024-12-16T17:04:28","slug":"etyc-2017-xvexposicion-tecnologica-y-cientifica","status":"publish","type":"post","link":"https:\/\/www.ing.una.py\/FIUNA3\/?p=26091","title":{"rendered":"ETyC 2017 &#8211; XVExposici\u00f3n Tecnol\u00f3gica y Cient\u00edfica"},"content":{"rendered":"<p><![CDATA[Se invita a todos los estudiantes de la <strong>Facultad de Ingenier\u00eda de la Universidad Nacional de Asunci\u00f3n (FIUNA)<\/strong> interesados en participar promoviendo las carreras de la Instituci\u00f3n en la<strong>\u00a0XV Exposici\u00f3n\u00a0Tecnol\u00f3gica\u00a0y Cient\u00edfica\u00a0&#8211; ETyC 2017<\/strong>, a llevarse a cabo desde el martes 19 \u00a0al jueves 21 de septiembre del corriente en la Facultad Polit\u00e9cnica, Campus de la UNA.\u00a0<!--more-->\nLa ETyC es organizada anualmente por la Facultad Polit\u00e9cnica (FP-UNA) en el mes de septiembre, en ocasi\u00f3n del aniversario de fundaci\u00f3n de la Universidad Nacional de Asunci\u00f3n.\n<strong>La inscripciones se realizan a partir de hoy<\/strong> jueves 07 de septiembre hasta llenar los cupos disponibles, en Extensi\u00f3n de la FIUNA, en el horario de lunes a viernes de 08:00 a 19:30hs y s\u00e1bados hasta el medio d\u00eda, en el segundo piso del Edif. Enzo Debernardi. Valdr\u00e1n 3 cr\u00e9ditos por cada turno.\n<strong>Para mas informaciones sobre la Feria<a href=\"http:\/\/etyc.pol.una.py\/sobre-etyc.php\" target=\"_blank\" rel=\"noopener\"> ingresar aqu\u00ed<\/a><\/strong>\n<a href=\"http:\/\/www.ing.una.py\/wp-content\/uploads\/2017\/09\/ETyC2017.jpg\"><img loading=\"lazy\" decoding=\"async\" data-attachment-id=\"26092\" data-permalink=\"https:\/\/www.ing.una.py\/FIUNA3\/?attachment_id=26092\" data-orig-file=\"https:\/\/www.ing.una.py\/FIUNA3\/wp-content\/uploads\/2017\/09\/ETyC2017.jpg\" data-orig-size=\"1448,2048\" data-comments-opened=\"1\" data-image-meta=\"{&quot;aperture&quot;:&quot;0&quot;,&quot;credit&quot;:&quot;&quot;,&quot;camera&quot;:&quot;&quot;,&quot;caption&quot;:&quot;&quot;,&quot;created_timestamp&quot;:&quot;0&quot;,&quot;copyright&quot;:&quot;&quot;,&quot;focal_length&quot;:&quot;0&quot;,&quot;iso&quot;:&quot;0&quot;,&quot;shutter_speed&quot;:&quot;0&quot;,&quot;title&quot;:&quot;&quot;,&quot;orientation&quot;:&quot;0&quot;}\" data-image-title=\"ETyC2017\" data-image-description=\"&lt;p&gt;&lt;![CDATA[]]&gt;    \t&lt;\/p&gt;\n\" data-image-caption=\"\" data-large-file=\"https:\/\/www.ing.una.py\/FIUNA3\/wp-content\/uploads\/2017\/09\/ETyC2017-724x1024.jpg\" class=\"aligncenter wp-image-26092\" src=\"http:\/\/www.ing.una.py\/wp-content\/uploads\/2017\/09\/ETyC2017-424x600.jpg\" alt=\"\" width=\"580\" height=\"820\" \/><\/a>]]>    \t<\/p>\n","protected":false},"excerpt":{"rendered":"<p>Facultad de Ingenier\u00eda de la Universidad Nacional de Asunci\u00f3n (FIUNA) interesados en participar promoviendo las carreras de la Instituci\u00f3n en la\u00a0XV Exposici\u00f3n\u00a0Tecnol\u00f3gica\u00a0y Cient\u00edfica\u00a0&#8211; ETyC 2017, a llevarse a cabo desde el martes 19 \u00a0al jueves 21 de septiembre del corriente en la Facultad Polit\u00e9cnica, Campus de la UNA.\u00a0<\/p>\n","protected":false},"author":1,"featured_media":26093,"comment_status":"open","ping_status":"open","sticky":false,"template":"","format":"standard","meta":{"_bbp_topic_count":0,"_bbp_reply_count":0,"_bbp_total_topic_count":0,"_bbp_total_reply_count":0,"_bbp_voice_count":0,"_bbp_anonymous_reply_count":0,"_bbp_topic_count_hidden":0,"_bbp_reply_count_hidden":0,"_bbp_forum_subforum_count":0,"advanced_seo_description":"","jetpack_seo_html_title":"","jetpack_seo_noindex":false,"jetpack_post_was_ever_published":false,"_jetpack_newsletter_access":"","_jetpack_dont_email_post_to_subs":false,"_jetpack_newsletter_tier_id":0,"_jetpack_memberships_contains_paywalled_content":false,"_jetpack_memberships_contains_paid_content":false,"footnotes":"","jetpack_publicize_message":"","jetpack_publicize_feature_enabled":true,"jetpack_social_post_already_shared":false,"jetpack_social_options":{"image_generator_settings":{"template":"highway","default_image_id":0,"font":"","enabled":false},"version":2}},"categories":[887,81,876],"tags":[],"class_list":["post-26091","post","type-post","status-publish","format-standard","has-post-thumbnail","hentry","category-eventos","category-extension-universitaria","category-feria"],"jetpack_publicize_connections":[],"jetpack_featured_media_url":"https:\/\/www.ing.una.py\/FIUNA3\/wp-content\/uploads\/2017\/09\/ETyC2017-logo.jpg","jetpack_shortlink":"https:\/\/wp.me\/pc8Odv-6MP","jetpack_likes_enabled":true,"jetpack_sharing_enabled":true,"jetpack-related-posts":[],"_links":{"self":[{"href":"https:\/\/www.ing.una.py\/FIUNA3\/index.php?rest_route=\/wp\/v2\/posts\/26091","targetHints":{"allow":["GET"]}}],"collection":[{"href":"https:\/\/www.ing.una.py\/FIUNA3\/index.php?rest_route=\/wp\/v2\/posts"}],"about":[{"href":"https:\/\/www.ing.una.py\/FIUNA3\/index.php?rest_route=\/wp\/v2\/types\/post"}],"author":[{"embeddable":true,"href":"https:\/\/www.ing.una.py\/FIUNA3\/index.php?rest_route=\/wp\/v2\/users\/1"}],"replies":[{"embeddable":true,"href":"https:\/\/www.ing.una.py\/FIUNA3\/index.php?rest_route=%2Fwp%2Fv2%2Fcomments&post=26091"}],"version-history":[{"count":1,"href":"https:\/\/www.ing.una.py\/FIUNA3\/index.php?rest_route=\/wp\/v2\/posts\/26091\/revisions"}],"predecessor-version":[{"id":71484,"href":"https:\/\/www.ing.una.py\/FIUNA3\/index.php?rest_route=\/wp\/v2\/posts\/26091\/revisions\/71484"}],"wp:featuredmedia":[{"embeddable":true,"href":"https:\/\/www.ing.una.py\/FIUNA3\/index.php?rest_route=\/wp\/v2\/media\/26093"}],"wp:attachment":[{"href":"https:\/\/www.ing.una.py\/FIUNA3\/index.php?rest_route=%2Fwp%2Fv2%2Fmedia&parent=26091"}],"wp:term":[{"taxonomy":"category","embeddable":true,"href":"https:\/\/www.ing.una.py\/FIUNA3\/index.php?rest_route=%2Fwp%2Fv2%2Fcategories&post=26091"},{"taxonomy":"post_tag","embeddable":true,"href":"https:\/\/www.ing.una.py\/FIUNA3\/index.php?rest_route=%2Fwp%2Fv2%2Ftags&post=26091"}],"curies":[{"name":"wp","href":"https:\/\/api.w.org\/{rel}","templated":true}]}}