{"id":26458,"date":"2017-09-21T15:47:05","date_gmt":"2017-09-21T19:47:05","guid":{"rendered":"http:\/\/www.ing.una.py\/?p=26458"},"modified":"2025-05-22T14:17:01","modified_gmt":"2025-05-22T17:17:01","slug":"nvitacion-a-participar-de-la-defensa-de-tesis-de-maestria-en-ingenieria-electronica-del-ing-osvaldo-gonzalez","status":"publish","type":"post","link":"https:\/\/www.ing.una.py\/FIUNA3\/?p=26458","title":{"rendered":"Invitaci\u00f3n a participar de la defensa de Tesis de Maestr\u00eda en Ingenier\u00eda Electr\u00f3nica del Ing. Osvaldo Gonz\u00e1lez"},"content":{"rendered":"<p>El Ing. <strong>Osvaldo Juli\u00e1n Gonz\u00e1lez Barrios<\/strong> presentar\u00e1 el pr\u00f3ximo viernes 22 de setiembre a las 16:00 hs., la Defensa de Tesis de Maestr\u00eda titulada <em><strong>\u201cControl predictivo basado en frecuencia fija aplicado al accionamiento el\u00e9ctrico de cinco fases\u201d<\/strong><\/em>. El acto de defensa se constituye como el \u00faltimo requisito para optar al grado de M\u00e1ster en Ingenier\u00eda Electr\u00f3nica con \u00e9nfasis en Electr\u00f3nica de Potencia \u2013 1ra Edicion, de la\u00a0<strong>Facultad de Ingenier\u00eda de la Universidad Nacional de Asunci\u00f3n (FIUNA)<\/strong>. El evento ser\u00e1 llevado a cabo en el Sal\u00f3n Auditorio del Edificio \u201cEnzo Debernardi\u201d de la Instituci\u00f3n.<!--more--><\/p>\n<h4>El tribunal que evaluar\u00e1 la Tesis estar\u00e1 conformado por los siguientes profesores:<\/h4>\n<ul>\n<li><strong>Prof. MBA. Ing. Pedro A. Ferreira E.<\/strong>, Decano<\/li>\n<li><strong>Dr. Antonio Aquino, <\/strong>Presidente.<\/li>\n<li><strong>Dr. Ra\u00fal Igmar Gregor Recalde<\/strong>, Secretario.<\/li>\n<li><strong>MSc. Bel\u00e9n Mart\u00ednez,<\/strong> Vocal.<\/li>\n<li><strong>Dr. Jorge Andr\u00e9s Molina,<\/strong> Vocal.<\/li>\n<li><strong>Dr. Derlis O. Gregor Recalde,<\/strong> Vocal.<\/li>\n<\/ul>\n<p>Cabe mencionar que el programa de Maestr\u00eda 14-POS-031 ha sido financiado por el C<strong>onsejo Nacional de Ciencia y Tecnolog\u00eda (CONACYT),<\/strong> en el marco de la componente <strong>II1. Fondo para proyectos de creaci\u00f3n y fortalecimiento de postgrados nacionales<\/strong>, que enfoca sus objetivos a la formaci\u00f3n de capital humano de excelencia para la investigaci\u00f3n y desarrollo.<\/p>\n<figure id=\"attachment_26459\" aria-describedby=\"caption-attachment-26459\" style=\"width: 580px\" class=\"wp-caption aligncenter\"><a href=\"https:\/\/www.ing.una.py\/wp-content\/uploads\/2017\/09\/Portada_Libro_Osvaldo-Gonzalez.jpg\"><img loading=\"lazy\" decoding=\"async\" data-attachment-id=\"26459\" data-permalink=\"https:\/\/www.ing.una.py\/FIUNA3\/?attachment_id=26459\" data-orig-file=\"https:\/\/www.ing.una.py\/FIUNA3\/wp-content\/uploads\/2017\/09\/Portada_Libro_Osvaldo-Gonzalez.jpg\" data-orig-size=\"1200,843\" data-comments-opened=\"1\" data-image-meta=\"{&quot;aperture&quot;:&quot;0&quot;,&quot;credit&quot;:&quot;&quot;,&quot;camera&quot;:&quot;&quot;,&quot;caption&quot;:&quot;&quot;,&quot;created_timestamp&quot;:&quot;0&quot;,&quot;copyright&quot;:&quot;&quot;,&quot;focal_length&quot;:&quot;0&quot;,&quot;iso&quot;:&quot;0&quot;,&quot;shutter_speed&quot;:&quot;0&quot;,&quot;title&quot;:&quot;&quot;,&quot;orientation&quot;:&quot;0&quot;}\" data-image-title=\"Portada_Libro_Osvaldo Gonzalez\" data-image-description=\"&lt;p&gt;&lt;![CDATA[]]&gt;    \t&lt;\/p&gt;\n\" data-image-caption=\"\" data-large-file=\"https:\/\/www.ing.una.py\/FIUNA3\/wp-content\/uploads\/2017\/09\/Portada_Libro_Osvaldo-Gonzalez-1024x719.jpg\" class=\"wp-image-26459\" src=\"https:\/\/www.ing.una.py\/wp-content\/uploads\/2017\/09\/Portada_Libro_Osvaldo-Gonzalez.jpg\" alt=\"\" width=\"580\" height=\"407\" srcset=\"https:\/\/www.ing.una.py\/FIUNA3\/wp-content\/uploads\/2017\/09\/Portada_Libro_Osvaldo-Gonzalez.jpg 1200w, https:\/\/www.ing.una.py\/FIUNA3\/wp-content\/uploads\/2017\/09\/Portada_Libro_Osvaldo-Gonzalez-300x211.jpg 300w, https:\/\/www.ing.una.py\/FIUNA3\/wp-content\/uploads\/2017\/09\/Portada_Libro_Osvaldo-Gonzalez-768x540.jpg 768w, https:\/\/www.ing.una.py\/FIUNA3\/wp-content\/uploads\/2017\/09\/Portada_Libro_Osvaldo-Gonzalez-1024x719.jpg 1024w\" sizes=\"auto, (max-width: 580px) 100vw, 580px\" \/><\/a><figcaption id=\"caption-attachment-26459\" class=\"wp-caption-text\">Invitaci\u00f3n a participar de la defensa de Tesis de Maestr\u00eda en Ingenier\u00eda Electr\u00f3nica del Ing. Osvaldo Gonz\u00e1lez<\/figcaption><\/figure>\n","protected":false},"excerpt":{"rendered":"<p>El Ing. Osvaldo Juli\u00e1n Gonz\u00e1lez Barrios presentar\u00e1 el pr\u00f3ximo viernes 22 de setiembre a las 16:00 hs., la Defensa de Tesis de Maestr\u00eda titulada \u201cControl predictivo basado en frecuencia fija aplicado al accionamiento el\u00e9ctrico de cinco fases\u201d. El acto de defensa se constituye como el \u00faltimo requisito para optar al grado de M\u00e1ster en Ingenier\u00eda Electr\u00f3nica con \u00e9nfasis en Electr\u00f3nica de Potencia \u2013 1ra Edicion, de la\u00a0Facultad de Ingenier\u00eda de la Universidad Nacional de Asunci\u00f3n (FIUNA). El evento ser\u00e1 llevado a cabo en el Sal\u00f3n Auditorio del Edificio \u201cEnzo Debernardi\u201d de la Instituci\u00f3n.<\/p>\n","protected":false},"author":1,"featured_media":68186,"comment_status":"open","ping_status":"open","sticky":false,"template":"","format":"standard","meta":{"_bbp_topic_count":0,"_bbp_reply_count":0,"_bbp_total_topic_count":0,"_bbp_total_reply_count":0,"_bbp_voice_count":0,"_bbp_anonymous_reply_count":0,"_bbp_topic_count_hidden":0,"_bbp_reply_count_hidden":0,"_bbp_forum_subforum_count":0,"advanced_seo_description":"","jetpack_seo_html_title":"","jetpack_seo_noindex":false,"jetpack_post_was_ever_published":false,"_jetpack_newsletter_access":"","_jetpack_dont_email_post_to_subs":false,"_jetpack_newsletter_tier_id":0,"_jetpack_memberships_contains_paywalled_content":false,"_jetpack_memberships_contains_paid_content":false,"footnotes":"","jetpack_publicize_message":"","jetpack_publicize_feature_enabled":true,"jetpack_social_post_already_shared":false,"jetpack_social_options":{"image_generator_settings":{"template":"highway","default_image_id":0,"font":"","enabled":false},"version":2}},"categories":[887,614],"tags":[384,100,410,386],"class_list":["post-26458","post","type-post","status-publish","format-standard","has-post-thumbnail","hentry","category-eventos","category-maestria-a-presentarse","tag-conacyt","tag-ing-electronica","tag-lspyc","tag-prociencia"],"jetpack_publicize_connections":[],"jetpack_featured_media_url":"https:\/\/www.ing.una.py\/FIUNA3\/wp-content\/uploads\/2024\/03\/logo-fondo-blanco.png","jetpack_shortlink":"https:\/\/wp.me\/pc8Odv-6SK","jetpack_likes_enabled":true,"jetpack_sharing_enabled":true,"jetpack-related-posts":[],"_links":{"self":[{"href":"https:\/\/www.ing.una.py\/FIUNA3\/index.php?rest_route=\/wp\/v2\/posts\/26458","targetHints":{"allow":["GET"]}}],"collection":[{"href":"https:\/\/www.ing.una.py\/FIUNA3\/index.php?rest_route=\/wp\/v2\/posts"}],"about":[{"href":"https:\/\/www.ing.una.py\/FIUNA3\/index.php?rest_route=\/wp\/v2\/types\/post"}],"author":[{"embeddable":true,"href":"https:\/\/www.ing.una.py\/FIUNA3\/index.php?rest_route=\/wp\/v2\/users\/1"}],"replies":[{"embeddable":true,"href":"https:\/\/www.ing.una.py\/FIUNA3\/index.php?rest_route=%2Fwp%2Fv2%2Fcomments&post=26458"}],"version-history":[{"count":4,"href":"https:\/\/www.ing.una.py\/FIUNA3\/index.php?rest_route=\/wp\/v2\/posts\/26458\/revisions"}],"predecessor-version":[{"id":78704,"href":"https:\/\/www.ing.una.py\/FIUNA3\/index.php?rest_route=\/wp\/v2\/posts\/26458\/revisions\/78704"}],"wp:featuredmedia":[{"embeddable":true,"href":"https:\/\/www.ing.una.py\/FIUNA3\/index.php?rest_route=\/wp\/v2\/media\/68186"}],"wp:attachment":[{"href":"https:\/\/www.ing.una.py\/FIUNA3\/index.php?rest_route=%2Fwp%2Fv2%2Fmedia&parent=26458"}],"wp:term":[{"taxonomy":"category","embeddable":true,"href":"https:\/\/www.ing.una.py\/FIUNA3\/index.php?rest_route=%2Fwp%2Fv2%2Fcategories&post=26458"},{"taxonomy":"post_tag","embeddable":true,"href":"https:\/\/www.ing.una.py\/FIUNA3\/index.php?rest_route=%2Fwp%2Fv2%2Ftags&post=26458"}],"curies":[{"name":"wp","href":"https:\/\/api.w.org\/{rel}","templated":true}]}}