{"id":26569,"date":"2017-09-27T12:25:50","date_gmt":"2017-09-27T16:25:50","guid":{"rendered":"http:\/\/www.ing.una.py\/?p=26569"},"modified":"2024-12-05T14:25:06","modified_gmt":"2024-12-05T17:25:06","slug":"curso-taller-adaptacion-y-resiliencia-de-las-carreteras-ante-el-cambio-climatico","status":"publish","type":"post","link":"https:\/\/www.ing.una.py\/FIUNA3\/?p=26569","title":{"rendered":"Curso Taller &quot;Adaptaci\u00f3n y resiliencia de las Carreteras ante el cambio clim\u00e1tico&quot;"},"content":{"rendered":"<p><![CDATA[<strong>La Asociaci\u00f3n Paraguaya de Carreteras<\/strong> organiza e invita a participar del\u00a0<em><strong>Curso Taller \u00abAdaptaci\u00f3n y resiliencia de las Carreteras ante el cambio clim\u00e1tico\u00bb,\u00a0<\/strong><\/em>a realizarse los d\u00edas <strong>mi\u00e9rcoles 27 y jueves 28<\/strong> de setiembre del corriente, de<strong> 14:00 a 17:45 hs<\/strong> y de <strong>08:00 a 13:15 hs<\/strong> respectivamente, en el Gran Sal\u00f3n del Hotel Granados Park,\u00a0Estrella esq. 15 de Agosto, Asuncion, Paraguay.\n<!--more-->\n<strong>Estar\u00e1 como disertante; MC Juan Fernando Mendoza S\u00e1nchez\u00a0(M\u00e9xico)<\/strong>, Ingeniero Civil, especialista en Ingenier\u00eda de V\u00edas Terrestres e Impacto Ambiental, con Maestr\u00eda en Ciencias con especialidad en Ingenier\u00eda de Tr\u00e1nsito. Es investigador Titular y Jefe del Grupo de investigaci\u00f3n de Medio Ambiente, en\u00a0la Coordinaci\u00f3n de Infraestructura del Instituto Mexicano del Transporte. Es profesor de Movilidad Sustentable en la Universidad Aut\u00f3noma de Quer\u00e9taro, de Ingenier\u00eda de Carreteras e Infraestructura para el Transporte en el Tec de Monterrey, campus Quer\u00e9taro. Ha participado en diversos comit\u00e9s para el desarrollo de normas ambientales para M\u00e9xico relacionadas con la\u00a0operaci\u00f3n del transporte terrestre, as\u00ed como haber participado como Secretario hispano hablante en el Comit\u00e9 A.1 \u201cPreservar el medio ambiente\u201d en el Plan Estrat\u00e9gico 2008-2011, as\u00ed como en el Comit\u00e9 1.3 \u201cCambio clim\u00e1tico y sustentabilidad\u201d en el Estrat\u00e9gico 2012-2015, y actualmente en el Comit\u00e9 E.1 \u201cEstrategias para la adaptaci\u00f3n y la resiliencia de las carreteras ante el cambio clim\u00e1tico\u201d en el Estrat\u00e9gico 2016-2019, de la Asociaci\u00f3n Mundial de la Carretera.\n<strong>El evento esta dirigido a<\/strong> tomadores de decisiones y expertos,\u00a0t\u00e9cnicos de cualquier agencia de carreteras, ya sea de nivel nacional o regional, que se encuentren fuertemente vinculados a la operaci\u00f3n y mantenimiento de las carreteras, particularmente en la atenci\u00f3n de los riesgos asociados a fen\u00f3menos clim\u00e1ticos.\n\n\n<h3>Objetivo del Curso<\/h3>\n\n\nAyudar a los tomadores de decisiones de las organizaciones del transporte, en el desarrollo de respuestas de adaptaci\u00f3n al cambio clim\u00e1tico apropiadas para su Infraestructura de transporte por carretera. Capacitar a los ingenieros de carreteras sobre el cambio clim\u00e1tico, c\u00f3mo identificar los riesgos de la red de carreteras, como evaluarlos y priorizarlos y la identificaci\u00f3n de respuestas de adaptaci\u00f3n, hasta incluirlos en un programa de implementaci\u00f3n, que orientes a los programas de conservaci\u00f3n de carreteras. De manera que, sean identificados aquellos con un alto impacto para la red de transporte, puedan ser atendidos mediante el desarrollo de estrategias y respuestas de adaptaci\u00f3n, y que dichas acciones puedan ser incorporadas a los programas de inversi\u00f3n de los organismos de carreteras.\n\n\n<h3 style=\"text-align: center;\">Las plazas son limitadas<\/h3>\n\n\n\n\n<h3>Para m\u00e1s informes e inscripciones<\/h3>\n\n\n<a href=\"mailto:info@apcarreteras.org.py\" target=\"_blank\" rel=\"noopener\">info@apcarreteras.org.py<\/a>\n<a href=\"mailto:mgmcomp@hotmail.com\" target=\"_blank\" rel=\"noopener\">mgmcomp@hotmail.com<\/a>\n021 201 424 \/ 021 205 019\n<a href=\"http:\/\/apcarreteras.org.py\/curso-taller\/\" target=\"_blank\" rel=\"noopener\">http:\/\/apcarreteras.org.py\/curso-taller\/<\/a>\n[caption id=\"attachment_26570\" align=\"aligncenter\" width=\"580\"]<a href=\"http:\/\/www.ing.una.py\/wp-content\/uploads\/2017\/09\/Folleto.jpg\"><img loading=\"lazy\" decoding=\"async\" data-attachment-id=\"26570\" data-permalink=\"https:\/\/www.ing.una.py\/FIUNA3\/?attachment_id=26570\" data-orig-file=\"https:\/\/www.ing.una.py\/FIUNA3\/wp-content\/uploads\/2017\/09\/Folleto.jpg\" data-orig-size=\"960,960\" data-comments-opened=\"1\" data-image-meta=\"{&quot;aperture&quot;:&quot;0&quot;,&quot;credit&quot;:&quot;&quot;,&quot;camera&quot;:&quot;&quot;,&quot;caption&quot;:&quot;&quot;,&quot;created_timestamp&quot;:&quot;0&quot;,&quot;copyright&quot;:&quot;&quot;,&quot;focal_length&quot;:&quot;0&quot;,&quot;iso&quot;:&quot;0&quot;,&quot;shutter_speed&quot;:&quot;0&quot;,&quot;title&quot;:&quot;&quot;,&quot;orientation&quot;:&quot;0&quot;}\" data-image-title=\"Folleto\" data-image-description=\"&lt;p&gt;&lt;![CDATA[]]&gt;    \t&lt;\/p&gt;\n\" data-image-caption=\"\" data-large-file=\"https:\/\/www.ing.una.py\/FIUNA3\/wp-content\/uploads\/2017\/09\/Folleto.jpg\" class=\"wp-image-26570\" src=\"http:\/\/www.ing.una.py\/wp-content\/uploads\/2017\/09\/Folleto.jpg\" alt=\"\" width=\"580\" height=\"580\" srcset=\"https:\/\/www.ing.una.py\/FIUNA3\/wp-content\/uploads\/2017\/09\/Folleto.jpg 960w, https:\/\/www.ing.una.py\/FIUNA3\/wp-content\/uploads\/2017\/09\/Folleto-150x150.jpg 150w, https:\/\/www.ing.una.py\/FIUNA3\/wp-content\/uploads\/2017\/09\/Folleto-300x300.jpg 300w, https:\/\/www.ing.una.py\/FIUNA3\/wp-content\/uploads\/2017\/09\/Folleto-768x768.jpg 768w\" sizes=\"auto, (max-width: 580px) 100vw, 580px\" \/><\/a> Curso Taller \u00abAdaptaci\u00f3n y resiliencia de las Carreteras ante el cambio clim\u00e1tico\u00bb[\/caption]\n\n\n<h3>Programa del curso<\/h3>\n\n\n[gview file=\u00bbhttp:\/\/www.ing.una.py\/wp-content\/uploads\/2017\/09\/diptico4.pdf\u00bb]\n&nbsp;]]>    \t<\/p>\n","protected":false},"excerpt":{"rendered":"<p>La Asociaci\u00f3n Paraguaya de Carreteras organiza e invita a participar del\u00a0Curso Taller \u00abAdaptaci\u00f3n y resiliencia de las Carreteras ante el cambio clim\u00e1tico\u00bb,\u00a0a realizarse los d\u00edas mi\u00e9rcoles 27 y jueves 28 de setiembre del corriente, de 14:00 a 17:45 hs y de 08:00 a 13:15 hs respectivamente, en el Gran Sal\u00f3n del Hotel Granados Park,\u00a0Estrella esq. 15 de Agosto, Asuncion, Paraguay.<\/p>\n","protected":false},"author":1,"featured_media":26572,"comment_status":"open","ping_status":"open","sticky":false,"template":"","format":"standard","meta":{"_bbp_topic_count":0,"_bbp_reply_count":0,"_bbp_total_topic_count":0,"_bbp_total_reply_count":0,"_bbp_voice_count":0,"_bbp_anonymous_reply_count":0,"_bbp_topic_count_hidden":0,"_bbp_reply_count_hidden":0,"_bbp_forum_subforum_count":0,"advanced_seo_description":"","jetpack_seo_html_title":"","jetpack_seo_noindex":false,"jetpack_post_was_ever_published":false,"_jetpack_newsletter_access":"","_jetpack_dont_email_post_to_subs":false,"_jetpack_newsletter_tier_id":0,"_jetpack_memberships_contains_paywalled_content":false,"_jetpack_memberships_contains_paid_content":false,"footnotes":"","jetpack_publicize_message":"","jetpack_publicize_feature_enabled":true,"jetpack_social_post_already_shared":false,"jetpack_social_options":{"image_generator_settings":{"template":"highway","default_image_id":0,"font":"","enabled":false},"version":2}},"categories":[773,887,153],"tags":[201],"class_list":["post-26569","post","type-post","status-publish","format-standard","has-post-thumbnail","hentry","category-cursos","category-eventos","category-taller","tag-civil"],"jetpack_publicize_connections":[],"jetpack_featured_media_url":"https:\/\/www.ing.una.py\/FIUNA3\/wp-content\/uploads\/2017\/09\/img.jpg","jetpack_shortlink":"https:\/\/wp.me\/pc8Odv-6Ux","jetpack_likes_enabled":true,"jetpack_sharing_enabled":true,"jetpack-related-posts":[],"_links":{"self":[{"href":"https:\/\/www.ing.una.py\/FIUNA3\/index.php?rest_route=\/wp\/v2\/posts\/26569","targetHints":{"allow":["GET"]}}],"collection":[{"href":"https:\/\/www.ing.una.py\/FIUNA3\/index.php?rest_route=\/wp\/v2\/posts"}],"about":[{"href":"https:\/\/www.ing.una.py\/FIUNA3\/index.php?rest_route=\/wp\/v2\/types\/post"}],"author":[{"embeddable":true,"href":"https:\/\/www.ing.una.py\/FIUNA3\/index.php?rest_route=\/wp\/v2\/users\/1"}],"replies":[{"embeddable":true,"href":"https:\/\/www.ing.una.py\/FIUNA3\/index.php?rest_route=%2Fwp%2Fv2%2Fcomments&post=26569"}],"version-history":[{"count":1,"href":"https:\/\/www.ing.una.py\/FIUNA3\/index.php?rest_route=\/wp\/v2\/posts\/26569\/revisions"}],"predecessor-version":[{"id":67766,"href":"https:\/\/www.ing.una.py\/FIUNA3\/index.php?rest_route=\/wp\/v2\/posts\/26569\/revisions\/67766"}],"wp:featuredmedia":[{"embeddable":true,"href":"https:\/\/www.ing.una.py\/FIUNA3\/index.php?rest_route=\/wp\/v2\/media\/26572"}],"wp:attachment":[{"href":"https:\/\/www.ing.una.py\/FIUNA3\/index.php?rest_route=%2Fwp%2Fv2%2Fmedia&parent=26569"}],"wp:term":[{"taxonomy":"category","embeddable":true,"href":"https:\/\/www.ing.una.py\/FIUNA3\/index.php?rest_route=%2Fwp%2Fv2%2Fcategories&post=26569"},{"taxonomy":"post_tag","embeddable":true,"href":"https:\/\/www.ing.una.py\/FIUNA3\/index.php?rest_route=%2Fwp%2Fv2%2Ftags&post=26569"}],"curies":[{"name":"wp","href":"https:\/\/api.w.org\/{rel}","templated":true}]}}