{"id":28934,"date":"2018-02-12T08:27:30","date_gmt":"2018-02-12T12:27:30","guid":{"rendered":"http:\/\/www.ing.una.py\/?p=28934"},"modified":"2024-12-04T14:56:59","modified_gmt":"2024-12-04T17:56:59","slug":"charla-magistral-la-mecanica-cuantica-iniciando-una-nueva-era-tecnologica-la-computacion-cuantica","status":"publish","type":"post","link":"https:\/\/www.ing.una.py\/FIUNA3\/?p=28934","title":{"rendered":"Charla Magistral &quot;La Mec\u00e1nica Cu\u00e1ntica iniciando una nueva ERA TECNOL\u00d3GICA: La Computaci\u00f3n Cu\u00e1ntica&quot;"},"content":{"rendered":"<p><![CDATA[La\u00a0<strong>Facultad de Ingenier\u00eda de la Universidad Nacional de Asunci\u00f3n\u00a0<\/strong><strong>(FIUNA)<em>,<\/em><\/strong>\u00a0invita a participar de la charla magistral denominada <em><strong>\u00abL<\/strong><strong>a Mec\u00e1nica Cu\u00e1ntica iniciando una nueva ERA TECNOL\u00d3GICA:\u00a0<\/strong><strong>La Computaci\u00f3n Cu\u00e1ntica\u00bb<\/strong><\/em>\u00a0a realizarse el\u00a0<strong>jueves 22 de febrero\u00a0<\/strong>del corriente, de<strong> 18:15 a 20:00 hs<\/strong> en el <strong>Sal\u00f3n Auditorio del Edificio \u201cEnzo Debernardi\u201d de la Instituci\u00f3n.<\/strong><!--more-->\nEstar\u00e1 como disertante el\u00a0<a href=\"http:\/\/cvbaran.cba.com.py\/\" target=\"_blank\" rel=\"noopener\"><strong>Prof. Benjam\u00edn Bar\u00e1n<\/strong><\/a>,\u00a0Premio Nacional de Ciencias 1996, Doctor en Ingenier\u00eda de Sistemas y Computaci\u00f3n (Universidad Federal de R\u00edo de Janeiro \u2013 Brasil, 1993), Master en Ingenier\u00eda El\u00e9ctrica (Northeastern University, Boston \u2013 Estados Unidos, 1987), Ingeniero Electr\u00f3nico (Universidad Nacional de Asunci\u00f3n, Paraguay \u2013 1983),\nEl evento es organizado por la C\u00e1tedra de F\u00cdsica 3 y se abordar\u00e1n temas relacionados a las aplicaciones de la F\u00edsica en la computaci\u00f3n cu\u00e1ntica, los grandes avances en su desarrollo.\u00a0Se otorgar\u00e1n cr\u00e9ditos de Extensi\u00f3n.\n<strong>El acceso es libre y gratuito.<\/strong>\u00a0<strong>Para m\u00e1s\u00a0informes contactar con la Direcci\u00f3n de Extensi\u00f3n,\u00a02\u00ba Piso del Edificio Enzo Debernardi \u2013 Int 1570.<\/strong>\n[caption id=\"attachment_28973\" align=\"aligncenter\" width=\"580\"]<a href=\"http:\/\/www.ing.una.py\/wp-content\/uploads\/2018\/02\/clase-magistral-computaci\u00f3n-cu\u00e1ntica.jpg\"><img loading=\"lazy\" decoding=\"async\" data-attachment-id=\"28973\" data-permalink=\"https:\/\/www.ing.una.py\/FIUNA3\/?attachment_id=28973\" data-orig-file=\"https:\/\/www.ing.una.py\/FIUNA3\/wp-content\/uploads\/2018\/02\/clase-magistral-computaci\u00f3n-cu\u00e1ntica.jpg\" data-orig-size=\"794,1123\" data-comments-opened=\"1\" data-image-meta=\"{&quot;aperture&quot;:&quot;0&quot;,&quot;credit&quot;:&quot;&quot;,&quot;camera&quot;:&quot;&quot;,&quot;caption&quot;:&quot;&quot;,&quot;created_timestamp&quot;:&quot;0&quot;,&quot;copyright&quot;:&quot;&quot;,&quot;focal_length&quot;:&quot;0&quot;,&quot;iso&quot;:&quot;0&quot;,&quot;shutter_speed&quot;:&quot;0&quot;,&quot;title&quot;:&quot;&quot;,&quot;orientation&quot;:&quot;0&quot;}\" data-image-title=\"clase magistral computaci\u00f3n cu\u00e1ntica\" data-image-description=\"&lt;p&gt;&lt;![CDATA[]]&gt;    \t&lt;\/p&gt;\n\" data-image-caption=\"&lt;p&gt;Charla Magistral \u00abLa Mec\u00e1nica Cu\u00e1ntica iniciando una nueva ERA TECNOL\u00d3GICA: La Computaci\u00f3n Cu\u00e1ntica\u00bb&lt;\/p&gt;\n\" data-large-file=\"https:\/\/www.ing.una.py\/FIUNA3\/wp-content\/uploads\/2018\/02\/clase-magistral-computaci\u00f3n-cu\u00e1ntica-724x1024.jpg\" class=\"wp-image-28973\" src=\"http:\/\/www.ing.una.py\/wp-content\/uploads\/2018\/02\/clase-magistral-computaci\u00f3n-cu\u00e1ntica-424x600.jpg\" alt=\"\" width=\"580\" height=\"820\" \/><\/a> Charla Magistral \u00abLa Mec\u00e1nica Cu\u00e1ntica iniciando una nueva ERA TECNOL\u00d3GICA: La Computaci\u00f3n Cu\u00e1ntica\u00bb[\/caption]]]>    \t<\/p>\n","protected":false},"excerpt":{"rendered":"<p>Facultad de Ingenier\u00eda de la Universidad Nacional de Asunci\u00f3n\u00a0(FIUNA),\u00a0invita a participar de la charla magistral denominada \u00abLa Mec\u00e1nica Cu\u00e1ntica iniciando una nueva ERA TECNOL\u00d3GICA:\u00a0La Computaci\u00f3n Cu\u00e1ntica\u00bb\u00a0a realizarse el\u00a0jueves 22 de febrero\u00a0del corriente, de 18:15 a 20:00 hs en el Sal\u00f3n Auditorio del Edificio \u201cEnzo Debernardi\u201d de la Instituci\u00f3n.<\/p>\n","protected":false},"author":1,"featured_media":28976,"comment_status":"open","ping_status":"open","sticky":false,"template":"","format":"standard","meta":{"_bbp_topic_count":0,"_bbp_reply_count":0,"_bbp_total_topic_count":0,"_bbp_total_reply_count":0,"_bbp_voice_count":0,"_bbp_anonymous_reply_count":0,"_bbp_topic_count_hidden":0,"_bbp_reply_count_hidden":0,"_bbp_forum_subforum_count":0,"advanced_seo_description":"","jetpack_seo_html_title":"","jetpack_seo_noindex":false,"jetpack_post_was_ever_published":false,"_jetpack_newsletter_access":"","_jetpack_dont_email_post_to_subs":false,"_jetpack_newsletter_tier_id":0,"_jetpack_memberships_contains_paywalled_content":false,"_jetpack_memberships_contains_paid_content":false,"footnotes":"","jetpack_publicize_message":"","jetpack_publicize_feature_enabled":true,"jetpack_social_post_already_shared":true,"jetpack_social_options":{"image_generator_settings":{"template":"highway","default_image_id":0,"font":"","enabled":false},"version":2}},"categories":[89,887,81],"tags":[301],"class_list":["post-28934","post","type-post","status-publish","format-standard","has-post-thumbnail","hentry","category-charlas-y-debates","category-eventos","category-extension-universitaria","tag-fisica"],"jetpack_publicize_connections":[],"jetpack_featured_media_url":"https:\/\/www.ing.una.py\/FIUNA3\/wp-content\/uploads\/2018\/02\/BB-2010.jpg","jetpack_shortlink":"https:\/\/wp.me\/pc8Odv-7wG","jetpack_likes_enabled":true,"jetpack_sharing_enabled":true,"jetpack-related-posts":[],"_links":{"self":[{"href":"https:\/\/www.ing.una.py\/FIUNA3\/index.php?rest_route=\/wp\/v2\/posts\/28934","targetHints":{"allow":["GET"]}}],"collection":[{"href":"https:\/\/www.ing.una.py\/FIUNA3\/index.php?rest_route=\/wp\/v2\/posts"}],"about":[{"href":"https:\/\/www.ing.una.py\/FIUNA3\/index.php?rest_route=\/wp\/v2\/types\/post"}],"author":[{"embeddable":true,"href":"https:\/\/www.ing.una.py\/FIUNA3\/index.php?rest_route=\/wp\/v2\/users\/1"}],"replies":[{"embeddable":true,"href":"https:\/\/www.ing.una.py\/FIUNA3\/index.php?rest_route=%2Fwp%2Fv2%2Fcomments&post=28934"}],"version-history":[{"count":1,"href":"https:\/\/www.ing.una.py\/FIUNA3\/index.php?rest_route=\/wp\/v2\/posts\/28934\/revisions"}],"predecessor-version":[{"id":69768,"href":"https:\/\/www.ing.una.py\/FIUNA3\/index.php?rest_route=\/wp\/v2\/posts\/28934\/revisions\/69768"}],"wp:featuredmedia":[{"embeddable":true,"href":"https:\/\/www.ing.una.py\/FIUNA3\/index.php?rest_route=\/wp\/v2\/media\/28976"}],"wp:attachment":[{"href":"https:\/\/www.ing.una.py\/FIUNA3\/index.php?rest_route=%2Fwp%2Fv2%2Fmedia&parent=28934"}],"wp:term":[{"taxonomy":"category","embeddable":true,"href":"https:\/\/www.ing.una.py\/FIUNA3\/index.php?rest_route=%2Fwp%2Fv2%2Fcategories&post=28934"},{"taxonomy":"post_tag","embeddable":true,"href":"https:\/\/www.ing.una.py\/FIUNA3\/index.php?rest_route=%2Fwp%2Fv2%2Ftags&post=28934"}],"curies":[{"name":"wp","href":"https:\/\/api.w.org\/{rel}","templated":true}]}}