{"id":29015,"date":"2018-02-13T11:09:56","date_gmt":"2018-02-13T15:09:56","guid":{"rendered":"http:\/\/www.ing.una.py\/?p=29015"},"modified":"2024-12-04T14:56:59","modified_gmt":"2024-12-04T17:56:59","slug":"el-miercoles-21-de-febrero-se-realizara-la-charla-propiedades-y-calidad-de-aire","status":"publish","type":"post","link":"https:\/\/www.ing.una.py\/FIUNA3\/?p=29015","title":{"rendered":"El mi\u00e9rcoles 21 de febrero se realizar\u00e1 la Charla \u201cPropiedades y Calidad de Aire\u201d"},"content":{"rendered":"<p><![CDATA[Se invita a participar de la charla denominada\u00a0<em><strong>\u201cPropiedades y Calidad de Aire\u201d<\/strong><\/em>\u00a0a realizarse el\u00a0<b>mi\u00e9rcoles\u00a021 de febrero\u00a0<\/b>del corriente, de 18:00 a 20:00 hs en el Sal\u00f3n Auditorio del Edificio \u201cEnzo Debernardi\u201d de la<strong> Facultad de Ingenier\u00eda de la Universidad Nacional de Asuncion (FIUNA).<\/strong><!--more--><span id=\"more-28830\"><\/span>\nEstar\u00e1 como disertante el\u00a0<strong>Sr. Cesar Jose Velardez, <\/strong>especialista en sistemas de calidad de aire con m\u00e1s de 23 a\u00f1os de experiencia en sistemas de manejo de aire caliente, fr\u00edo, deshumidificaci\u00f3n y filtraci\u00f3n.<strong>\u00a0<\/strong>\nLa charla esta dirigida a estudiantes, profesionales y al p\u00fablico en gral. En la misma se tratar\u00e1 sobre las variables importantes a considerar al trabajar con sistemas de aire.\n<strong>El acceso es libre y gratuito.<\/strong>\u00a0A\u00a0los estudiantes de la FIUNA se les otorgar\u00e1n cr\u00e9ditos de Extensi\u00f3n.\n\n\n<h3>Para m\u00e1s\u00a0informes contactar<\/h3>\n\n\n<strong>Direcci\u00f3n de Extensi\u00f3n<\/strong>\n2\u00ba Piso del Edificio Enzo Debernardi &#8211; FIUNA\n021 585 581\/4 Int 1570.\n[caption id=\"attachment_29016\" align=\"aligncenter\" width=\"580\"]<a href=\"http:\/\/www.ing.una.py\/wp-content\/uploads\/2018\/02\/Charla-Calidad-del-Aire-e1518534349172.jpg\"><img loading=\"lazy\" decoding=\"async\" data-attachment-id=\"29016\" data-permalink=\"https:\/\/www.ing.una.py\/FIUNA3\/?attachment_id=29016\" data-orig-file=\"https:\/\/www.ing.una.py\/FIUNA3\/wp-content\/uploads\/2018\/02\/Charla-Calidad-del-Aire-e1518534349172.jpg\" data-orig-size=\"1200,1697\" data-comments-opened=\"1\" data-image-meta=\"{&quot;aperture&quot;:&quot;0&quot;,&quot;credit&quot;:&quot;&quot;,&quot;camera&quot;:&quot;&quot;,&quot;caption&quot;:&quot;&quot;,&quot;created_timestamp&quot;:&quot;0&quot;,&quot;copyright&quot;:&quot;&quot;,&quot;focal_length&quot;:&quot;0&quot;,&quot;iso&quot;:&quot;0&quot;,&quot;shutter_speed&quot;:&quot;0&quot;,&quot;title&quot;:&quot;&quot;,&quot;orientation&quot;:&quot;0&quot;}\" data-image-title=\"Charla &amp;#8211; Calidad del Aire\" data-image-description=\"&lt;p&gt;&lt;![CDATA[]]&gt;    \t&lt;\/p&gt;\n\" data-image-caption=\"\" data-large-file=\"https:\/\/www.ing.una.py\/FIUNA3\/wp-content\/uploads\/2018\/02\/Charla-Calidad-del-Aire-e1518534349172-724x1024.jpg\" class=\"wp-image-29016\" src=\"http:\/\/www.ing.una.py\/wp-content\/uploads\/2018\/02\/Charla-Calidad-del-Aire-424x600.jpg\" alt=\"\" width=\"580\" height=\"820\" \/><\/a> Charla \u201cPropiedades y Calidad de Aire\u201d[\/caption]]]>    \t<\/p>\n","protected":false},"excerpt":{"rendered":"<p>\u201cPropiedades y Calidad de Aire\u201d\u00a0a realizarse el\u00a0mi\u00e9rcoles\u00a021 de febrero\u00a0del corriente, de 18:00 a 20:00 hs en el Sal\u00f3n Auditorio del Edificio \u201cEnzo Debernardi\u201d de la Facultad de Ingenier\u00eda de la Universidad Nacional de Asuncion (FIUNA).<\/p>\n","protected":false},"author":1,"featured_media":29018,"comment_status":"open","ping_status":"open","sticky":false,"template":"","format":"standard","meta":{"_bbp_topic_count":0,"_bbp_reply_count":0,"_bbp_total_topic_count":0,"_bbp_total_reply_count":0,"_bbp_voice_count":0,"_bbp_anonymous_reply_count":0,"_bbp_topic_count_hidden":0,"_bbp_reply_count_hidden":0,"_bbp_forum_subforum_count":0,"advanced_seo_description":"","jetpack_seo_html_title":"","jetpack_seo_noindex":false,"jetpack_post_was_ever_published":false,"_jetpack_newsletter_access":"","_jetpack_dont_email_post_to_subs":false,"_jetpack_newsletter_tier_id":0,"_jetpack_memberships_contains_paywalled_content":false,"_jetpack_memberships_contains_paid_content":false,"footnotes":"","jetpack_publicize_message":"","jetpack_publicize_feature_enabled":true,"jetpack_social_post_already_shared":true,"jetpack_social_options":{"image_generator_settings":{"template":"highway","default_image_id":0,"font":"","enabled":false},"version":2}},"categories":[89,887],"tags":[],"class_list":["post-29015","post","type-post","status-publish","format-standard","has-post-thumbnail","hentry","category-charlas-y-debates","category-eventos"],"jetpack_publicize_connections":[],"jetpack_featured_media_url":"https:\/\/www.ing.una.py\/FIUNA3\/wp-content\/uploads\/2018\/02\/Charla-Calidad-del-Aire2.jpg","jetpack_shortlink":"https:\/\/wp.me\/pc8Odv-7xZ","jetpack_likes_enabled":true,"jetpack_sharing_enabled":true,"jetpack-related-posts":[],"_links":{"self":[{"href":"https:\/\/www.ing.una.py\/FIUNA3\/index.php?rest_route=\/wp\/v2\/posts\/29015","targetHints":{"allow":["GET"]}}],"collection":[{"href":"https:\/\/www.ing.una.py\/FIUNA3\/index.php?rest_route=\/wp\/v2\/posts"}],"about":[{"href":"https:\/\/www.ing.una.py\/FIUNA3\/index.php?rest_route=\/wp\/v2\/types\/post"}],"author":[{"embeddable":true,"href":"https:\/\/www.ing.una.py\/FIUNA3\/index.php?rest_route=\/wp\/v2\/users\/1"}],"replies":[{"embeddable":true,"href":"https:\/\/www.ing.una.py\/FIUNA3\/index.php?rest_route=%2Fwp%2Fv2%2Fcomments&post=29015"}],"version-history":[{"count":1,"href":"https:\/\/www.ing.una.py\/FIUNA3\/index.php?rest_route=\/wp\/v2\/posts\/29015\/revisions"}],"predecessor-version":[{"id":69767,"href":"https:\/\/www.ing.una.py\/FIUNA3\/index.php?rest_route=\/wp\/v2\/posts\/29015\/revisions\/69767"}],"wp:featuredmedia":[{"embeddable":true,"href":"https:\/\/www.ing.una.py\/FIUNA3\/index.php?rest_route=\/wp\/v2\/media\/29018"}],"wp:attachment":[{"href":"https:\/\/www.ing.una.py\/FIUNA3\/index.php?rest_route=%2Fwp%2Fv2%2Fmedia&parent=29015"}],"wp:term":[{"taxonomy":"category","embeddable":true,"href":"https:\/\/www.ing.una.py\/FIUNA3\/index.php?rest_route=%2Fwp%2Fv2%2Fcategories&post=29015"},{"taxonomy":"post_tag","embeddable":true,"href":"https:\/\/www.ing.una.py\/FIUNA3\/index.php?rest_route=%2Fwp%2Fv2%2Ftags&post=29015"}],"curies":[{"name":"wp","href":"https:\/\/api.w.org\/{rel}","templated":true}]}}