{"id":31169,"date":"2018-06-05T12:53:43","date_gmt":"2018-06-05T16:53:43","guid":{"rendered":"http:\/\/www.ing.una.py\/?p=31169"},"modified":"2018-06-05T12:53:43","modified_gmt":"2018-06-05T16:53:43","slug":"conmemoracion-del-dia-mundial-del-medio-ambiente-2018-un-planeta-sin-contaminacion-por-plasticos","status":"publish","type":"post","link":"https:\/\/www.ing.una.py\/FIUNA3\/?p=31169","title":{"rendered":"Conmemoraci\u00f3n del D\u00eda Mundial del Medio Ambiente 2018 \u201dUn planeta sin contaminaci\u00f3n por pl\u00e1sticos\u201d"},"content":{"rendered":"<p><![CDATA[El <strong>Departamento de Medio Ambiente<\/strong> de la <strong>Facultad de Ingenier\u00eda<\/strong> <strong>de la Universidad Nacional de Asunci\u00f3n (FIUNA)<\/strong> recuerda que el d\u00eda de hoy, 5 de junio del 2018, se conmemora el <strong>D\u00eda Mundial del Medio Ambiente<\/strong>, este a\u00f1o bajo el lema <strong><em>\u201cUn planeta sin contaminaci\u00f3n por pl\u00e1sticos\u201d. <\/em><\/strong><!--more-->\nEl D\u00eda Mundial del Medio Ambiente es un evento global liderado por ONU Medio Ambiente que desde sus inicios, en 1972, ha crecido hasta convertirse en una plataforma global de alcance p\u00fablico, ampliamente replicada en todo el mundo.\nEl corriente a\u00f1o, India albergar\u00e1 las celebraciones globales\u00a0 por la conmemorativa, bajo una campa\u00f1a que insta a los gobiernos, industria, comunidades y personas a unirse para reducir en forma urgente la producci\u00f3n y el uso excesivo de pl\u00e1sticos desechables que contaminan los oc\u00e9anos, da\u00f1an la vida marina y amenazan la salud humana.\nEn Am\u00e9rica Latina y el Caribe, las celebraciones tendr\u00e1n su capital regional en Per\u00fa, uno de los primeros pa\u00edses en unirse a la campa\u00f1a Mares Limpios de ONU Medio Ambiente, que busca reducir dr\u00e1sticamente la contaminaci\u00f3n por pl\u00e1sticos en los oc\u00e9anos.\nEn nuestro pa\u00eds se desarrollan varias iniciativas, por lo que desde el <strong>Departamento de Medio Ambiente de la FIUNA<\/strong> nos unimos a esta campa\u00f1a desarrollada por ONU Medio Ambiente e invitamos a la comunidad acad\u00e9mica y sociedad civil a compartir su aportes para reducir el uso excesivo de pl\u00e1sticos desechables con la etiqueta (hashtag)\u00a0<strong>#SinContaminaci\u00f3n\u00a0<\/strong>a trav\u00e9s de redes \u00a0sociales.\n<strong>Fuente:<\/strong> <em>World Environment Day, United Nations Environment (2018)<\/em>\n\n\n<h3 style=\"text-align: center;\"><strong><em>\u00a0<\/em><\/strong>\u201cCada uno de nosotros podemos hacer cambios en la forma en que vivimos y ser parte de la soluci\u00f3n\u201d<\/h3>\n\n\n\n\n<p style=\"text-align: right;\"><em> Al Gore<\/em><\/p>\n\n]]>    \t<\/p>\n","protected":false},"excerpt":{"rendered":"<p>Departamento de Medio Ambiente de la Facultad de Ingenier\u00eda de la Universidad Nacional de Asunci\u00f3n (FIUNA) recuerda que el d\u00eda de hoy, 5 de junio del 2018, se conmemora el D\u00eda Mundial del Medio Ambiente, este a\u00f1o bajo el lema \u201cUn planeta sin contaminaci\u00f3n por pl\u00e1sticos\u201d.<\/p>\n","protected":false},"author":1,"featured_media":31170,"comment_status":"open","ping_status":"open","sticky":false,"template":"","format":"standard","meta":{"_bbp_topic_count":0,"_bbp_reply_count":0,"_bbp_total_topic_count":0,"_bbp_total_reply_count":0,"_bbp_voice_count":0,"_bbp_anonymous_reply_count":0,"_bbp_topic_count_hidden":0,"_bbp_reply_count_hidden":0,"_bbp_forum_subforum_count":0,"advanced_seo_description":"","jetpack_seo_html_title":"","jetpack_seo_noindex":false,"jetpack_post_was_ever_published":false,"_jetpack_newsletter_access":"","_jetpack_dont_email_post_to_subs":false,"_jetpack_newsletter_tier_id":0,"_jetpack_memberships_contains_paywalled_content":false,"_jetpack_memberships_contains_paid_content":false,"footnotes":"","jetpack_publicize_message":"","jetpack_publicize_feature_enabled":true,"jetpack_social_post_already_shared":true,"jetpack_social_options":{"image_generator_settings":{"template":"highway","default_image_id":0,"font":"","enabled":false},"version":2}},"categories":[75],"tags":[478,593,113],"class_list":["post-31169","post","type-post","status-publish","format-standard","has-post-thumbnail","hentry","category-noticias","tag-departamento-de-medio-ambiente","tag-dia-del-medio-ambiente","tag-festividades"],"jetpack_publicize_connections":[],"jetpack_featured_media_url":"https:\/\/www.ing.una.py\/FIUNA3\/wp-content\/uploads\/2018\/06\/dia-mundial-medioambiente-2018-vf.png","jetpack_shortlink":"https:\/\/wp.me\/pc8Odv-86J","jetpack_likes_enabled":true,"jetpack_sharing_enabled":true,"jetpack-related-posts":[],"_links":{"self":[{"href":"https:\/\/www.ing.una.py\/FIUNA3\/index.php?rest_route=\/wp\/v2\/posts\/31169","targetHints":{"allow":["GET"]}}],"collection":[{"href":"https:\/\/www.ing.una.py\/FIUNA3\/index.php?rest_route=\/wp\/v2\/posts"}],"about":[{"href":"https:\/\/www.ing.una.py\/FIUNA3\/index.php?rest_route=\/wp\/v2\/types\/post"}],"author":[{"embeddable":true,"href":"https:\/\/www.ing.una.py\/FIUNA3\/index.php?rest_route=\/wp\/v2\/users\/1"}],"replies":[{"embeddable":true,"href":"https:\/\/www.ing.una.py\/FIUNA3\/index.php?rest_route=%2Fwp%2Fv2%2Fcomments&post=31169"}],"version-history":[{"count":0,"href":"https:\/\/www.ing.una.py\/FIUNA3\/index.php?rest_route=\/wp\/v2\/posts\/31169\/revisions"}],"wp:featuredmedia":[{"embeddable":true,"href":"https:\/\/www.ing.una.py\/FIUNA3\/index.php?rest_route=\/wp\/v2\/media\/31170"}],"wp:attachment":[{"href":"https:\/\/www.ing.una.py\/FIUNA3\/index.php?rest_route=%2Fwp%2Fv2%2Fmedia&parent=31169"}],"wp:term":[{"taxonomy":"category","embeddable":true,"href":"https:\/\/www.ing.una.py\/FIUNA3\/index.php?rest_route=%2Fwp%2Fv2%2Fcategories&post=31169"},{"taxonomy":"post_tag","embeddable":true,"href":"https:\/\/www.ing.una.py\/FIUNA3\/index.php?rest_route=%2Fwp%2Fv2%2Ftags&post=31169"}],"curies":[{"name":"wp","href":"https:\/\/api.w.org\/{rel}","templated":true}]}}