{"id":33621,"date":"2018-10-22T15:46:10","date_gmt":"2018-10-22T19:46:10","guid":{"rendered":"http:\/\/www.ing.una.py\/?p=33621"},"modified":"2024-12-05T12:52:10","modified_gmt":"2024-12-05T15:52:10","slug":"dende-desarrollo-el-iii-programa-de-liderazgo-universitario-en-la-fiuna","status":"publish","type":"post","link":"https:\/\/www.ing.una.py\/FIUNA3\/?p=33621","title":{"rendered":"DENDE desarroll\u00f3 el III Programa de Liderazgo Universitario\u00a0en la FIUNA"},"content":{"rendered":"<p><![CDATA[Se realiz\u00f3 con \u00e9xito el S\u00e9ptimo m\u00f3dulo del\u00a0<strong> III Programa de Liderazgo Universitario<\/strong>\u00a0organizado por <em>\u00abDesarrollo en Democracia &#8211; DENDE\u00bb\u00a0<\/em> llevado a cabo los d\u00edas jueves 18 y viernes 19 de octubre del corriente en la <strong>Facultad de Ingenier\u00eda de la Universidad Nacional de Asunci\u00f3n (FIUNA),<\/strong> que como metodolog\u00eda de aprendizaje presenta conferencias, charlas, paneles y debates.\u00a0<!--more-->\n\n\n<h3>Los m\u00f3dulos desarrollados fueron:<\/h3>\n\n\n\n\n<h3>Jueves 18 de Octubre<\/h3>\n\n\n<strong>Comunicaci\u00f3n<\/strong>\n\n\n<ul>\n    \n\n<li>El dirigente y su relacionamiento con la Prensa<\/li>\n\n\n    \n\n<li>Formaci\u00f3n de la Opini\u00f3n P\u00fablica<\/li>\n\n\n    \n\n<li>El proceso de la noticia<\/li>\n\n\n    \n\n<li>La Agenda de los Medios &#8211; La Agenda de la Ciudadan\u00eda<\/li>\n\n\n    \n\n<li>C\u00f3mo se instalan los temas<\/li>\n\n\n    \n\n<li>T\u00e9cnicas para presentaciones en p\u00fablico<\/li>\n\n\n<\/ul>\n\n\n<em>Con el Lic. Pascual Rubiani \u2013 Director del Grupo MASS Publicidad<\/em>\n\n\n<h3>Viernes 19 de Octubre<\/h3>\n\n\n<strong>Liderazgo\u00a0<\/strong>\n\n\n<ul>\n    \n\n<li>El trabajo del futuro &#8211;<em> Con Patricia dos Santos &#8211; Fundadora y Directora de Jobs<\/em><\/li>\n\n\n    \n\n<li>Liderazgo e Inclusi\u00f3n Social &#8211; <em>Con el Abg. Te\u00f3filo Urbieta \u2013 Master en Pol\u00edticas P\u00fablicas y Sociales &#8211; Activista por los\u00a0 derechos de las Personas con Discapacidad.<\/em><\/li>\n\n\n<\/ul>\n\n\n<strong>Pol\u00edtica<\/strong>\n\n\n<ul>\n    \n\n<li>Panel Debate sobre la Reforma Pol\u00edtica \u2013 Electoral\nPanelistas:\n\n\n<ul>\n    \n\n<li><em>Dr. Carlos Riveros \u2013 PLRA<\/em><\/li>\n\n\n    \n\n<li><em>Dr. Rigoberto Zarza \u2013 ANR<\/em><\/li>\n\n\n    \n\n<li><em>Dr. Milciades Ben\u00edtez &#8211; PPQ<\/em><\/li>\n\n\n<\/ul>\n\n\n<\/li>\n\n\n    \n\n<li>An\u00e1lisis de coyuntura pol\u00edtica, posicionamiento pol\u00edtico y social &#8211;<em> Con la\u00a0Lic. Estela Ru\u00edz D\u00edaz \u2013 Periodista &#8211; Analista Pol\u00edtica.<\/em><\/li>\n\n\n<\/ul>\n\n\n[gallery type=\"rectangular\" link=\"file\" ids=\"33626,33628,33625,33627,33630\"]]]>    \t<\/p>\n","protected":false},"excerpt":{"rendered":"<p>III Programa de Liderazgo Universitario\u00a0organizado por \u00abDesarrollo en Democracia &#8211; DENDE\u00bb\u00a0 llevado a cabo los d\u00edas jueves 18 y viernes 19 de octubre del corriente en la Facultad de Ingenier\u00eda de la Universidad Nacional de Asunci\u00f3n (FIUNA), que como metodolog\u00eda de aprendizaje presenta conferencias, charlas, paneles y debates.\u00a0<\/p>\n","protected":false},"author":1,"featured_media":33625,"comment_status":"open","ping_status":"open","sticky":false,"template":"","format":"standard","meta":{"_bbp_topic_count":0,"_bbp_reply_count":0,"_bbp_total_topic_count":0,"_bbp_total_reply_count":0,"_bbp_voice_count":0,"_bbp_anonymous_reply_count":0,"_bbp_topic_count_hidden":0,"_bbp_reply_count_hidden":0,"_bbp_forum_subforum_count":0,"advanced_seo_description":"","jetpack_seo_html_title":"","jetpack_seo_noindex":false,"jetpack_post_was_ever_published":false,"_jetpack_newsletter_access":"","_jetpack_dont_email_post_to_subs":false,"_jetpack_newsletter_tier_id":0,"_jetpack_memberships_contains_paywalled_content":false,"_jetpack_memberships_contains_paid_content":false,"footnotes":"","jetpack_publicize_message":"","jetpack_publicize_feature_enabled":true,"jetpack_social_post_already_shared":true,"jetpack_social_options":{"image_generator_settings":{"template":"highway","default_image_id":0,"font":"","enabled":false},"version":2}},"categories":[773,887],"tags":[684],"class_list":["post-33621","post","type-post","status-publish","format-standard","has-post-thumbnail","hentry","category-cursos","category-eventos","tag-dende"],"jetpack_publicize_connections":[],"jetpack_featured_media_url":"https:\/\/www.ing.una.py\/FIUNA3\/wp-content\/uploads\/2018\/10\/DSC_2708-e1540237190876.jpg","jetpack_shortlink":"https:\/\/wp.me\/pc8Odv-8Kh","jetpack_likes_enabled":true,"jetpack_sharing_enabled":true,"jetpack-related-posts":[],"_links":{"self":[{"href":"https:\/\/www.ing.una.py\/FIUNA3\/index.php?rest_route=\/wp\/v2\/posts\/33621","targetHints":{"allow":["GET"]}}],"collection":[{"href":"https:\/\/www.ing.una.py\/FIUNA3\/index.php?rest_route=\/wp\/v2\/posts"}],"about":[{"href":"https:\/\/www.ing.una.py\/FIUNA3\/index.php?rest_route=\/wp\/v2\/types\/post"}],"author":[{"embeddable":true,"href":"https:\/\/www.ing.una.py\/FIUNA3\/index.php?rest_route=\/wp\/v2\/users\/1"}],"replies":[{"embeddable":true,"href":"https:\/\/www.ing.una.py\/FIUNA3\/index.php?rest_route=%2Fwp%2Fv2%2Fcomments&post=33621"}],"version-history":[{"count":1,"href":"https:\/\/www.ing.una.py\/FIUNA3\/index.php?rest_route=\/wp\/v2\/posts\/33621\/revisions"}],"predecessor-version":[{"id":67725,"href":"https:\/\/www.ing.una.py\/FIUNA3\/index.php?rest_route=\/wp\/v2\/posts\/33621\/revisions\/67725"}],"wp:featuredmedia":[{"embeddable":true,"href":"https:\/\/www.ing.una.py\/FIUNA3\/index.php?rest_route=\/wp\/v2\/media\/33625"}],"wp:attachment":[{"href":"https:\/\/www.ing.una.py\/FIUNA3\/index.php?rest_route=%2Fwp%2Fv2%2Fmedia&parent=33621"}],"wp:term":[{"taxonomy":"category","embeddable":true,"href":"https:\/\/www.ing.una.py\/FIUNA3\/index.php?rest_route=%2Fwp%2Fv2%2Fcategories&post=33621"},{"taxonomy":"post_tag","embeddable":true,"href":"https:\/\/www.ing.una.py\/FIUNA3\/index.php?rest_route=%2Fwp%2Fv2%2Ftags&post=33621"}],"curies":[{"name":"wp","href":"https:\/\/api.w.org\/{rel}","templated":true}]}}