{"id":35870,"date":"2019-02-27T08:31:40","date_gmt":"2019-02-27T12:31:40","guid":{"rendered":"http:\/\/www.ing.una.py\/?p=35870"},"modified":"2024-12-04T14:56:57","modified_gmt":"2024-12-04T17:56:57","slug":"cambio-de-fecha-charla-nuevos-paisajes-urbanos-reformulacion-de-las-dinamicas-de-urbanizacion-en-ciudades-medias-interiores-espanolas","status":"publish","type":"post","link":"https:\/\/www.ing.una.py\/FIUNA3\/?p=35870","title":{"rendered":"Cambio de fecha Charla \u201cNuevos paisajes urbanos; Reformulaci\u00f3n de las din\u00e1micas de urbanizaci\u00f3n en ciudades medias interiores espa\u00f1olas\u201d"},"content":{"rendered":"<p><![CDATA[<strong>La Facultad de Ingenier\u00eda de la Universidad Nacional de Asunci\u00f3n (FIUNA)<\/strong> informa que por motivos del Asueto declarado por la Presidencia de la Rep\u00fablica del Paraguay, la<a href=\"http:\/\/www.ing.una.py\/?p=35725\"> <strong>Charla <\/strong><strong>\u201cNuevos paisajes urbanos; Reformulaci\u00f3n de las din\u00e1micas de urbanizaci\u00f3n en ciudades medias interiores espa\u00f1olas\u201d<\/strong><\/a> prevista para el dia de hoy <b>mi\u00e9rcoles 27 de febrero, se realizar\u00e1 el d\u00eda viernes 01 de marzo del corriente a las 18:30 hs<\/b>\u00a0en el\u00a0<strong>Sal\u00f3n\u00a0Auditorio del Edificio \u201cProf. Ing. Enzo Debernardi\u201d<\/strong>\u00a0de la Instituci\u00f3n.<!--more-->\n[caption id=\"attachment_35871\" align=\"aligncenter\" width=\"580\"]<a href=\"http:\/\/www.ing.una.py\/wp-content\/uploads\/2019\/02\/Charla-Afuche-correcto-01.jpg\"><img loading=\"lazy\" decoding=\"async\" data-attachment-id=\"35871\" data-permalink=\"https:\/\/www.ing.una.py\/FIUNA3\/?attachment_id=35871\" data-orig-file=\"https:\/\/www.ing.una.py\/FIUNA3\/wp-content\/uploads\/2019\/02\/Charla-Afuche-correcto-01.jpg\" data-orig-size=\"720,1040\" data-comments-opened=\"1\" data-image-meta=\"{&quot;aperture&quot;:&quot;0&quot;,&quot;credit&quot;:&quot;&quot;,&quot;camera&quot;:&quot;&quot;,&quot;caption&quot;:&quot;&quot;,&quot;created_timestamp&quot;:&quot;0&quot;,&quot;copyright&quot;:&quot;&quot;,&quot;focal_length&quot;:&quot;0&quot;,&quot;iso&quot;:&quot;0&quot;,&quot;shutter_speed&quot;:&quot;0&quot;,&quot;title&quot;:&quot;&quot;,&quot;orientation&quot;:&quot;0&quot;}\" data-image-title=\"Charla Afuche correcto-01\" data-image-description=\"&lt;p&gt;&lt;![CDATA[]]&gt;    \t&lt;\/p&gt;\n\" data-image-caption=\"\" data-large-file=\"https:\/\/www.ing.una.py\/FIUNA3\/wp-content\/uploads\/2019\/02\/Charla-Afuche-correcto-01-709x1024.jpg\" class=\"wp-image-35871\" src=\"http:\/\/www.ing.una.py\/wp-content\/uploads\/2019\/02\/Charla-Afuche-correcto-01.jpg\" alt=\"\" width=\"580\" height=\"838\" srcset=\"https:\/\/www.ing.una.py\/FIUNA3\/wp-content\/uploads\/2019\/02\/Charla-Afuche-correcto-01.jpg 720w, https:\/\/www.ing.una.py\/FIUNA3\/wp-content\/uploads\/2019\/02\/Charla-Afuche-correcto-01-208x300.jpg 208w, https:\/\/www.ing.una.py\/FIUNA3\/wp-content\/uploads\/2019\/02\/Charla-Afuche-correcto-01-709x1024.jpg 709w, https:\/\/www.ing.una.py\/FIUNA3\/wp-content\/uploads\/2019\/02\/Charla-Afuche-correcto-01-600x867.jpg 600w\" sizes=\"auto, (max-width: 580px) 100vw, 580px\" \/><\/a> Traslado de fecha Charla \u201cNuevos paisajes urbanos; Reformulaci\u00f3n de las din\u00e1micas de urbanizaci\u00f3n en ciudades medias interiores espa\u00f1olas\u201d[\/caption]\n&nbsp;]]>    \t<\/p>\n","protected":false},"excerpt":{"rendered":"<p>La Facultad de Ingenier\u00eda de la Universidad Nacional de Asunci\u00f3n (FIUNA) informa que por motivos del Asueto declarado por la Presidencia de la Rep\u00fablica del Paraguay, la Charla \u201cNuevos paisajes urbanos; Reformulaci\u00f3n de las din\u00e1micas de urbanizaci\u00f3n en ciudades medias interiores espa\u00f1olas\u201d prevista para el dia de hoy mi\u00e9rcoles 27 de febrero, se realizar\u00e1 el d\u00eda viernes 01 de marzo del corriente a las 18:30 hs\u00a0en el\u00a0Sal\u00f3n\u00a0Auditorio del Edificio \u201cProf. Ing. Enzo Debernardi\u201d\u00a0de la Instituci\u00f3n.<\/p>\n","protected":false},"author":1,"featured_media":35871,"comment_status":"open","ping_status":"open","sticky":false,"template":"","format":"standard","meta":{"_bbp_topic_count":0,"_bbp_reply_count":0,"_bbp_total_topic_count":0,"_bbp_total_reply_count":0,"_bbp_voice_count":0,"_bbp_anonymous_reply_count":0,"_bbp_topic_count_hidden":0,"_bbp_reply_count_hidden":0,"_bbp_forum_subforum_count":0,"advanced_seo_description":"","jetpack_seo_html_title":"","jetpack_seo_noindex":false,"jetpack_post_was_ever_published":false,"_jetpack_newsletter_access":"","_jetpack_dont_email_post_to_subs":false,"_jetpack_newsletter_tier_id":0,"_jetpack_memberships_contains_paywalled_content":false,"_jetpack_memberships_contains_paid_content":false,"footnotes":"","jetpack_publicize_message":"Cambio de fecha Charla \u201cNuevos paisajes urbanos; Reformulaci\u00f3n de las din\u00e1micas de urbanizaci\u00f3n en ciudades medias interiores espa\u00f1olas\u201d","jetpack_publicize_feature_enabled":true,"jetpack_social_post_already_shared":true,"jetpack_social_options":{"image_generator_settings":{"template":"highway","default_image_id":0,"font":"","enabled":false},"version":2}},"categories":[89,887],"tags":[],"class_list":["post-35870","post","type-post","status-publish","format-standard","has-post-thumbnail","hentry","category-charlas-y-debates","category-eventos"],"jetpack_publicize_connections":[],"jetpack_featured_media_url":"https:\/\/www.ing.una.py\/FIUNA3\/wp-content\/uploads\/2019\/02\/Charla-Afuche-correcto-01.jpg","jetpack_shortlink":"https:\/\/wp.me\/pc8Odv-9ky","jetpack_likes_enabled":true,"jetpack_sharing_enabled":true,"jetpack-related-posts":[],"_links":{"self":[{"href":"https:\/\/www.ing.una.py\/FIUNA3\/index.php?rest_route=\/wp\/v2\/posts\/35870","targetHints":{"allow":["GET"]}}],"collection":[{"href":"https:\/\/www.ing.una.py\/FIUNA3\/index.php?rest_route=\/wp\/v2\/posts"}],"about":[{"href":"https:\/\/www.ing.una.py\/FIUNA3\/index.php?rest_route=\/wp\/v2\/types\/post"}],"author":[{"embeddable":true,"href":"https:\/\/www.ing.una.py\/FIUNA3\/index.php?rest_route=\/wp\/v2\/users\/1"}],"replies":[{"embeddable":true,"href":"https:\/\/www.ing.una.py\/FIUNA3\/index.php?rest_route=%2Fwp%2Fv2%2Fcomments&post=35870"}],"version-history":[{"count":1,"href":"https:\/\/www.ing.una.py\/FIUNA3\/index.php?rest_route=\/wp\/v2\/posts\/35870\/revisions"}],"predecessor-version":[{"id":69698,"href":"https:\/\/www.ing.una.py\/FIUNA3\/index.php?rest_route=\/wp\/v2\/posts\/35870\/revisions\/69698"}],"wp:featuredmedia":[{"embeddable":true,"href":"https:\/\/www.ing.una.py\/FIUNA3\/index.php?rest_route=\/wp\/v2\/media\/35871"}],"wp:attachment":[{"href":"https:\/\/www.ing.una.py\/FIUNA3\/index.php?rest_route=%2Fwp%2Fv2%2Fmedia&parent=35870"}],"wp:term":[{"taxonomy":"category","embeddable":true,"href":"https:\/\/www.ing.una.py\/FIUNA3\/index.php?rest_route=%2Fwp%2Fv2%2Fcategories&post=35870"},{"taxonomy":"post_tag","embeddable":true,"href":"https:\/\/www.ing.una.py\/FIUNA3\/index.php?rest_route=%2Fwp%2Fv2%2Ftags&post=35870"}],"curies":[{"name":"wp","href":"https:\/\/api.w.org\/{rel}","templated":true}]}}