{"id":37766,"date":"2019-06-27T11:30:44","date_gmt":"2019-06-27T15:30:44","guid":{"rendered":"http:\/\/www.ing.una.py\/?p=37766"},"modified":"2024-09-18T14:28:58","modified_gmt":"2024-09-18T18:28:58","slug":"invitacion-a-la-defensa-del-trabajo-final-de-grado-de-los-estudiantes-vicente-caceres-rios-y-luis-quintana-mino","status":"publish","type":"post","link":"https:\/\/www.ing.una.py\/FIUNA3\/?p=37766","title":{"rendered":"Invitaci\u00f3n a la defensa del Trabajo Final de Grado de los estudiantes Vicente C\u00e1ceres R\u00edos y Luis Quintana Mi\u00f1o"},"content":{"rendered":"<p><![CDATA[<em><strong>\u201cAplicaci\u00f3n de un SIG para el an\u00e1lisis multitemporal y Representaci\u00f3n Cartogr\u00e1fica de datos de Deflectometr\u00eda e \u00cdndice de Rugosidad Internacional (IRI) de la Ruta IV \u201cGeneral Jos\u00e9 Eduvigis D\u00edaz\u201d (San Ignacio\u2013Pilar)\u201d<\/strong><\/em>, se denomina la presentaci\u00f3n del Trabajo Final de Grado (TFG) que presentar\u00e1n los estudiantes <strong>Vicente Ram\u00f3n C\u00e1ceres R\u00edos y Luis Gabriel Quintana Mi\u00f1o<\/strong>, como \u00faltima prueba para egresar de la carrera de <strong>Ingenier\u00eda Geogr\u00e1fica y Ambiental de la Facultad de Ingenier\u00eda de la Universidad Nacional de Asunci\u00f3n (FIUNA).<\/strong> La defensa del trabajo se realizar\u00e1 el<strong> lunes 01 de Julio a las 18:00 hs en el Aula TFG2<\/strong> de la Instituci\u00f3n.<!--more-->\nLa designaci\u00f3n de los integrantes de la mesa examinadora que deber\u00e1 recibir y calificar la presentaci\u00f3n del TFG, del d\u00e9cimo semestre del Plan de Ingenier\u00eda Geogr\u00e1fica y Ambiental estar\u00e1 compuesta por los Se\u00f1ores:\n\n\n<ul>\n    \n\n<li><strong>Prof. Dr. Ing. Rub\u00e9n L\u00f3pez Santacruz, <\/strong>Decano<\/li>\n\n\n    \n\n<li><strong>Prof. Ing. Primo Cano, <\/strong>Vicedecano<\/li>\n\n\n    \n\n<li><strong>Prof. MSc. Ing. Juan Carlos Silvero <\/strong><\/li>\n\n\n    \n\n<li><strong>Prof. Ing. Oscar Alfonso <\/strong><\/li>\n\n\n    \n\n<li><strong>Prof. Ing. N\u00e9stor Cabral<\/strong><\/li>\n\n\n    \n\n<li><strong>Prof. Ing. Silvana Iba\u00f1ez<\/strong><\/li>\n\n\n    \n\n<li><strong>Prof. Ing. Pablina Balbuena <\/strong><\/li>\n\n\n    \n\n<li><strong>Prof. Ing. Federico Ferreira<\/strong><\/li>\n\n\n<\/ul>\n\n]]>    \t<\/p>\n","protected":false},"excerpt":{"rendered":"<p>\u201cAplicaci\u00f3n de un SIG para el an\u00e1lisis multitemporal y Representaci\u00f3n Cartogr\u00e1fica de datos de Deflectometr\u00eda e \u00cdndice de Rugosidad Internacional (IRI) de la Ruta IV \u201cGeneral Jos\u00e9 Eduvigis D\u00edaz\u201d (San Ignacio\u2013Pilar)\u201d, se denomina la presentaci\u00f3n del Trabajo Final de Grado (TFG) que presentar\u00e1n los estudiantes Vicente Ram\u00f3n C\u00e1ceres R\u00edos y Luis Gabriel Quintana Mi\u00f1o, como \u00faltima prueba para egresar de la carrera de Ingenier\u00eda Geogr\u00e1fica y Ambiental de la Facultad de Ingenier\u00eda de la Universidad Nacional de Asunci\u00f3n (FIUNA). La defensa del trabajo se realizar\u00e1 el lunes 01 de Julio a las 18:00 hs en el Aula TFG2 de la &hellip; <\/p>\n","protected":false},"author":1,"featured_media":36285,"comment_status":"open","ping_status":"open","sticky":false,"template":"","format":"standard","meta":{"_bbp_topic_count":0,"_bbp_reply_count":0,"_bbp_total_topic_count":0,"_bbp_total_reply_count":0,"_bbp_voice_count":0,"_bbp_anonymous_reply_count":0,"_bbp_topic_count_hidden":0,"_bbp_reply_count_hidden":0,"_bbp_forum_subforum_count":0,"advanced_seo_description":"","jetpack_seo_html_title":"","jetpack_seo_noindex":false,"jetpack_post_was_ever_published":false,"_jetpack_newsletter_access":"","_jetpack_dont_email_post_to_subs":false,"_jetpack_newsletter_tier_id":0,"_jetpack_memberships_contains_paywalled_content":false,"_jetpack_memberships_contains_paid_content":false,"footnotes":"","jetpack_publicize_message":"Invitaci\u00f3n a la defensa del Trabajo Final de Grado de los estudiantes Vicente C\u00e1ceres R\u00edos y Luis Quintana Mi\u00f1o","jetpack_publicize_feature_enabled":true,"jetpack_social_post_already_shared":true,"jetpack_social_options":{"image_generator_settings":{"template":"highway","default_image_id":0,"font":"","enabled":false},"version":2}},"categories":[887,613],"tags":[413],"class_list":["post-37766","post","type-post","status-publish","format-standard","has-post-thumbnail","hentry","category-eventos","category-tfg-a-presentarse","tag-ingenieria-geografica-y-ambiental"],"jetpack_publicize_connections":[],"jetpack_featured_media_url":"https:\/\/www.ing.una.py\/FIUNA3\/wp-content\/uploads\/2019\/03\/logo93_FIUNA.jpg","jetpack_shortlink":"https:\/\/wp.me\/pc8Odv-9P8","jetpack_likes_enabled":true,"jetpack_sharing_enabled":true,"jetpack-related-posts":[],"_links":{"self":[{"href":"https:\/\/www.ing.una.py\/FIUNA3\/index.php?rest_route=\/wp\/v2\/posts\/37766","targetHints":{"allow":["GET"]}}],"collection":[{"href":"https:\/\/www.ing.una.py\/FIUNA3\/index.php?rest_route=\/wp\/v2\/posts"}],"about":[{"href":"https:\/\/www.ing.una.py\/FIUNA3\/index.php?rest_route=\/wp\/v2\/types\/post"}],"author":[{"embeddable":true,"href":"https:\/\/www.ing.una.py\/FIUNA3\/index.php?rest_route=\/wp\/v2\/users\/1"}],"replies":[{"embeddable":true,"href":"https:\/\/www.ing.una.py\/FIUNA3\/index.php?rest_route=%2Fwp%2Fv2%2Fcomments&post=37766"}],"version-history":[{"count":1,"href":"https:\/\/www.ing.una.py\/FIUNA3\/index.php?rest_route=\/wp\/v2\/posts\/37766\/revisions"}],"predecessor-version":[{"id":71601,"href":"https:\/\/www.ing.una.py\/FIUNA3\/index.php?rest_route=\/wp\/v2\/posts\/37766\/revisions\/71601"}],"wp:featuredmedia":[{"embeddable":true,"href":"https:\/\/www.ing.una.py\/FIUNA3\/index.php?rest_route=\/wp\/v2\/media\/36285"}],"wp:attachment":[{"href":"https:\/\/www.ing.una.py\/FIUNA3\/index.php?rest_route=%2Fwp%2Fv2%2Fmedia&parent=37766"}],"wp:term":[{"taxonomy":"category","embeddable":true,"href":"https:\/\/www.ing.una.py\/FIUNA3\/index.php?rest_route=%2Fwp%2Fv2%2Fcategories&post=37766"},{"taxonomy":"post_tag","embeddable":true,"href":"https:\/\/www.ing.una.py\/FIUNA3\/index.php?rest_route=%2Fwp%2Fv2%2Ftags&post=37766"}],"curies":[{"name":"wp","href":"https:\/\/api.w.org\/{rel}","templated":true}]}}