{"id":38018,"date":"2019-07-08T09:51:39","date_gmt":"2019-07-08T13:51:39","guid":{"rendered":"http:\/\/www.ing.una.py\/?p=38018"},"modified":"2024-09-18T14:29:07","modified_gmt":"2024-09-18T18:29:07","slug":"invitacion-a-la-defensa-del-trabajo-final-de-grado-de-los-estudiantes-mirian-quintana-vera-y-victor-dure-banuelos","status":"publish","type":"post","link":"https:\/\/www.ing.una.py\/FIUNA3\/?p=38018","title":{"rendered":"Invitaci\u00f3n a la defensa del Trabajo Final de Grado de los estudiantes Mirian Quintana Vera y V\u00edctor Dur\u00e9 Ba\u00f1uelos\u00a0"},"content":{"rendered":"<p><![CDATA[<em><b>\u201cSistema de Informaci\u00f3n Geogr\u00e1fica para la Gesti\u00f3n Industrial de Asunci\u00f3n\u201d<\/b><\/em>, se denomina la presentaci\u00f3n del Trabajo Final de Grado (TFG) que presentaran los estudiantes <strong>Mirian Natalia Quintana Vera y V\u00edctor Jos\u00e9 Dur\u00e9 Ba\u00f1uelos,<\/strong> como \u00faltima prueba para egresar de la carrera de\u00a0<b>Ingenier\u00eda Geogr\u00e1fica y Ambiental de la Facultad de Ingenier\u00eda de la Universidad Nacional de Asunci\u00f3n (FIUNA).<\/b> La defensa del trabajo se realizar\u00e1 el<strong> lunes 08<\/strong><b> de Julio a las 18:00 hs en el Aula TFG 2 de la Instituci\u00f3n.\u00a0<\/b>\n<!--more-->\nLa designaci\u00f3n de los integrantes de la mesa examinadora que deber\u00e1 recibir y calificar la presentaci\u00f3n del TFG, del d\u00e9cimo semestre del Plan de Ingenier\u00eda Geogr\u00e1fica y Ambiental estar\u00e1 compuesta por los Se\u00f1ores:\n\n\n<ul>\n    \n\n<li><strong>Prof. Dr. Ing. Rub\u00e9n L\u00f3pez Santacruz,\u00a0<\/strong>Decano<\/li>\n\n\n    \n\n<li><strong>Prof. Ing. Primo Cano,\u00a0<\/strong>Vicedecano<\/li>\n\n\n    \n\n<li><strong>Prof. MSc. Ing. Juan Carlos Silvero<\/strong><\/li>\n\n\n    \n\n<li><strong>Prof. Ing.<\/strong> <strong>Ing. Oscar Alfonso<\/strong><\/li>\n\n\n    \n\n<li><strong>Prof. Ing. N\u00e9stor Cabral\u00a0<\/strong><\/li>\n\n\n    \n\n<li><strong>Prof. Ing. Silvana Iba\u00f1ez\u00a0<\/strong><\/li>\n\n\n    \n\n<li><strong>Prof. Ing. Federico Ferreira\u00a0<\/strong><\/li>\n\n\n<\/ul>\n\n]]>    \t<\/p>\n","protected":false},"excerpt":{"rendered":"<p>\u201cSistema de Informaci\u00f3n Geogr\u00e1fica para la Gesti\u00f3n Industrial de Asunci\u00f3n\u201d, se denomina la presentaci\u00f3n del Trabajo Final de Grado (TFG) que presentaran los estudiantes Mirian Natalia Quintana Vera y V\u00edctor Jos\u00e9 Dur\u00e9 Ba\u00f1uelos, como \u00faltima prueba para egresar de la carrera de\u00a0Ingenier\u00eda Geogr\u00e1fica y Ambiental de la Facultad de Ingenier\u00eda de la Universidad Nacional de Asunci\u00f3n (FIUNA). La defensa del trabajo se realizar\u00e1 el lunes 08 de Julio a las 18:00 hs en el Aula TFG 2 de la Instituci\u00f3n.\u00a0<\/p>\n","protected":false},"author":1,"featured_media":36285,"comment_status":"open","ping_status":"open","sticky":false,"template":"","format":"standard","meta":{"_bbp_topic_count":0,"_bbp_reply_count":0,"_bbp_total_topic_count":0,"_bbp_total_reply_count":0,"_bbp_voice_count":0,"_bbp_anonymous_reply_count":0,"_bbp_topic_count_hidden":0,"_bbp_reply_count_hidden":0,"_bbp_forum_subforum_count":0,"advanced_seo_description":"","jetpack_seo_html_title":"","jetpack_seo_noindex":false,"jetpack_post_was_ever_published":false,"_jetpack_newsletter_access":"","_jetpack_dont_email_post_to_subs":false,"_jetpack_newsletter_tier_id":0,"_jetpack_memberships_contains_paywalled_content":false,"_jetpack_memberships_contains_paid_content":false,"footnotes":"","jetpack_publicize_message":"Invitaci\u00f3n a la defensa del Trabajo Final de Grado de los estudiantes Mirian Quintana Vera y V\u00edctor Dur\u00e9 Ba\u00f1uelos","jetpack_publicize_feature_enabled":true,"jetpack_social_post_already_shared":true,"jetpack_social_options":{"image_generator_settings":{"template":"highway","default_image_id":0,"font":"","enabled":false},"version":2}},"categories":[887,613],"tags":[413],"class_list":["post-38018","post","type-post","status-publish","format-standard","has-post-thumbnail","hentry","category-eventos","category-tfg-a-presentarse","tag-ingenieria-geografica-y-ambiental"],"jetpack_publicize_connections":[],"jetpack_featured_media_url":"https:\/\/www.ing.una.py\/FIUNA3\/wp-content\/uploads\/2019\/03\/logo93_FIUNA.jpg","jetpack_shortlink":"https:\/\/wp.me\/pc8Odv-9Tc","jetpack_likes_enabled":true,"jetpack_sharing_enabled":true,"jetpack-related-posts":[],"_links":{"self":[{"href":"https:\/\/www.ing.una.py\/FIUNA3\/index.php?rest_route=\/wp\/v2\/posts\/38018","targetHints":{"allow":["GET"]}}],"collection":[{"href":"https:\/\/www.ing.una.py\/FIUNA3\/index.php?rest_route=\/wp\/v2\/posts"}],"about":[{"href":"https:\/\/www.ing.una.py\/FIUNA3\/index.php?rest_route=\/wp\/v2\/types\/post"}],"author":[{"embeddable":true,"href":"https:\/\/www.ing.una.py\/FIUNA3\/index.php?rest_route=\/wp\/v2\/users\/1"}],"replies":[{"embeddable":true,"href":"https:\/\/www.ing.una.py\/FIUNA3\/index.php?rest_route=%2Fwp%2Fv2%2Fcomments&post=38018"}],"version-history":[{"count":1,"href":"https:\/\/www.ing.una.py\/FIUNA3\/index.php?rest_route=\/wp\/v2\/posts\/38018\/revisions"}],"predecessor-version":[{"id":71648,"href":"https:\/\/www.ing.una.py\/FIUNA3\/index.php?rest_route=\/wp\/v2\/posts\/38018\/revisions\/71648"}],"wp:featuredmedia":[{"embeddable":true,"href":"https:\/\/www.ing.una.py\/FIUNA3\/index.php?rest_route=\/wp\/v2\/media\/36285"}],"wp:attachment":[{"href":"https:\/\/www.ing.una.py\/FIUNA3\/index.php?rest_route=%2Fwp%2Fv2%2Fmedia&parent=38018"}],"wp:term":[{"taxonomy":"category","embeddable":true,"href":"https:\/\/www.ing.una.py\/FIUNA3\/index.php?rest_route=%2Fwp%2Fv2%2Fcategories&post=38018"},{"taxonomy":"post_tag","embeddable":true,"href":"https:\/\/www.ing.una.py\/FIUNA3\/index.php?rest_route=%2Fwp%2Fv2%2Ftags&post=38018"}],"curies":[{"name":"wp","href":"https:\/\/api.w.org\/{rel}","templated":true}]}}