{"id":39020,"date":"2019-08-30T20:48:15","date_gmt":"2019-08-31T00:48:15","guid":{"rendered":"http:\/\/www.ing.una.py\/?p=39020"},"modified":"2019-08-30T20:48:15","modified_gmt":"2019-08-31T00:48:15","slug":"comunicado-a-la-comunidad-educativa-y-a-la-opinion-publica-del-consejo-superior-universitario-de-la-universidad-nacional-de-asuncion","status":"publish","type":"post","link":"https:\/\/www.ing.una.py\/FIUNA3\/?p=39020","title":{"rendered":"Comunicado a la Comunidad Educativa y a la opini\u00f3n p\u00fablica del Consejo Superior Universitario de la Universidad Nacional de Asunci\u00f3n"},"content":{"rendered":"<p><![CDATA[<strong>EN RELACI\u00d3N A LA NIVELACI\u00d3N SALARIAL DOCENTE PARA EL A\u00d1O 2019, EL CONSEJO SUPERIOR UNIVERSITARIO (CSU) EXPRESA CUANTO SIGUE:<\/strong>\nLuego de la Sesi\u00f3n Extraordinaria realizada este viernes 30 de agosto del corriente, donde el \u00fanico tema tratado fue la Nivelaci\u00f3n Salarial Docente 2019, visto y considerando el informe de la Comisi\u00f3n T\u00e9cnica, el CSU resuelve seg\u00fan <strong>Resoluci\u00f3n Nro. 0691-00-2019 del Acta Nro. 18 (A.S. Nro. 18\/30\/08\/19):<\/strong><!--more-->\n\n\n<ul>\n    \n\n<li>Declarar paro acad\u00e9mico activo indefinido en todas las Unidades Acad\u00e9micas, Institutos y Centros de la Universidad Nacional de Asunci\u00f3n, desde el d\u00eda lunes 2 de septiembre de 2019, hasta que el Ministerio de Hacienda cumpla en enviar al Congreso Nacional de la Rep\u00fablica del Paraguay, la reprogramaci\u00f3n de la Nivelaci\u00f3n Salarial Docente acordada para el a\u00f1o 2019.<\/li>\n\n\n    \n\n<li>Instar a los Estamentos Docentes, Egresados y de Estudiantes de la Universidad Nacional de Asunci\u00f3n a convocar a Asamblea Permanente, a fin de informar sobre la situaci\u00f3n y resolver las medidas a tomar.<\/li>\n\n\n    \n\n<li>Convocar a sesi\u00f3n permanente del Consejo Superior Universitario, hasta que el Ministerio de Hacienda cumpla en enviar al Congreso Nacional de la Rep\u00fablica del Paraguay, la reprogramaci\u00f3n acordada.<\/li>\n\n\n<\/ul>\n\n\n\n\n<p style=\"text-align: center;\"><strong>VITAM IMPENDERE VERO<\/strong><\/p>\n\n\n[pdf-embedder url=\"http:\/\/www.ing.una.py\/wp-content\/uploads\/2019\/08\/Viernes30_Agosto_Respecto_a_ParoAcademicoUNA_OFICIAL_UNA_CSU.pdf\"]]]>    \t<\/p>\n","protected":false},"excerpt":{"rendered":"<p>EN RELACI\u00d3N A LA NIVELACI\u00d3N SALARIAL DOCENTE PARA EL A\u00d1O 2019, EL CONSEJO SUPERIOR UNIVERSITARIO (CSU) EXPRESA CUANTO SIGUE: Luego de la Sesi\u00f3n Extraordinaria realizada este viernes 30 de agosto del corriente, donde el \u00fanico tema tratado fue la Nivelaci\u00f3n Salarial Docente 2019, visto y considerando el informe de la Comisi\u00f3n T\u00e9cnica, el CSU resuelve seg\u00fan Resoluci\u00f3n Nro. 0691-00-2019 del Acta Nro. 18 (A.S. Nro. 18\/30\/08\/19):<\/p>\n","protected":false},"author":1,"featured_media":40069,"comment_status":"open","ping_status":"open","sticky":false,"template":"","format":"standard","meta":{"_bbp_topic_count":0,"_bbp_reply_count":0,"_bbp_total_topic_count":0,"_bbp_total_reply_count":0,"_bbp_voice_count":0,"_bbp_anonymous_reply_count":0,"_bbp_topic_count_hidden":0,"_bbp_reply_count_hidden":0,"_bbp_forum_subforum_count":0,"advanced_seo_description":"","jetpack_seo_html_title":"","jetpack_seo_noindex":false,"jetpack_post_was_ever_published":false,"_jetpack_newsletter_access":"","_jetpack_dont_email_post_to_subs":false,"_jetpack_newsletter_tier_id":0,"_jetpack_memberships_contains_paywalled_content":false,"_jetpack_memberships_contains_paid_content":false,"footnotes":"","jetpack_publicize_message":"Comunicado a la Comunidad Educativa y a la opini\u00f3n p\u00fablica del Consejo Superior Universitario de la Universidad Nacional de Asunci\u00f3n","jetpack_publicize_feature_enabled":true,"jetpack_social_post_already_shared":true,"jetpack_social_options":{"image_generator_settings":{"template":"highway","default_image_id":0,"font":"","enabled":false},"version":2}},"categories":[75],"tags":[195],"class_list":["post-39020","post","type-post","status-publish","format-standard","has-post-thumbnail","hentry","category-noticias","tag-comunicado"],"jetpack_publicize_connections":[],"jetpack_featured_media_url":"https:\/\/www.ing.una.py\/FIUNA3\/wp-content\/uploads\/2019\/08\/EDQfKN7W4AEg-yR.jpg","jetpack_shortlink":"https:\/\/wp.me\/pc8Odv-a9m","jetpack_likes_enabled":true,"jetpack_sharing_enabled":true,"jetpack-related-posts":[],"_links":{"self":[{"href":"https:\/\/www.ing.una.py\/FIUNA3\/index.php?rest_route=\/wp\/v2\/posts\/39020","targetHints":{"allow":["GET"]}}],"collection":[{"href":"https:\/\/www.ing.una.py\/FIUNA3\/index.php?rest_route=\/wp\/v2\/posts"}],"about":[{"href":"https:\/\/www.ing.una.py\/FIUNA3\/index.php?rest_route=\/wp\/v2\/types\/post"}],"author":[{"embeddable":true,"href":"https:\/\/www.ing.una.py\/FIUNA3\/index.php?rest_route=\/wp\/v2\/users\/1"}],"replies":[{"embeddable":true,"href":"https:\/\/www.ing.una.py\/FIUNA3\/index.php?rest_route=%2Fwp%2Fv2%2Fcomments&post=39020"}],"version-history":[{"count":0,"href":"https:\/\/www.ing.una.py\/FIUNA3\/index.php?rest_route=\/wp\/v2\/posts\/39020\/revisions"}],"wp:featuredmedia":[{"embeddable":true,"href":"https:\/\/www.ing.una.py\/FIUNA3\/index.php?rest_route=\/wp\/v2\/media\/40069"}],"wp:attachment":[{"href":"https:\/\/www.ing.una.py\/FIUNA3\/index.php?rest_route=%2Fwp%2Fv2%2Fmedia&parent=39020"}],"wp:term":[{"taxonomy":"category","embeddable":true,"href":"https:\/\/www.ing.una.py\/FIUNA3\/index.php?rest_route=%2Fwp%2Fv2%2Fcategories&post=39020"},{"taxonomy":"post_tag","embeddable":true,"href":"https:\/\/www.ing.una.py\/FIUNA3\/index.php?rest_route=%2Fwp%2Fv2%2Ftags&post=39020"}],"curies":[{"name":"wp","href":"https:\/\/api.w.org\/{rel}","templated":true}]}}