{"id":39408,"date":"2019-09-25T13:27:04","date_gmt":"2019-09-25T17:27:04","guid":{"rendered":"http:\/\/www.ing.una.py\/?p=39408"},"modified":"2024-12-04T14:56:55","modified_gmt":"2024-12-04T17:56:55","slug":"el-03-de-octubre-te-invitamos-a-la-charla-sobre-el-clima-espacial-y-la-anomalia-magnetica-como-nos-afecta","status":"publish","type":"post","link":"https:\/\/www.ing.una.py\/FIUNA3\/?p=39408","title":{"rendered":"El 03 de octubre te invitamos a la charla sobre &quot;El Clima Espacial y la Anomal\u00eda Magn\u00e9tica, \u00bfc\u00f3mo nos afecta?&quot;"},"content":{"rendered":"<p><![CDATA[El<b> Laboratorio de Mec\u00e1nica y Energ\u00eda (LME) y la carrera de Ingenier\u00eda Geogr\u00e1fica y Ambiental de la Facultad de Ingenieria de la Universidad Nacional de Asunci\u00f3n (FIUNA)<\/b>, con el apoyo de la <strong>Agencia Espacial Paraguaya &#8211; AEP<\/strong>, invitan a participar de la Charla denominada <strong>\u00abEl Clima Espacial y la Anomal\u00eda Magn\u00e9tica, \u00bfc\u00f3mo nos afecta?\u00bb,<\/strong> a realizarse el pr\u00f3ximo jueves 03 de octubre del corriente a las 18:00hs en el Sal\u00f3n Auditorio del Edificio \u00abProf. Ing. Enzo Debernardi\u00bb de la FIUNA.<!--more-->\n<span style=\"font-weight: 400;\"><strong>El Clima Espacial<\/strong> consiste en el estudio, monitoreo y an\u00e1lisis en tiempo real del conjunto de propiedades f\u00edsicas del Sol, el medio interplanetario, la magnetosfera, la atm\u00f3sfera y la superficie terrestre. Este sistema se encuentra influenciado por la actividad solar que puede afectar nuestra infraestructura, tecnolog\u00eda, sociedad y salud. Estos fen\u00f3menos representan serios riesgos para el desarrollo humano puesto que se ha demostrado que afectan de forma global, la tecnolog\u00eda e infraestructura espacial y terrestre.<\/span>\n<span style=\"font-weight: 400;\">Las erupciones solares emiten radiaci\u00f3n electromagn\u00e9tica (luz) y enormes cantidades de part\u00edculas de altas energ\u00edas que llegan a la Tierra en pocos d\u00edas, impactando el campo magn\u00e9tico que protege al planeta. Tienen la capacidad de da\u00f1ar los sistemas de radares,\u00a0 inducir corrientes el\u00e9ctricas en transformadores de l\u00edneas de transmisi\u00f3n de energ\u00eda o provocando enormes p\u00e9rdidas econ\u00f3micas. Tambi\u00e9n pueden provocar interferencias en los sistemas de posicionamiento que los autom\u00f3viles, aviones y buques utilizan como sistemas navegaci\u00f3n; y -dependiendo de su intensidad- puede afectar a los sat\u00e9lites de GPS, degradando severamente su operaci\u00f3n.<\/span><span style=\"font-weight: 400;\">\u00a0<\/span>\n<span style=\"font-weight: 400;\">En los casos de las centrales generadoras de energ\u00eda, las consecuencias pueden ser m\u00e1s graves a\u00fan. Cuando una tormenta solar afecta al campo magn\u00e9tico terrestre y se inducen corrientes el\u00e9ctricas en suelo en las cercan\u00edas de una central hidroel\u00e9ctrica, \u00e9stas pueden quemar sus transformadores y desconectar las l\u00edneas de transmisi\u00f3n de energ\u00eda, ocasionando apagones.<\/span>\nEl objetivo de la charla es<span style=\"font-weight: 400;\">\u00a0presentar los principios asociados con los fen\u00f3menos clim\u00e1ticos espaciales, los efectos econ\u00f3micos y los impactos en la sociedad actual, as\u00ed como los esfuerzos para pasar de la investigaci\u00f3n a las operaciones espaciales clim\u00e1ticas en Am\u00e9rica Latina. Se mostrar\u00e1 la experiencia adquirida con el desarrollo del Centro Regional de Alerta Clim\u00e1tica Am\u00e9rica en Am\u00e9rica Latina (especialmente en el Programa de Estudios y Monitoreo del Clima Espacial &#8211; EMBRACE).<\/span>\nEstar\u00e1 como expositor el\u00a0<span style=\"font-weight: 400;\"><b style=\"font-weight: 400;\">Dr. <\/b><b>Cl\u00e9zio<\/b><b style=\"font-weight: 400;\"> Marcos De Nardin,<\/b> Ingeniero El\u00e9ctrico por la Universidad Federal de Santa Mar\u00eda y\u00a0 Doctor en Geof\u00edsica Espacial por el Instituto Nacional de Pesquisas Espaciais (INPE). Public\u00f3 66 art\u00edculos en revistas internacionales indexadas, 40 trabajos en congresos y 213 trabajos presentados en reuniones cient\u00edficas. Obtuvo 11 premios cient\u00edficos como autor y act\u00faa como revisor y editor de revistas cient\u00edficas internacionales.\u00a0<\/span>\n<span style=\"font-weight: 400;\">Actualmente es el Coordinador General de Espacio y Ciencias Atmosf\u00e9ricas en INPE y vicepresidente de Am\u00e9rica Latina de la Asociaci\u00f3n Americana de Geof\u00edsica Espacial (ALAGE). Adem\u00e1s, es el representante brasile\u00f1o en el equipo inter-programa de la OMM sobre Informaci\u00f3n, Sistemas y Servicios de Clima Espacial (IPT-SWISS). Forma parte del Grupo de Expertos en Clima Espacial de Comit\u00e9 de la ONU sobre los usos pac\u00edficos del espacio ultraterrestre (UNOOSA).<\/span>\n<b>El acceso ser\u00e1 libre y gratuito <\/b>y\u00a0para los estudiantes de la FIUNA se otorgaran puntos de Extensi\u00f3n\n<img loading=\"lazy\" decoding=\"async\" class=\"aligncenter size-full wp-image-39409\" src=\"http:\/\/www.ing.una.py\/wp-content\/uploads\/2019\/09\/Charla-Clima-espacial-e1569433864648.png\" alt=\"\" width=\"600\" height=\"900\" \/>\n<iframe loading=\"lazy\" src=\"https:\/\/www.youtube.com\/embed\/HJfy8acFaOg\" width=\"560\" height=\"315\" frameborder=\"0\" allowfullscreen=\"allowfullscreen\"><\/iframe>]]>    \t<\/p>\n","protected":false},"excerpt":{"rendered":"<p>Laboratorio de Mec\u00e1nica y Energ\u00eda (LME) y la carrera de Ingenier\u00eda Geogr\u00e1fica y Ambiental de la Facultad de Ingenieria de la Universidad Nacional de Asunci\u00f3n (FIUNA), con el apoyo de la Agencia Espacial Paraguaya &#8211; AEP, invitan a participar de la Charla denominada \u00abEl Clima Espacial y la Anomal\u00eda Magn\u00e9tica, \u00bfc\u00f3mo nos afecta?\u00bb, a realizarse el pr\u00f3ximo jueves 03 de octubre del corriente a las 18:00hs en el Sal\u00f3n Auditorio del Edificio \u00abProf. Ing. Enzo Debernardi\u00bb de la FIUNA.<\/p>\n","protected":false},"author":1,"featured_media":40129,"comment_status":"open","ping_status":"open","sticky":false,"template":"","format":"standard","meta":{"_bbp_topic_count":0,"_bbp_reply_count":0,"_bbp_total_topic_count":0,"_bbp_total_reply_count":0,"_bbp_voice_count":0,"_bbp_anonymous_reply_count":0,"_bbp_topic_count_hidden":0,"_bbp_reply_count_hidden":0,"_bbp_forum_subforum_count":0,"advanced_seo_description":"","jetpack_seo_html_title":"","jetpack_seo_noindex":false,"jetpack_post_was_ever_published":false,"_jetpack_newsletter_access":"","_jetpack_dont_email_post_to_subs":false,"_jetpack_newsletter_tier_id":0,"_jetpack_memberships_contains_paywalled_content":false,"_jetpack_memberships_contains_paid_content":false,"footnotes":"","jetpack_publicize_message":"El 03 de octubre te invitamos a la charla sobre \"El Clima Espacial y la Anomal\u00eda Magn\u00e9tica, \u00bfc\u00f3mo nos afecta?\"","jetpack_publicize_feature_enabled":true,"jetpack_social_post_already_shared":true,"jetpack_social_options":{"image_generator_settings":{"template":"highway","default_image_id":0,"font":"","enabled":false},"version":2}},"categories":[89,887],"tags":[617,413,348],"class_list":["post-39408","post","type-post","status-publish","format-standard","has-post-thumbnail","hentry","category-charlas-y-debates","category-eventos","tag-aep","tag-ingenieria-geografica-y-ambiental","tag-lme"],"jetpack_publicize_connections":[],"jetpack_featured_media_url":"https:\/\/www.ing.una.py\/FIUNA3\/wp-content\/uploads\/2019\/09\/charla-Clima-espacial_cuadro.png","jetpack_shortlink":"https:\/\/wp.me\/pc8Odv-afC","jetpack_likes_enabled":true,"jetpack_sharing_enabled":true,"jetpack-related-posts":[],"_links":{"self":[{"href":"https:\/\/www.ing.una.py\/FIUNA3\/index.php?rest_route=\/wp\/v2\/posts\/39408","targetHints":{"allow":["GET"]}}],"collection":[{"href":"https:\/\/www.ing.una.py\/FIUNA3\/index.php?rest_route=\/wp\/v2\/posts"}],"about":[{"href":"https:\/\/www.ing.una.py\/FIUNA3\/index.php?rest_route=\/wp\/v2\/types\/post"}],"author":[{"embeddable":true,"href":"https:\/\/www.ing.una.py\/FIUNA3\/index.php?rest_route=\/wp\/v2\/users\/1"}],"replies":[{"embeddable":true,"href":"https:\/\/www.ing.una.py\/FIUNA3\/index.php?rest_route=%2Fwp%2Fv2%2Fcomments&post=39408"}],"version-history":[{"count":1,"href":"https:\/\/www.ing.una.py\/FIUNA3\/index.php?rest_route=\/wp\/v2\/posts\/39408\/revisions"}],"predecessor-version":[{"id":69659,"href":"https:\/\/www.ing.una.py\/FIUNA3\/index.php?rest_route=\/wp\/v2\/posts\/39408\/revisions\/69659"}],"wp:featuredmedia":[{"embeddable":true,"href":"https:\/\/www.ing.una.py\/FIUNA3\/index.php?rest_route=\/wp\/v2\/media\/40129"}],"wp:attachment":[{"href":"https:\/\/www.ing.una.py\/FIUNA3\/index.php?rest_route=%2Fwp%2Fv2%2Fmedia&parent=39408"}],"wp:term":[{"taxonomy":"category","embeddable":true,"href":"https:\/\/www.ing.una.py\/FIUNA3\/index.php?rest_route=%2Fwp%2Fv2%2Fcategories&post=39408"},{"taxonomy":"post_tag","embeddable":true,"href":"https:\/\/www.ing.una.py\/FIUNA3\/index.php?rest_route=%2Fwp%2Fv2%2Ftags&post=39408"}],"curies":[{"name":"wp","href":"https:\/\/api.w.org\/{rel}","templated":true}]}}