{"id":41594,"date":"2020-02-19T13:32:58","date_gmt":"2020-02-19T17:32:58","guid":{"rendered":"http:\/\/www.ing.una.py\/?p=41594"},"modified":"2020-02-19T13:32:58","modified_gmt":"2020-02-19T17:32:58","slug":"movilidades-realizadas-en-la-fiuna-1er-ciclo-2020","status":"publish","type":"post","link":"https:\/\/www.ing.una.py\/FIUNA3\/?p=41594","title":{"rendered":"Movilidades realizadas en la FIUNA &#8211; 1er Ciclo 2020"},"content":{"rendered":"<p><![CDATA[<b>La Coordinaci\u00f3n de Movilidad Estudiantil de la Facultad de Ingenieria de la Universidad Nacional de Asunci\u00f3n (FIUNA)<\/b> ha apoyado a la realizaci\u00f3n de postulaciones a las convocatorias de los Programas con los que la UNA mantiene v\u00ednculos estrechos como ser la <strong>Asociaci\u00f3n de Universidades Grupo Montevideo &#8211; AUGM y el Programa Acad\u00e9mico de Movilidad Educativa &#8211; PAME. <\/strong><!--more-->\nEn cuanto a la <strong>Universidad Alemana<\/strong> y el <strong>Programa Erasmus,<\/strong>, la Coordinaci\u00f3n se ha encargado de las documentaciones solicitadas por los estudiantes, teniendo en cuenta que la postulaci\u00f3n lo deben realizar los interesados, ya que la misma se realiza en l\u00ednea con la Universidad de destino y el concurso se realiza por Beca a nivel pa\u00eds.\nAs\u00ed mismo, el pasado 7 de febrero del presente a\u00f1o, han arribado a nuestro pa\u00eds estudiantes colombianos que pasar\u00e1n el presente ciclo en la Instituci\u00f3n.\n\n\n<h3><strong>Movilidad entrante &#8211; PAME &#8211; UDUAL<\/strong><\/h3>\n\n\n\n\n<ul>\n    \n\n<li><strong>Christian Sandoval,<\/strong> llega desde la Universidad ECCI de Colombia, para cursar la carrera de Ingenier\u00eda Mec\u00e1nica en la FIUNA.<\/li>\n\n\n    \n\n<li><strong>Jessica Numpaque,<\/strong> llega desde la Universidad Cat\u00f3lica de Colombia, para cursar la carrera de Ingenier\u00eda Industrial en la FIUNA<\/li>\n\n\n<\/ul>\n\n\n\n\n<h2>Movilidades salientes 2020<\/h2>\n\n\nLa estudiante de la carrera de Ingenieria Mecatr\u00f3nica, <strong>Giohanna Mart\u00ednez\u00a0<\/strong><b>Fern\u00e1ndez<\/b>, viaj\u00f3 con destino a la Universidad Complutense, Facultad De Ciencias F\u00edsicas, Madrid, el pasado 18 de enero del corriente.\n\n\n<h3><strong>Movilidad saliente &#8211;\u00a0 1er. Ciclo &#8211; PAME UDUAL<\/strong><\/h3>\n\n\n\n\n<ul>\n    \n\n<li><strong>Fernando Ferreira G.,<\/strong> estudiante de la carrera de Ingenier\u00eda Civil, con destino a la UNICAMP &#8211; Universidade Estadual de Campinas, Brasil.<\/li>\n\n\n    \n\n<li><strong>Roberto Olmedo,\u00a0<\/strong> estudiante de la carrera de Ingenier\u00eda Civil, con destino a la UNICAMP &#8211; Universidade Estadual de Campinas, Brasil.<\/li>\n\n\n<\/ul>\n\n\n\n\n<h3>Movilidad saliente &#8211; 1er. Ciclo &#8211; AUGM &#8211; GRUPO MONTEVIDEO<\/h3>\n\n\n\n\n<ul>\n    \n\n<li><strong>Augusto Salinas,<\/strong> estudiante de la carrera de Ingenier\u00eda\u00a0 Electromec\u00e1nica, con destino a la Universidad Federal de Minas Gerais, Escola da Engenharia Electica &#8211; UFMG.<\/li>\n\n\n    \n\n<li><strong>Diego Granada, <\/strong>estudiante de la carrera de Ingenier\u00eda Civil, con destino a la Universidad de Santiago de Chile, Ingenieria Civil en Obras Civiles &#8211; USACH.<\/li>\n\n\n<\/ul>\n\n\n\n\n<h3>Movilidad saliente &#8211; 1er. Ciclo &#8211; Convenio con la Universidad T\u00e9cnica de Darmstadt<\/h3>\n\n\n\n\n<ul>\n    \n\n<li><strong>Guillermo Urizar,<\/strong> estudiante de la carrera ingenier\u00eda Electr\u00f3nica, con destino a la Hochschule Darmstadt &#8211; University Of Applied Sciences, Alemania.<\/li>\n\n\n    \n\n<li><strong>Sebasti\u00e1n Ben\u00edtez, <\/strong>estudiante de la carrera ingenier\u00eda Industrial, con destino a la Hochschule Darmstadt &#8211; University Of Applied Sciences, Alemania.<\/li>\n\n\n<\/ul>\n\n\n\n\n<h3><\/h3>\n\n\n\n\n<h3>Movilidad ESCALA &#8211; Docente AUGM &#8211; 2020 1er. Ciclo<\/h3>\n\n\n\n\n<ul>\n    \n\n<li><strong>Prof. Pablina Balbuena,<\/strong> con destino a la Escuela De Ingenieria Civil, Universidad Nacional de Rosario, Argentina.<\/li>\n\n\n    \n\n<li><b>Prof. Diego Florent\u00edn, <\/b>con destino a la Facultad de Ingenieria de la Universidad de la Rep\u00fablica del Uruguay.<\/li>\n\n\n    \n\n<li><strong>Prof. Anah\u00ed Ib\u00e1\u00f1ez,<\/strong> con destino a la Facultad de Ingenieria de la Universidad Nacional del Nordeste Chaco &#8211; Corrientes, Argentina.<\/li>\n\n\n<\/ul>\n\n\nAs\u00ed mismo, en el marco de los programas de Movilidad, el pasado 21 de noviembre y 05 de diciembre de 2019, la FIUNA, recibi\u00f3 la visita del <strong>Sr. Rogerio Pimenta,<\/strong> Coordinador del Programa de <strong>Movilidad de AUGM de la Universidad Federal de Minas Gerais &#8211; UFMG, Brasil<\/strong> y al <strong>Dr. Javier S\u00e1nchez Rosas,<\/strong> docente-investigador de la <strong>Facultad de Psicolog\u00eda y gestor de la Facultad de Ciencias Qu\u00edmicas de la Universidad Nacional de C\u00f3rdoba, Argentina,<\/strong> en el marco del Programa\u00a0\u00a0ESCALA Gestores y Administradores (PEGyA) de la Asociaci\u00f3n de Universidades Grupo Montevideo (AUGM)\nEl objetivo de la visita se centra en visualizar la cultura organizacional existente en la Direcci\u00f3n de Relaciones Internacionales de la UNA y realizar una comparaci\u00f3n con la existente en la DRI de la UFMG. Compreender el perfil de los participantes de las movilidades internacionales de la UNA as\u00ed como sus estad\u00edsticas de internacionalizaci\u00f3n y contraponer con la realidad existente en la DRI. Fortalecer los lazos entre los equipos administrativas actuantes en el proceso de internacionalizaci\u00f3n de forma que los procesos de movilidad se realicen de forma m\u00e1s flex\u00edvel.\nAmbos coordinadores mantuvieron reuniones con sus pares de la FIUNA para luego realizar un recorrido por las instalaciones de la Instituci\u00f3n, como son los laboratorios, el albergue estudiantil, la Direcci\u00f3n de Investigaci\u00f3n, algunas aulas, la Biblioteca y lugares de esparcimiento de los estudiantes. Asi mismo,el Dr. S\u00e1nchez sostuvo una reuni\u00f3n con autoridades de la coordinaci\u00f3n de Movilidad estudiantil, las direcciones de Bienestar Estudiantil, Posgrado, Investigaci\u00f3n, Acad\u00e9mica y Vicedecanato. El encuentro dio oportunidad para conocer e intercambiar sobre aspectos de la vida institucional, acad\u00e9mica y cient\u00edfica de ambas instituciones de educaci\u00f3n superior.\n\n\n<p style=\"font-weight: 400;\">Destac\u00f3 adem\u00e1s las acciones de acompa\u00f1amiento a la trayectoria educativa durante el periodo de grado y el posgrado y comparti\u00f3 sobre las dificultades y estrategias que se desarrollan en su unidad acad\u00e9mica para un abordaje integral. Resalt\u00f3, adem\u00e1s, las ventajas que la FIUNA ofrece al implementar el recursado de asignaturas en semestres sucesivos, lo cual permite atenuar algunos problemas de retenci\u00f3n y avance a trav\u00e9s de la malla curricular de los estudiantes de grado.<\/p>\n\n\n[gallery type=\"rectangular\" link=\"file\" ids=\"41708,41685,41595,41596\"]]]>    \t<\/p>\n","protected":false},"excerpt":{"rendered":"<p>La Coordinaci\u00f3n de Movilidad Estudiantil de la Facultad de Ingenieria de la Universidad Nacional de Asunci\u00f3n (FIUNA) ha apoyado a la realizaci\u00f3n de postulaciones a las convocatorias de los Programas con los que la UNA mantiene v\u00ednculos estrechos como ser la Asociaci\u00f3n de Universidades Grupo Montevideo &#8211; AUGM y el Programa Acad\u00e9mico de Movilidad Educativa &#8211; PAME.<\/p>\n","protected":false},"author":1,"featured_media":41595,"comment_status":"open","ping_status":"open","sticky":false,"template":"","format":"standard","meta":{"_bbp_topic_count":0,"_bbp_reply_count":0,"_bbp_total_topic_count":0,"_bbp_total_reply_count":0,"_bbp_voice_count":0,"_bbp_anonymous_reply_count":0,"_bbp_topic_count_hidden":0,"_bbp_reply_count_hidden":0,"_bbp_forum_subforum_count":0,"advanced_seo_description":"","jetpack_seo_html_title":"","jetpack_seo_noindex":false,"jetpack_post_was_ever_published":false,"_jetpack_newsletter_access":"","_jetpack_dont_email_post_to_subs":false,"_jetpack_newsletter_tier_id":0,"_jetpack_memberships_contains_paywalled_content":false,"_jetpack_memberships_contains_paid_content":false,"footnotes":"","jetpack_publicize_message":"Movilidades realizadas en la FIUNA - 1er Ciclo 2020","jetpack_publicize_feature_enabled":true,"jetpack_social_post_already_shared":true,"jetpack_social_options":{"image_generator_settings":{"template":"highway","default_image_id":0,"font":"","enabled":false},"version":2}},"categories":[149,75],"tags":[232,766],"class_list":["post-41594","post","type-post","status-publish","format-standard","has-post-thumbnail","hentry","category-movilidad","category-noticias","tag-augm","tag-pame"],"jetpack_publicize_connections":[],"jetpack_featured_media_url":"https:\/\/www.ing.una.py\/FIUNA3\/wp-content\/uploads\/2020\/02\/colombianos.jpg","jetpack_shortlink":"https:\/\/wp.me\/pc8Odv-aOS","jetpack_likes_enabled":true,"jetpack_sharing_enabled":true,"jetpack-related-posts":[],"_links":{"self":[{"href":"https:\/\/www.ing.una.py\/FIUNA3\/index.php?rest_route=\/wp\/v2\/posts\/41594","targetHints":{"allow":["GET"]}}],"collection":[{"href":"https:\/\/www.ing.una.py\/FIUNA3\/index.php?rest_route=\/wp\/v2\/posts"}],"about":[{"href":"https:\/\/www.ing.una.py\/FIUNA3\/index.php?rest_route=\/wp\/v2\/types\/post"}],"author":[{"embeddable":true,"href":"https:\/\/www.ing.una.py\/FIUNA3\/index.php?rest_route=\/wp\/v2\/users\/1"}],"replies":[{"embeddable":true,"href":"https:\/\/www.ing.una.py\/FIUNA3\/index.php?rest_route=%2Fwp%2Fv2%2Fcomments&post=41594"}],"version-history":[{"count":0,"href":"https:\/\/www.ing.una.py\/FIUNA3\/index.php?rest_route=\/wp\/v2\/posts\/41594\/revisions"}],"wp:featuredmedia":[{"embeddable":true,"href":"https:\/\/www.ing.una.py\/FIUNA3\/index.php?rest_route=\/wp\/v2\/media\/41595"}],"wp:attachment":[{"href":"https:\/\/www.ing.una.py\/FIUNA3\/index.php?rest_route=%2Fwp%2Fv2%2Fmedia&parent=41594"}],"wp:term":[{"taxonomy":"category","embeddable":true,"href":"https:\/\/www.ing.una.py\/FIUNA3\/index.php?rest_route=%2Fwp%2Fv2%2Fcategories&post=41594"},{"taxonomy":"post_tag","embeddable":true,"href":"https:\/\/www.ing.una.py\/FIUNA3\/index.php?rest_route=%2Fwp%2Fv2%2Ftags&post=41594"}],"curies":[{"name":"wp","href":"https:\/\/api.w.org\/{rel}","templated":true}]}}