{"id":45054,"date":"2021-02-18T10:03:02","date_gmt":"2021-02-18T14:03:02","guid":{"rendered":"http:\/\/www.ing.una.py\/?p=45054"},"modified":"2024-12-05T12:52:08","modified_gmt":"2024-12-05T15:52:08","slug":"inscripciones-abiertas-al-curso-virtual-de-aleman-%f0%9f%87%a9%f0%9f%87%aa","status":"publish","type":"post","link":"https:\/\/www.ing.una.py\/FIUNA3\/?p=45054","title":{"rendered":"Inscripciones abiertas al curso virtual de alem\u00e1n &#x1f1e9;&#x1f1ea;"},"content":{"rendered":"<p><![CDATA[<strong>La Academia de idiomas\u00a0<\/strong>dependiente de la<strong>\u00a0Direcci\u00f3n de Extensi\u00f3n\u00a0de la Facultad de Ingenier\u00eda de la Universidad Nacional de Asunci\u00f3n (FIUNA),<\/strong>\u00a0informa que est\u00e1n abiertas las inscripciones al curso de idioma alem\u00e1n.<strong> Las clases iniciaran el jueves 04 de marzo del 2021<\/strong> y ser\u00e1n ofrecidos por la\u00a0<a href=\"http:\/\/www.ing.una.py\/?page_id=11972\">Lectora del DAAD, <\/a><strong><a href=\"http:\/\/www.ing.una.py\/?page_id=11972\">Gabriela Dyck<\/a>.<\/strong><!--more-->\n&nbsp;\n\n\n<h3>Niveles y horarios<\/h3>\n\n\n\n\n<p class=\"_04xlpA direction-ltr align-start para-style-body\"><strong><span class=\"JsGRdQ\"># A1.1<\/span><\/strong><\/p>\n\n\n\n\n<ul>\n    \n\n<li class=\"_04xlpA direction-ltr align-start para-style-body\"><span class=\"JsGRdQ\">Principiantes<\/span><\/li>\n\n\n    \n\n<li class=\"_04xlpA direction-ltr align-start para-style-body\"><strong>D\u00edas:<\/strong> <span class=\"JsGRdQ\">martes y jueves<\/span><\/li>\n\n\n    \n\n<li class=\"_04xlpA direction-ltr align-start para-style-body\"><strong>Hora<\/strong>: <span class=\"JsGRdQ\">de 13 a 15<\/span><\/li>\n\n\n<\/ul>\n\n\n\n\n<p class=\"_04xlpA direction-ltr align-start para-style-body\"><strong><span class=\"JsGRdQ\"># A2.1<\/span><\/strong><\/p>\n\n\n\n\n<ul>\n    \n\n<li class=\"_04xlpA direction-ltr align-start para-style-body\"><strong><span class=\"JsGRdQ\">D\u00edas:<\/span><\/strong> <span class=\"JsGRdQ\">martes y jueves<\/span><\/li>\n\n\n    \n\n<li class=\"_04xlpA direction-ltr align-start para-style-body\"><strong><span class=\"JsGRdQ\">Hora: <\/span><\/strong><span class=\"JsGRdQ\">de 15 a 17<\/span><\/li>\n\n\n<\/ul>\n\n\n\n\n<h3>Formulario de preinscripci\u00f3n: &#x1f449;<a href=\"https:\/\/docs.google.com\/forms\/d\/e\/1FAIpQLSejW93n23VYbkYuMGLNY16Rb3evcvHhq44UJiIhbgyygWE19w\/viewform\" target=\"_blank\" rel=\"noopener\">AQU\u00cd<\/a><\/h3>\n\n\n\n\n<h3>Opciones de pago<\/h3>\n\n\n\n\n<ol>\n    \n\n<li>Pago del arancel correspondiente en la caja de la FIUNA, Campus de la UNA (San Lorenzo) en el horario de lunes a viernes de 08:00 a 19:00 hs, presentando el Formulario de Inscripci\u00f3n.<\/li>\n\n\n    \n\n<li>Por medio de la aplicaci\u00f3n de Bancard, descargando la aplicaci\u00f3n de Pago M\u00f3vil o en bocas de cobranzas de INFONET con el n\u00famero de c\u00e9dula del estudiante.\n<strong>Costo del arancel <\/strong>80.000 Gs<\/li>\n\n\n<\/ol>\n\n\n&#x26a0;&#xfe0f;<strong> Obs.:<\/strong> Para los que abonen el arancel en la aplicaci\u00f3n de Bancard o en bocas de cobranzas se solicita remitir el comprobante de pago al correo <a href=\"mailto:tesoreria@ing.una.py\" target=\"_blank\" rel=\"noopener\">tesoreria@ing.una.py<\/a>\n\n\n<h3>Consultas<\/h3>\n\n\n<strong>Administrativas<\/strong>\nLic. Sady Flecha\n+595 981 997 231\n<strong>Acad\u00e9micas\n<\/strong>Gabriela Dyck\n<a href=\"mailto:daad.asuncion@hotmail.com\">daad.asuncion@hotmail.com<\/a>\n+595 982 969 649\nOficina de la Academia de Idiomas, Planta Baja del Edificio \u201cCap. Jos\u00e9 Alfredo Bozzano Baglietto\u201d (al costado del Banco Ita\u00fa), Campus de la UNA \u2013 San Lorenzo.\n<span class=\"JsGRdQ\"><strong>Atenci\u00f3n:<\/strong>\u00a0<\/span><span class=\"JsGRdQ\">de Lunes a viernes de 08 a 14hs.<\/span>\n[caption id=\"attachment_45058\" align=\"aligncenter\" width=\"540\"]<a href=\"http:\/\/www.ing.una.py\/wp-content\/uploads\/2021\/02\/Curso-de-Aleman-2021-actualizado.png\"><img loading=\"lazy\" decoding=\"async\" data-attachment-id=\"45058\" data-permalink=\"https:\/\/www.ing.una.py\/FIUNA3\/?attachment_id=45058\" data-orig-file=\"https:\/\/www.ing.una.py\/FIUNA3\/wp-content\/uploads\/2021\/02\/Curso-de-Aleman-2021-actualizado.png\" data-orig-size=\"1587,2245\" data-comments-opened=\"1\" data-image-meta=\"{&quot;aperture&quot;:&quot;0&quot;,&quot;credit&quot;:&quot;&quot;,&quot;camera&quot;:&quot;&quot;,&quot;caption&quot;:&quot;&quot;,&quot;created_timestamp&quot;:&quot;0&quot;,&quot;copyright&quot;:&quot;&quot;,&quot;focal_length&quot;:&quot;0&quot;,&quot;iso&quot;:&quot;0&quot;,&quot;shutter_speed&quot;:&quot;0&quot;,&quot;title&quot;:&quot;&quot;,&quot;orientation&quot;:&quot;0&quot;}\" data-image-title=\"Curso de Alem\u00e1n 2021-actualizado\" data-image-description=\"&lt;p&gt;&lt;![CDATA[]]&gt;    \t&lt;\/p&gt;\n\" data-image-caption=\"\" data-large-file=\"https:\/\/www.ing.una.py\/FIUNA3\/wp-content\/uploads\/2021\/02\/Curso-de-Aleman-2021-actualizado-724x1024.png\" class=\"wp-image-45058\" src=\"http:\/\/www.ing.una.py\/wp-content\/uploads\/2021\/02\/Curso-de-Aleman-2021-actualizado.png\" alt=\"\" width=\"540\" height=\"764\" srcset=\"https:\/\/www.ing.una.py\/FIUNA3\/wp-content\/uploads\/2021\/02\/Curso-de-Aleman-2021-actualizado.png 1587w, https:\/\/www.ing.una.py\/FIUNA3\/wp-content\/uploads\/2021\/02\/Curso-de-Aleman-2021-actualizado-212x300.png 212w, https:\/\/www.ing.una.py\/FIUNA3\/wp-content\/uploads\/2021\/02\/Curso-de-Aleman-2021-actualizado-724x1024.png 724w, https:\/\/www.ing.una.py\/FIUNA3\/wp-content\/uploads\/2021\/02\/Curso-de-Aleman-2021-actualizado-768x1086.png 768w, https:\/\/www.ing.una.py\/FIUNA3\/wp-content\/uploads\/2021\/02\/Curso-de-Aleman-2021-actualizado-1086x1536.png 1086w, https:\/\/www.ing.una.py\/FIUNA3\/wp-content\/uploads\/2021\/02\/Curso-de-Aleman-2021-actualizado-1448x2048.png 1448w\" sizes=\"auto, (max-width: 540px) 100vw, 540px\" \/><\/a> Inscripciones abiertas al curso virtual de alem\u00e1n &#x1f1e9;&#x1f1ea;[\/caption]]]>    \t<\/p>\n","protected":false},"excerpt":{"rendered":"<p>La Academia de idiomas\u00a0dependiente de la\u00a0Direcci\u00f3n de Extensi\u00f3n\u00a0de la Facultad de Ingenier\u00eda de la Universidad Nacional de Asunci\u00f3n (FIUNA),\u00a0informa que est\u00e1n abiertas las inscripciones al curso de idioma alem\u00e1n. Las clases iniciaran el jueves 04 de marzo del 2021 y ser\u00e1n ofrecidos por la\u00a0Lectora del DAAD, Gabriela Dyck.<\/p>\n","protected":false},"author":1,"featured_media":25876,"comment_status":"open","ping_status":"open","sticky":false,"template":"","format":"standard","meta":{"_bbp_topic_count":0,"_bbp_reply_count":0,"_bbp_total_topic_count":0,"_bbp_total_reply_count":0,"_bbp_voice_count":0,"_bbp_anonymous_reply_count":0,"_bbp_topic_count_hidden":0,"_bbp_reply_count_hidden":0,"_bbp_forum_subforum_count":0,"advanced_seo_description":"","jetpack_seo_html_title":"","jetpack_seo_noindex":false,"jetpack_post_was_ever_published":false,"_jetpack_newsletter_access":"","_jetpack_dont_email_post_to_subs":false,"_jetpack_newsletter_tier_id":0,"_jetpack_memberships_contains_paywalled_content":false,"_jetpack_memberships_contains_paid_content":false,"footnotes":"","jetpack_publicize_message":"","jetpack_publicize_feature_enabled":true,"jetpack_social_post_already_shared":false,"jetpack_social_options":{"image_generator_settings":{"template":"highway","default_image_id":0,"font":"","enabled":false},"version":2}},"categories":[832,773,887],"tags":[147],"class_list":["post-45054","post","type-post","status-publish","format-standard","has-post-thumbnail","hentry","category-academia-de-idiomas","category-cursos","category-eventos","tag-alemania"],"jetpack_publicize_connections":[],"jetpack_featured_media_url":"https:\/\/www.ing.una.py\/FIUNA3\/wp-content\/uploads\/2017\/08\/aleman.png","jetpack_shortlink":"https:\/\/wp.me\/pc8Odv-bIG","jetpack_likes_enabled":true,"jetpack_sharing_enabled":true,"jetpack-related-posts":[],"_links":{"self":[{"href":"https:\/\/www.ing.una.py\/FIUNA3\/index.php?rest_route=\/wp\/v2\/posts\/45054","targetHints":{"allow":["GET"]}}],"collection":[{"href":"https:\/\/www.ing.una.py\/FIUNA3\/index.php?rest_route=\/wp\/v2\/posts"}],"about":[{"href":"https:\/\/www.ing.una.py\/FIUNA3\/index.php?rest_route=\/wp\/v2\/types\/post"}],"author":[{"embeddable":true,"href":"https:\/\/www.ing.una.py\/FIUNA3\/index.php?rest_route=\/wp\/v2\/users\/1"}],"replies":[{"embeddable":true,"href":"https:\/\/www.ing.una.py\/FIUNA3\/index.php?rest_route=%2Fwp%2Fv2%2Fcomments&post=45054"}],"version-history":[{"count":1,"href":"https:\/\/www.ing.una.py\/FIUNA3\/index.php?rest_route=\/wp\/v2\/posts\/45054\/revisions"}],"predecessor-version":[{"id":67671,"href":"https:\/\/www.ing.una.py\/FIUNA3\/index.php?rest_route=\/wp\/v2\/posts\/45054\/revisions\/67671"}],"wp:featuredmedia":[{"embeddable":true,"href":"https:\/\/www.ing.una.py\/FIUNA3\/index.php?rest_route=\/wp\/v2\/media\/25876"}],"wp:attachment":[{"href":"https:\/\/www.ing.una.py\/FIUNA3\/index.php?rest_route=%2Fwp%2Fv2%2Fmedia&parent=45054"}],"wp:term":[{"taxonomy":"category","embeddable":true,"href":"https:\/\/www.ing.una.py\/FIUNA3\/index.php?rest_route=%2Fwp%2Fv2%2Fcategories&post=45054"},{"taxonomy":"post_tag","embeddable":true,"href":"https:\/\/www.ing.una.py\/FIUNA3\/index.php?rest_route=%2Fwp%2Fv2%2Ftags&post=45054"}],"curies":[{"name":"wp","href":"https:\/\/api.w.org\/{rel}","templated":true}]}}