{"id":5130,"date":"2013-05-28T13:55:48","date_gmt":"2013-05-28T13:55:48","guid":{"rendered":"http:\/\/www.ing.una.py\/?p=5130"},"modified":"2024-12-05T14:25:07","modified_gmt":"2024-12-05T17:25:07","slug":"ciclo-de-talleres-desarrollo-personal-camino-al-exito","status":"publish","type":"post","link":"https:\/\/www.ing.una.py\/FIUNA3\/?p=5130","title":{"rendered":"Ciclo de talleres &quot;Desarrollo personal camino al \u00e9xito&quot;"},"content":{"rendered":"<p><![CDATA[Este viernes 31 de mayo de 08:00 a 10:00 h. en el Aula C4, se llevar\u00e1 adelante el cuarto taller del Ciclo <em>\u00abDesarrollo personal camino al \u00e9xito\u00bb<\/em> a cargo de la Lic. Julia Irene Segovia Silva, con el objetivo de capacitar a los alumnos, docentes y funcionarios en temas de Desarrollo personal, con \u00e9nfasis en habilidades de comunicaci\u00f3n e interrelaci\u00f3n.<!--more-->\n<a href=\"http:\/\/www.ing.una.py\/FIUNA3\/wp-content\/uploads\/2013\/05\/calidez-personal.jpg\"><img loading=\"lazy\" decoding=\"async\" data-attachment-id=\"5134\" data-permalink=\"https:\/\/www.ing.una.py\/FIUNA3\/?attachment_id=5134\" data-orig-file=\"https:\/\/www.ing.una.py\/FIUNA3\/wp-content\/uploads\/2013\/05\/calidez-personal.jpg\" data-orig-size=\"600,849\" data-comments-opened=\"1\" data-image-meta=\"{&quot;aperture&quot;:&quot;0&quot;,&quot;credit&quot;:&quot;&quot;,&quot;camera&quot;:&quot;&quot;,&quot;caption&quot;:&quot;&quot;,&quot;created_timestamp&quot;:&quot;0&quot;,&quot;copyright&quot;:&quot;&quot;,&quot;focal_length&quot;:&quot;0&quot;,&quot;iso&quot;:&quot;0&quot;,&quot;shutter_speed&quot;:&quot;0&quot;,&quot;title&quot;:&quot;&quot;,&quot;orientation&quot;:&quot;0&quot;}\" data-image-title=\"Ciclo de talleres Desarrollo personal\" data-image-description=\"&lt;p&gt;&lt;![CDATA[]]&gt;    \t&lt;\/p&gt;\n\" data-image-caption=\"\" data-large-file=\"https:\/\/www.ing.una.py\/FIUNA3\/wp-content\/uploads\/2013\/05\/calidez-personal.jpg\" class=\"wp-image-5134 alignright\" style=\"border: 1px solid gray; margin: 6px;\" alt=\"Talleres calidez personal\" src=\"http:\/\/www.ing.una.py\/FIUNA3\/wp-content\/uploads\/2013\/05\/calidez-personal.jpg\" width=\"151\" height=\"214\" srcset=\"https:\/\/www.ing.una.py\/FIUNA3\/wp-content\/uploads\/2013\/05\/calidez-personal.jpg 600w, https:\/\/www.ing.una.py\/FIUNA3\/wp-content\/uploads\/2013\/05\/calidez-personal-212x300.jpg 212w\" sizes=\"auto, (max-width: 151px) 100vw, 151px\" \/><\/a>\n&nbsp;\nEn total se desarrollar\u00e1n 10 talleres durante el a\u00f1o. El Tema de este viernes es <strong>\u00ab<em>Calidez Personal<\/em>\u00ab<\/strong>\n<strong>Los interesados en participar deben contactar con la<\/strong>\nDirecci\u00f3n de Extensi\u00f3n Universitaria de la FIUNA\n<strong>Email:<\/strong> <a title=\"Correo\" href=\"mailto:extension@ing.una.py\" target=\"_blank\" rel=\"noopener\">extension@ing.una.py\n<\/a><strong>Tel.:<\/strong> 021 585581\/int 1570\n&nbsp;\n&nbsp;\n<span style=\"color: #990000;\"><strong>Plazas limitadas<\/strong><\/span>\n\n\n<h3>Tabla de temas, fechas y horario de cada taller a desarrollarse en el 2013<\/h3>\n\n\n\n\n<div class=\"rnd_content-center\">\n\n\n<table width=\"100%\" border=\"0\" cellspacing=\"2\" cellpadding=\"2\" align=\"center\">\n\n\n<tbody>\n\n\n<tr>\n\n\n<th scope=\"col\" align=\"center\"><\/th>\n\n\n\n\n<th scope=\"col\">\n\n\n<h3>Talleres<\/h3>\n\n\n<\/th>\n\n\n\n\n<th scope=\"col\">\n\n\n<h3>Fecha<\/h3>\n\n\n<\/th>\n\n\n\n\n<th scope=\"col\">\n\n\n<h3>Hora<\/h3>\n\n\n<\/th>\n\n\n<\/tr>\n\n\n\n\n<tr>\n\n\n<td align=\"center\" bgcolor=\"#FFFFE8\">1<\/td>\n\n\n\n\n<td bgcolor=\"#FFFFE8\">Comunicaci\u00f3n eficaz<\/td>\n\n\n\n\n<td bgcolor=\"#FFFFE8\">Lunes 1 de abril<\/td>\n\n\n\n\n<td align=\"center\" bgcolor=\"#FFFFE8\">16:00 a 18:00<\/td>\n\n\n<\/tr>\n\n\n\n\n<tr>\n\n\n<td align=\"center\" bgcolor=\"#F5F5F5\">2<\/td>\n\n\n\n\n<td bgcolor=\"#F5F5F5\">Liderazgo efectivo<\/td>\n\n\n\n\n<td bgcolor=\"#F5F5F5\">Martes 2 de abril<\/td>\n\n\n\n\n<td align=\"center\" bgcolor=\"#F5F5F5\">16:00 a 18:00<\/td>\n\n\n<\/tr>\n\n\n\n\n<tr>\n\n\n<td align=\"center\" bgcolor=\"#FFFFE8\">3<\/td>\n\n\n\n\n<td bgcolor=\"#FFFFE8\">Talentos<\/td>\n\n\n\n\n<td bgcolor=\"#FFFFE8\">Viernes 26 de abril<\/td>\n\n\n\n\n<td align=\"center\" bgcolor=\"#FFFFE8\">08:00 a 10:00<\/td>\n\n\n<\/tr>\n\n\n\n\n<tr>\n\n\n<td align=\"center\" bgcolor=\"#F5F5F5\">4<\/td>\n\n\n\n\n<td bgcolor=\"#F5F5F5\">Calidez personal<\/td>\n\n\n\n\n<td bgcolor=\"#F5F5F5\">Viernes 31 de mayo<\/td>\n\n\n\n\n<td align=\"center\" bgcolor=\"#F5F5F5\">08:00 a 10:00<\/td>\n\n\n<\/tr>\n\n\n\n\n<tr>\n\n\n<td align=\"center\" bgcolor=\"#FFFFE8\">5<\/td>\n\n\n\n\n<td bgcolor=\"#FFFFE8\">Motivaci\u00f3n personal<\/td>\n\n\n\n\n<td bgcolor=\"#FFFFE8\">Viernes 28 de junio<\/td>\n\n\n\n\n<td align=\"center\" bgcolor=\"#FFFFE8\">08:00 a 10:00<\/td>\n\n\n<\/tr>\n\n\n\n\n<tr>\n\n\n<td align=\"center\" bgcolor=\"#F5F5F5\">6<\/td>\n\n\n\n\n<td bgcolor=\"#F5F5F5\">Autoestima e inteligencia emocional<\/td>\n\n\n\n\n<td bgcolor=\"#F5F5F5\">Viernes 26 de julio<\/td>\n\n\n\n\n<td align=\"center\" bgcolor=\"#F5F5F5\">08:00 a 10:00<\/td>\n\n\n<\/tr>\n\n\n\n\n<tr>\n\n\n<td align=\"center\" bgcolor=\"#FFFFE8\">7<\/td>\n\n\n\n\n<td bgcolor=\"#FFFFE8\">Trabajo en equipo<\/td>\n\n\n\n\n<td bgcolor=\"#FFFFE8\">Viernes 30 de agosto<\/td>\n\n\n\n\n<td align=\"center\" bgcolor=\"#FFFFE8\">08:00 a 10:00<\/td>\n\n\n<\/tr>\n\n\n\n\n<tr>\n\n\n<td align=\"center\" bgcolor=\"#F5F5F5\">8<\/td>\n\n\n\n\n<td bgcolor=\"#F5F5F5\">Calidad personal<\/td>\n\n\n\n\n<td bgcolor=\"#F5F5F5\">Viernes 27 de setiembre<\/td>\n\n\n\n\n<td align=\"center\" bgcolor=\"#F5F5F5\">08:00 a 10:00<\/td>\n\n\n<\/tr>\n\n\n\n\n<tr>\n\n\n<td align=\"center\" bgcolor=\"#FFFFE8\">9<\/td>\n\n\n\n\n<td bgcolor=\"#FFFFE8\">Competencia profesional<\/td>\n\n\n\n\n<td bgcolor=\"#FFFFE8\">Viernes 19 de octubre<\/td>\n\n\n\n\n<td align=\"center\" bgcolor=\"#FFFFE8\">08:00 a 10:00<\/td>\n\n\n<\/tr>\n\n\n\n\n<tr>\n\n\n<td align=\"center\" bgcolor=\"#F5F5F5\">10<\/td>\n\n\n\n\n<td bgcolor=\"#F5F5F5\">Relaciones p\u00fablicas<\/td>\n\n\n\n\n<td bgcolor=\"#F5F5F5\">Viernes 26 de octubre<\/td>\n\n\n\n\n<td align=\"center\" bgcolor=\"#F5F5F5\">08:00 a 10:00<\/td>\n\n\n<\/tr>\n\n\n\n\n<tr>\n\n\n<td colspan=\"3\"><span style=\"color: #800000;\"><strong>Total de horas<\/strong><\/span><\/td>\n\n\n\n\n<td align=\"center\"><span style=\"color: #800000;\"><strong>20hs<\/strong><\/span><\/td>\n\n\n<\/tr>\n\n\n<\/tbody>\n\n\n<\/table>\n\n\n<\/div>\n\n\n\n\n<p style=\"text-align: right;\"><strong>Centro de Informaci\u00f3n<\/strong>\n<strong> Tel.:<\/strong> (021)585-581\/4 Int. 1109<\/p>\n\n]]>    \t<\/p>\n","protected":false},"excerpt":{"rendered":"<p>\u00abDesarrollo personal camino al \u00e9xito\u00bb a cargo de la Lic. Julia Irene Segovia Silva, con el objetivo de capacitar a los alumnos, docentes y funcionarios en temas de Desarrollo personal, con \u00e9nfasis en habilidades de comunicaci\u00f3n e interrelaci\u00f3n.<\/p>\n","protected":false},"author":1,"featured_media":0,"comment_status":"open","ping_status":"open","sticky":false,"template":"","format":"standard","meta":{"_bbp_topic_count":0,"_bbp_reply_count":0,"_bbp_total_topic_count":0,"_bbp_total_reply_count":0,"_bbp_voice_count":0,"_bbp_anonymous_reply_count":0,"_bbp_topic_count_hidden":0,"_bbp_reply_count_hidden":0,"_bbp_forum_subforum_count":0,"advanced_seo_description":"","jetpack_seo_html_title":"","jetpack_seo_noindex":false,"jetpack_post_was_ever_published":false,"_jetpack_newsletter_access":"","_jetpack_dont_email_post_to_subs":false,"_jetpack_newsletter_tier_id":0,"_jetpack_memberships_contains_paywalled_content":false,"_jetpack_memberships_contains_paid_content":false,"footnotes":"","jetpack_publicize_message":"","jetpack_publicize_feature_enabled":true,"jetpack_social_post_already_shared":true,"jetpack_social_options":{"image_generator_settings":{"template":"highway","default_image_id":0,"font":"","enabled":false},"version":2}},"categories":[887,81,153],"tags":[154],"class_list":["post-5130","post","type-post","status-publish","format-standard","hentry","category-eventos","category-extension-universitaria","category-taller","tag-talleres"],"jetpack_publicize_connections":[],"jetpack_featured_media_url":"","jetpack_shortlink":"https:\/\/wp.me\/pc8Odv-1kK","jetpack_likes_enabled":true,"jetpack_sharing_enabled":true,"jetpack-related-posts":[],"_links":{"self":[{"href":"https:\/\/www.ing.una.py\/FIUNA3\/index.php?rest_route=\/wp\/v2\/posts\/5130","targetHints":{"allow":["GET"]}}],"collection":[{"href":"https:\/\/www.ing.una.py\/FIUNA3\/index.php?rest_route=\/wp\/v2\/posts"}],"about":[{"href":"https:\/\/www.ing.una.py\/FIUNA3\/index.php?rest_route=\/wp\/v2\/types\/post"}],"author":[{"embeddable":true,"href":"https:\/\/www.ing.una.py\/FIUNA3\/index.php?rest_route=\/wp\/v2\/users\/1"}],"replies":[{"embeddable":true,"href":"https:\/\/www.ing.una.py\/FIUNA3\/index.php?rest_route=%2Fwp%2Fv2%2Fcomments&post=5130"}],"version-history":[{"count":1,"href":"https:\/\/www.ing.una.py\/FIUNA3\/index.php?rest_route=\/wp\/v2\/posts\/5130\/revisions"}],"predecessor-version":[{"id":70332,"href":"https:\/\/www.ing.una.py\/FIUNA3\/index.php?rest_route=\/wp\/v2\/posts\/5130\/revisions\/70332"}],"wp:attachment":[{"href":"https:\/\/www.ing.una.py\/FIUNA3\/index.php?rest_route=%2Fwp%2Fv2%2Fmedia&parent=5130"}],"wp:term":[{"taxonomy":"category","embeddable":true,"href":"https:\/\/www.ing.una.py\/FIUNA3\/index.php?rest_route=%2Fwp%2Fv2%2Fcategories&post=5130"},{"taxonomy":"post_tag","embeddable":true,"href":"https:\/\/www.ing.una.py\/FIUNA3\/index.php?rest_route=%2Fwp%2Fv2%2Ftags&post=5130"}],"curies":[{"name":"wp","href":"https:\/\/api.w.org\/{rel}","templated":true}]}}