{"id":52733,"date":"2022-08-04T10:00:26","date_gmt":"2022-08-04T14:00:26","guid":{"rendered":"http:\/\/www.ing.una.py\/?p=52733"},"modified":"2022-08-04T10:00:26","modified_gmt":"2022-08-04T14:00:26","slug":"estudiantes-del-ipt-ganaron-en-la-ii-olimpiada-regional-y-xxiii-olimpiada-nacional-de-fisica","status":"publish","type":"post","link":"https:\/\/www.ing.una.py\/FIUNA3\/?p=52733","title":{"rendered":"Estudiantes del IPT ganaron en la II Olimpiada Regional y XXIII Olimpiada Nacional de F\u00edsica\u00a0"},"content":{"rendered":"<p><![CDATA[El Departamento de F\u00edsica y Formaci\u00f3n docente de la Facultad de Ciencias Exactas y Naturales (FACEN) y la Asociaci\u00f3n de F\u00edsicos del Paraguay (AFP), organiz\u00f3 la II Olimpiada Regional el pasado 11 de junio en forma virtual y la XXIII Olimpiada Nacional De F\u00edsica, el pasado 9 de julio, en forma presencial en las instalaciones de la FACEN, en donde estudiantes del<strong> Instituto Paraguayo de Telecomunicaciones &#8211; IPT<\/strong> de las especialidades Electr\u00f3nica, Construcciones Civiles y Mec\u00e1nica General de los 1\u00b0, 2\u00b0 y 3\u00b0 curso, acompa\u00f1ados por el Profesor Tutor Ing. Federico De Egea y el Coordinador del \u00e1rea de ciencias exactas Prof. Ing. Ra\u00fal Parra, participaron de dicha competencia obteniendo los siguientes puestos:<!--more-->\n\n\n\n<h3>II Olimpiada Regional de F\u00edsica<\/h3>\n\n\n\n<strong>Nivel 1<\/strong>\n\n\n\n<ul>\n    \n\n<li>Luis Ezequiel Car\u00edsimo Fern\u00e1ndez (2do Curso Electr\u00f3nica) \u2013 Menci\u00f3n De Honor<\/li>\n\n\n    \n\n<li>Antonela Harumi Alarc\u00f3n Hisaoka (2do Curso Electr\u00f3nica) \u2013 Medalla De Plata<\/li>\n\n\n    \n\n<li>Alana Jazm\u00edn Pati\u00f1o Barrios (2do Curso Electr\u00f3nica) \u2013 Medalla de Oro<\/li>\n\n\n<\/ul>\n\n\n\n<strong>Nivel 2<\/strong>\n\n\n\n<ul>\n    \n\n<li>Pablo Andr\u00e9s Romero Rol\u00f3n (2do Curso Electr\u00f3nica) \u2013 Menci\u00f3n de Honor<\/li>\n\n\n    \n\n<li>Magali Montserrat Aguilar Bernal (3er Curso Electr\u00f3nica) \u2013 Menci\u00f3n de Honor<\/li>\n\n\n    \n\n<li>Gabriela Monserrat Morilla Cubilla (3er Curso Electr\u00f3nica) \u2013 Menci\u00f3n de Honor<\/li>\n\n\n    \n\n<li>Edgar Manuel Ram\u00edrez Orrego (2do Curso Electr\u00f3nica) \u2013 Menci\u00f3n de Honor<\/li>\n\n\n    \n\n<li>Daniela Alejandra Vera Genes (2do Curso Electr\u00f3nica) \u2013 Medalla de Bronce<\/li>\n\n\n    \n\n<li>Fernando Tob\u00edas Orrego Guerrero (3er Curso Electr\u00f3nica) \u2013 Medalla de Bronce<\/li>\n\n\n    \n\n<li>Akira Mateo Yasuda Valdez (3er Curso Electr\u00f3nica) \u2013 Medalla de Plata<\/li>\n\n\n    \n\n<li>Mathias Ezequiel Miranda Rolon (3er Curso Mec\u00e1nica General) \u2013 Medalla de Plata<\/li>\n\n\n    \n\n<li>Thiago David Escobar \u00c1lvarez (2do Curso Construcciones Civiles) \u2013 Medalla de Plata<\/li>\n\n\n    \n\n<li>Rafael De Jes\u00fas Pereira Vera (2do Curso Construcciones Civiles) \u2013 Medalla de Plata<\/li>\n\n\n<\/ul>\n\n\n\n\n\n<h3>XXIII Olimpiada Nacional de F\u00edsica<\/h3>\n\n\n\n<strong>Nivel B\u00e1sico<\/strong>\n\n\n\n<ul>\n    \n\n<li>Thiago David Escobar \u00c1lvarez (2do Curso Construcciones Civiles) \u2013 Medalla de Bronce<\/li>\n\n\n    \n\n<li>Rafael De Jes\u00fas Pereira Vera (2do Curso Construcciones Civiles) \u2013 Medalla de Bronce<\/li>\n\n\n<\/ul>\n\n\n\n<strong>Nivel Intermedio<\/strong>\n\n\n\n<ul>\n    \n\n<li>Daniela Alejandra Vera Genes (2do Curso Electr\u00f3nica) \u2013 Menci\u00f3n de Honor<\/li>\n\n\n    \n\n<li>Magali Montserrat Aguilar Bernal (3er Curso Electr\u00f3nica) \u2013 Medalla de Bronce<\/li>\n\n\n<\/ul>\n\n\n\n[caption id=\"attachment_52738\" align=\"aligncenter\" width=\"540\"]<a href=\"http:\/\/www.ing.una.py\/FIUNA3\/wp-content\/uploads\/2022\/08\/IMG-20220804-WA0013.jpg\"><img loading=\"lazy\" decoding=\"async\" data-attachment-id=\"52738\" data-permalink=\"https:\/\/www.ing.una.py\/FIUNA3\/?attachment_id=52738\" data-orig-file=\"https:\/\/www.ing.una.py\/FIUNA3\/wp-content\/uploads\/2022\/08\/IMG-20220804-WA0013.jpg\" data-orig-size=\"1280,960\" data-comments-opened=\"1\" data-image-meta=\"{&quot;aperture&quot;:&quot;0&quot;,&quot;credit&quot;:&quot;&quot;,&quot;camera&quot;:&quot;&quot;,&quot;caption&quot;:&quot;&quot;,&quot;created_timestamp&quot;:&quot;0&quot;,&quot;copyright&quot;:&quot;&quot;,&quot;focal_length&quot;:&quot;0&quot;,&quot;iso&quot;:&quot;0&quot;,&quot;shutter_speed&quot;:&quot;0&quot;,&quot;title&quot;:&quot;&quot;,&quot;orientation&quot;:&quot;0&quot;}\" data-image-title=\"Estudiantes del IPT ganaron en la II Olimpiada Regional y XXIII Olimpiada Nacional de F\u00edsica\u00a0\" data-image-description=\"&lt;p&gt;&lt;![CDATA[]]&gt;    \t&lt;\/p&gt;\n\" data-image-caption=\"&lt;p&gt;Estudiantes del IPT ganaron en la II Olimpiada Regional y XXIII Olimpiada Nacional de F\u00edsica\u00a0&lt;\/p&gt;\n\" data-large-file=\"https:\/\/www.ing.una.py\/FIUNA3\/wp-content\/uploads\/2022\/08\/IMG-20220804-WA0013-1024x768.jpg\" class=\"wp-image-52738\" src=\"http:\/\/www.ing.una.py\/FIUNA3\/wp-content\/uploads\/2022\/08\/IMG-20220804-WA0013-800x600.jpg\" alt=\"\" width=\"540\" height=\"405\" \/><\/a> Estudiantes del IPT ganaron en la II Olimpiada Regional y XXIII Olimpiada Nacional de F\u00edsica[\/caption]]]>    \t<\/p>\n","protected":false},"excerpt":{"rendered":"<p>Instituto Paraguayo de Telecomunicaciones &#8211; IPT de las especialidades Electr\u00f3nica, Construcciones Civiles y Mec\u00e1nica General de los 1\u00b0, 2\u00b0 y 3\u00b0 curso, acompa\u00f1ados por el Profesor Tutor Ing. Federico De Egea y el Coordinador del \u00e1rea de ciencias exactas Prof. Ing. Ra\u00fal Parra, participaron de dicha competencia obteniendo los siguientes puestos:<\/p>\n","protected":false},"author":1,"featured_media":52734,"comment_status":"open","ping_status":"open","sticky":false,"template":"","format":"standard","meta":{"_bbp_topic_count":0,"_bbp_reply_count":0,"_bbp_total_topic_count":0,"_bbp_total_reply_count":0,"_bbp_voice_count":0,"_bbp_anonymous_reply_count":0,"_bbp_topic_count_hidden":0,"_bbp_reply_count_hidden":0,"_bbp_forum_subforum_count":0,"advanced_seo_description":"","jetpack_seo_html_title":"","jetpack_seo_noindex":false,"jetpack_post_was_ever_published":false,"_jetpack_newsletter_access":"","_jetpack_dont_email_post_to_subs":false,"_jetpack_newsletter_tier_id":0,"_jetpack_memberships_contains_paywalled_content":false,"_jetpack_memberships_contains_paid_content":false,"footnotes":"","jetpack_publicize_message":"","jetpack_publicize_feature_enabled":true,"jetpack_social_post_already_shared":false,"jetpack_social_options":{"image_generator_settings":{"template":"highway","default_image_id":0,"font":"","enabled":false},"version":2}},"categories":[75,98],"tags":[],"class_list":["post-52733","post","type-post","status-publish","format-standard","has-post-thumbnail","hentry","category-noticias","category-ipt"],"jetpack_publicize_connections":[],"jetpack_featured_media_url":"https:\/\/www.ing.una.py\/FIUNA3\/wp-content\/uploads\/2022\/08\/IMG-20220730-WA0035.jpg","jetpack_shortlink":"https:\/\/wp.me\/pc8Odv-dIx","jetpack_likes_enabled":true,"jetpack_sharing_enabled":true,"jetpack-related-posts":[],"_links":{"self":[{"href":"https:\/\/www.ing.una.py\/FIUNA3\/index.php?rest_route=\/wp\/v2\/posts\/52733","targetHints":{"allow":["GET"]}}],"collection":[{"href":"https:\/\/www.ing.una.py\/FIUNA3\/index.php?rest_route=\/wp\/v2\/posts"}],"about":[{"href":"https:\/\/www.ing.una.py\/FIUNA3\/index.php?rest_route=\/wp\/v2\/types\/post"}],"author":[{"embeddable":true,"href":"https:\/\/www.ing.una.py\/FIUNA3\/index.php?rest_route=\/wp\/v2\/users\/1"}],"replies":[{"embeddable":true,"href":"https:\/\/www.ing.una.py\/FIUNA3\/index.php?rest_route=%2Fwp%2Fv2%2Fcomments&post=52733"}],"version-history":[{"count":0,"href":"https:\/\/www.ing.una.py\/FIUNA3\/index.php?rest_route=\/wp\/v2\/posts\/52733\/revisions"}],"wp:featuredmedia":[{"embeddable":true,"href":"https:\/\/www.ing.una.py\/FIUNA3\/index.php?rest_route=\/wp\/v2\/media\/52734"}],"wp:attachment":[{"href":"https:\/\/www.ing.una.py\/FIUNA3\/index.php?rest_route=%2Fwp%2Fv2%2Fmedia&parent=52733"}],"wp:term":[{"taxonomy":"category","embeddable":true,"href":"https:\/\/www.ing.una.py\/FIUNA3\/index.php?rest_route=%2Fwp%2Fv2%2Fcategories&post=52733"},{"taxonomy":"post_tag","embeddable":true,"href":"https:\/\/www.ing.una.py\/FIUNA3\/index.php?rest_route=%2Fwp%2Fv2%2Ftags&post=52733"}],"curies":[{"name":"wp","href":"https:\/\/api.w.org\/{rel}","templated":true}]}}