{"id":5400,"date":"2013-06-14T18:06:41","date_gmt":"2013-06-14T18:06:41","guid":{"rendered":"http:\/\/www.ing.una.py\/?p=5400"},"modified":"2013-06-14T18:06:41","modified_gmt":"2013-06-14T18:06:41","slug":"aprofiuna-invita-a-debatir-sobre-el-marco-regulatorio-del-sector-electrico-paraguayo","status":"publish","type":"post","link":"https:\/\/www.ing.una.py\/FIUNA3\/?p=5400","title":{"rendered":"APROFIUNA invita a debatir sobre el Marco Regulatorio del Sector El\u00e9ctrico Paraguayo"},"content":{"rendered":"<p><![CDATA[<strong>La Asociaci\u00f3n de Profesores de la Facultad de Ingenier\u00eda de la Universidad Nacional de Asunci\u00f3n (APROFIUNA)<\/strong>, realizar\u00e1 un debate sobre el <em>\u201cMarco Regulatorio del Sector El\u00e9ctrico Paraguayo\u201d<\/em>. Con esta actividad, el gremio inicia una etapa de facilitador de debates con temas de inter\u00e9s nacional en el marco de su apoyo a la extensi\u00f3n universitaria, encarada por las autoridades de la FIUNA.<!--more-->\nEl debate se realizar\u00e1 este lunes <strong>17 de junio de 18:00h a 20:00h<\/strong>, en el sal\u00f3n auditorio del Edificio Profesor Enzo Debernardi de la FIUNA.\nSe tratar\u00e1 un tema considerado de inter\u00e9s nacional por sus implicancias en los ciudadanos en general, en los funcionarios de un ente estatal en particular y el sistema el\u00e9ctrico paraguayo en su conjunto, as\u00ed como por su enfoque hist\u00f3rico y los nuevos modelos en los mercados energ\u00e9ticos.\nEste debate tiene el objetivo clarificar conceptos y enfoques para t\u00e9cnicos del sector el\u00e9ctrico y espec\u00edficamente, para que la ciudadan\u00eda est\u00e9 enterada de c\u00f3mo ser\u00e1 administrado el sector energ\u00e9tico paraguayo, si se llega a aprobar el Proyecto analizado en el Congreso estos d\u00edas. Tambi\u00e9n buscar\u00e1 explicar cu\u00e1les son sus implicancias para los distintos actores involucrados, y cu\u00e1les son los medios necesarios para potenciar y mejorar el servicio que recibimos hoy d\u00eda siguiendo con el enfoque actual.\n\n\n<blockquote>El Presidente de la APROFIUNA, Prof. Ing. Ever Cabrera Herebia, dijo: \u201cdentro de la FIUNA, entendemos que somos el medio de discusi\u00f3n t\u00e9cnica que puede aglutinar a profesionales con pensamientos diferentes sobre un tema espec\u00edfico, por la naturaleza de nuestras funciones y estamos haciendo el esfuerzo de propiciar un ambiente de di\u00e1logo, en donde podamos escuchar los argumentos y posiciones de cada uno de los panelistas en esta oportunidad\u201d.<\/blockquote>\n\n\nExplic\u00f3 que la metodolog\u00eda consistir\u00e1 en escuchar por 15 minutos cada una de las ponencias y posteriormente habilitar una ronda de preguntas y respuestas.\n\u201cEntendemos que un debate resultar\u00e1 insuficiente por ser un tema amplio y con aristas diversas, tenemos en agenda la organizaci\u00f3n de otros debates, con los mismos panelistas y otros del sector el\u00e9ctrico para el cumplimiento del objetivo anteriormente se\u00f1alado\u201d afirm\u00f3 Cabrera.\nFinalmente invita a los referentes del sector el\u00e9ctrico, profesionales, t\u00e9cnicos y a todos los interesados a participar del debate, donde el acceso ser\u00e1 libre y gratuito.\n\n\n<p style=\"text-align: center;\"><a href=\"http:\/\/www.ing.una.py\/wp-content\/uploads\/2013\/06\/aprofiuna-invita1.jpg\"><img loading=\"lazy\" decoding=\"async\" data-attachment-id=\"5405\" data-permalink=\"https:\/\/www.ing.una.py\/FIUNA3\/?attachment_id=5405\" data-orig-file=\"https:\/\/www.ing.una.py\/FIUNA3\/wp-content\/uploads\/2013\/06\/aprofiuna-invita1.jpg\" data-orig-size=\"600,464\" data-comments-opened=\"1\" data-image-meta=\"{&quot;aperture&quot;:&quot;0&quot;,&quot;credit&quot;:&quot;&quot;,&quot;camera&quot;:&quot;&quot;,&quot;caption&quot;:&quot;&quot;,&quot;created_timestamp&quot;:&quot;0&quot;,&quot;copyright&quot;:&quot;&quot;,&quot;focal_length&quot;:&quot;0&quot;,&quot;iso&quot;:&quot;0&quot;,&quot;shutter_speed&quot;:&quot;0&quot;,&quot;title&quot;:&quot;&quot;,&quot;orientation&quot;:&quot;0&quot;}\" data-image-title=\"APROFIUNA Invita\" data-image-description=\"&lt;p&gt;&lt;![CDATA[]]&gt;    \t&lt;\/p&gt;\n\" data-image-caption=\"\" data-large-file=\"https:\/\/www.ing.una.py\/FIUNA3\/wp-content\/uploads\/2013\/06\/aprofiuna-invita1.jpg\" class=\"wp-image-5405 aligncenter\" style=\"border: 1px solid gray;\" alt=\"APROFIUNA Invita\" src=\"http:\/\/www.ing.una.py\/wp-content\/uploads\/2013\/06\/aprofiuna-invita1.jpg\" width=\"420\" height=\"325\" srcset=\"https:\/\/www.ing.una.py\/FIUNA3\/wp-content\/uploads\/2013\/06\/aprofiuna-invita1.jpg 600w, https:\/\/www.ing.una.py\/FIUNA3\/wp-content\/uploads\/2013\/06\/aprofiuna-invita1-300x232.jpg 300w\" sizes=\"auto, (max-width: 420px) 100vw, 420px\" \/><\/a><\/p>\n\n]]>    \t<\/p>\n","protected":false},"excerpt":{"rendered":"<p>La Asociaci\u00f3n de Profesores de la Facultad de Ingenier\u00eda de la Universidad Nacional de Asunci\u00f3n (APROFIUNA), realizar\u00e1 un debate sobre el \u201cMarco Regulatorio del Sector El\u00e9ctrico Paraguayo\u201d. Con esta actividad, el gremio inicia una etapa de facilitador de debates con temas de inter\u00e9s nacional en el marco de su apoyo a la extensi\u00f3n universitaria, encarada por las autoridades de la FIUNA.<\/p>\n","protected":false},"author":1,"featured_media":0,"comment_status":"open","ping_status":"open","sticky":false,"template":"","format":"standard","meta":{"_bbp_topic_count":0,"_bbp_reply_count":0,"_bbp_total_topic_count":0,"_bbp_total_reply_count":0,"_bbp_voice_count":0,"_bbp_anonymous_reply_count":0,"_bbp_topic_count_hidden":0,"_bbp_reply_count_hidden":0,"_bbp_forum_subforum_count":0,"advanced_seo_description":"","jetpack_seo_html_title":"","jetpack_seo_noindex":false,"jetpack_post_was_ever_published":false,"_jetpack_newsletter_access":"","_jetpack_dont_email_post_to_subs":false,"_jetpack_newsletter_tier_id":0,"_jetpack_memberships_contains_paywalled_content":false,"_jetpack_memberships_contains_paid_content":false,"footnotes":"","jetpack_publicize_message":"","jetpack_publicize_feature_enabled":true,"jetpack_social_post_already_shared":false,"jetpack_social_options":{"image_generator_settings":{"template":"highway","default_image_id":0,"font":"","enabled":false},"version":2}},"categories":[89,75],"tags":[155,160],"class_list":["post-5400","post","type-post","status-publish","format-standard","hentry","category-charlas-y-debates","category-noticias","tag-aprofiuna","tag-debate"],"jetpack_publicize_connections":[],"jetpack_featured_media_url":"","jetpack_shortlink":"https:\/\/wp.me\/pc8Odv-1p6","jetpack_likes_enabled":true,"jetpack_sharing_enabled":true,"jetpack-related-posts":[],"_links":{"self":[{"href":"https:\/\/www.ing.una.py\/FIUNA3\/index.php?rest_route=\/wp\/v2\/posts\/5400","targetHints":{"allow":["GET"]}}],"collection":[{"href":"https:\/\/www.ing.una.py\/FIUNA3\/index.php?rest_route=\/wp\/v2\/posts"}],"about":[{"href":"https:\/\/www.ing.una.py\/FIUNA3\/index.php?rest_route=\/wp\/v2\/types\/post"}],"author":[{"embeddable":true,"href":"https:\/\/www.ing.una.py\/FIUNA3\/index.php?rest_route=\/wp\/v2\/users\/1"}],"replies":[{"embeddable":true,"href":"https:\/\/www.ing.una.py\/FIUNA3\/index.php?rest_route=%2Fwp%2Fv2%2Fcomments&post=5400"}],"version-history":[{"count":0,"href":"https:\/\/www.ing.una.py\/FIUNA3\/index.php?rest_route=\/wp\/v2\/posts\/5400\/revisions"}],"wp:attachment":[{"href":"https:\/\/www.ing.una.py\/FIUNA3\/index.php?rest_route=%2Fwp%2Fv2%2Fmedia&parent=5400"}],"wp:term":[{"taxonomy":"category","embeddable":true,"href":"https:\/\/www.ing.una.py\/FIUNA3\/index.php?rest_route=%2Fwp%2Fv2%2Fcategories&post=5400"},{"taxonomy":"post_tag","embeddable":true,"href":"https:\/\/www.ing.una.py\/FIUNA3\/index.php?rest_route=%2Fwp%2Fv2%2Ftags&post=5400"}],"curies":[{"name":"wp","href":"https:\/\/api.w.org\/{rel}","templated":true}]}}