{"id":54897,"date":"2019-11-01T13:28:58","date_gmt":"2019-11-01T17:28:58","guid":{"rendered":"http:\/\/www.ing.una.py\/?p=40090"},"modified":"2019-11-01T13:28:58","modified_gmt":"2019-11-01T17:28:58","slug":"estudiantes-del-ipt-acreditan-dos-proyectos-para-participar-de-ferias-internacionales","status":"publish","type":"post","link":"https:\/\/www.ing.una.py\/FIUNA3\/?p=54897","title":{"rendered":"Estudiantes del IPT acreditan dos proyectos para participar de Ferias Internacionales"},"content":{"rendered":"<p><![CDATA[Estudiantes del<strong> Instituto Paraguayo de Telecomunicaciones (IPT)<\/strong>, Instituci\u00f3n dependendiente de la <strong>Facultad de Ingenieria de la Universidad Nacional de Asunci\u00f3n (FIUNA),<\/strong> participaron de la Primera Edici\u00f3n de la <strong>Feria de Innovaciones Cient\u00edficas y Tecnol\u00f3gicas ICIENTEC FILIGRANA 2019,<\/strong> que se llev\u00f3 a cabo los d\u00edas 21, 22 y 23 de octubre del corriente, en el Centro Educativo Departamental \u00abMiguela Rodriguez\u00bb, con dos proyectos que fueron acreditados para Ferias Internacionales a realizarse el pr\u00f3ximo a\u00f1o.\u00a0 <!--more-->\nEl proyecto acreditado para participar en la <strong>Feria Internacional &#8211; ISTEC<\/strong>, a realizarse en el mes de enero del 2020 en Indonesia, se denomina <strong>HIDROVEHICULO<\/strong>, integrado por <strong>Jos\u00e9 Abraham Diaz Raitz y Edgar Daniel Garc\u00eda Ram\u00edrez<\/strong>, ambos del 2do Curso de la Especialidad de Electr\u00f3nica. bajo la tutor\u00eda del <strong>Profesor Ra\u00fal Emilio Parra Gonz\u00e1lez.\u00a0<\/strong>\nEl proyecto consiste en la adaptaci\u00f3n de una motocicleta instal\u00e1ndose por un lado un motor de Hidr\u00f3geno y por otro lado un sistema de encendido biom\u00e9trico empleando un Raspberry Pi A+.\nEl proyecto acreditado para participar en la <strong>Feria Internacional &#8211; IBIX<\/strong><em>, <\/em>a realizarse en el mes de mayo del 2020, en Londres &#8211; Inglaterra, se denomina <b>\u00abACUAPONIO AUTOSUFICIENTE\u00bb,<\/b> integrado por <strong>Iv\u00e1n Samuel Franco Rodriguez, Pedro Antonio Ortiz Franco y<em> M<\/em>auricio Rafael Ortiz Ruiz Diaz, <\/strong>todos del 2do Curso de la Especialidad de Construcciones Civiles, bajo la tutor\u00eda de Profesor Ing.\u00a0Ra\u00fal Emilio Parra Gonzalez.\nEl proyecto consiste en emplear los desechos metab\u00f3licos de los peces, en lugar de qu\u00edmicos, para nutrir a los vegetales cultivados en un sistema de hidropon\u00eda, dicho sistema se auto sustentar\u00e1 con la generaci\u00f3n de energ\u00eda el\u00e9ctrica dentro del mismo ciclo del agua en el proceso de cultivo.\n[gallery type=\"rectangular\" link=\"file\" ids=\"40110,40108,40109\"]]]>    \t<\/p>\n","protected":false},"excerpt":{"rendered":"<p>Instituto Paraguayo de Telecomunicaciones (IPT), Instituci\u00f3n dependendiente de la Facultad de Ingenieria de la Universidad Nacional de Asunci\u00f3n (FIUNA), participaron de la Primera Edici\u00f3n de la Feria de Innovaciones Cient\u00edficas y Tecnol\u00f3gicas ICIENTEC FILIGRANA 2019, que se llev\u00f3 a cabo los d\u00edas 21, 22 y 23 de octubre del corriente, en el Centro Educativo Departamental \u00abMiguela Rodriguez\u00bb, con dos proyectos que fueron acreditados para Ferias Internacionales a realizarse el pr\u00f3ximo a\u00f1o.\u00a0<\/p>\n","protected":false},"author":1,"featured_media":40292,"comment_status":"open","ping_status":"open","sticky":false,"template":"","format":"standard","meta":{"_bbp_topic_count":0,"_bbp_reply_count":0,"_bbp_total_topic_count":0,"_bbp_total_reply_count":0,"_bbp_voice_count":0,"_bbp_anonymous_reply_count":0,"_bbp_topic_count_hidden":0,"_bbp_reply_count_hidden":0,"_bbp_forum_subforum_count":0,"advanced_seo_description":"","jetpack_seo_html_title":"","jetpack_seo_noindex":false,"jetpack_post_was_ever_published":false,"_jetpack_newsletter_access":"","_jetpack_dont_email_post_to_subs":false,"_jetpack_newsletter_tier_id":0,"_jetpack_memberships_contains_paywalled_content":false,"_jetpack_memberships_contains_paid_content":false,"footnotes":"","jetpack_publicize_message":"Estudiantes del IPT acreditaron dos proyectos para participar de Ferias Internacionales","jetpack_publicize_feature_enabled":true,"jetpack_social_post_already_shared":true,"jetpack_social_options":{"image_generator_settings":{"template":"highway","default_image_id":0,"font":"","enabled":false},"version":2}},"categories":[75,98],"tags":[],"class_list":["post-54897","post","type-post","status-publish","format-standard","has-post-thumbnail","hentry","category-noticias","category-ipt"],"jetpack_publicize_connections":[],"jetpack_featured_media_url":"https:\/\/www.ing.una.py\/FIUNA3\/wp-content\/uploads\/2019\/11\/WhatsApp-Image-2019-11-01-at-09.34.28.jpeg","jetpack_shortlink":"https:\/\/wp.me\/pc8Odv-ehr","jetpack_likes_enabled":true,"jetpack_sharing_enabled":true,"jetpack-related-posts":[],"_links":{"self":[{"href":"https:\/\/www.ing.una.py\/FIUNA3\/index.php?rest_route=\/wp\/v2\/posts\/54897","targetHints":{"allow":["GET"]}}],"collection":[{"href":"https:\/\/www.ing.una.py\/FIUNA3\/index.php?rest_route=\/wp\/v2\/posts"}],"about":[{"href":"https:\/\/www.ing.una.py\/FIUNA3\/index.php?rest_route=\/wp\/v2\/types\/post"}],"author":[{"embeddable":true,"href":"https:\/\/www.ing.una.py\/FIUNA3\/index.php?rest_route=\/wp\/v2\/users\/1"}],"replies":[{"embeddable":true,"href":"https:\/\/www.ing.una.py\/FIUNA3\/index.php?rest_route=%2Fwp%2Fv2%2Fcomments&post=54897"}],"version-history":[{"count":0,"href":"https:\/\/www.ing.una.py\/FIUNA3\/index.php?rest_route=\/wp\/v2\/posts\/54897\/revisions"}],"wp:featuredmedia":[{"embeddable":true,"href":"https:\/\/www.ing.una.py\/FIUNA3\/index.php?rest_route=\/wp\/v2\/media\/40292"}],"wp:attachment":[{"href":"https:\/\/www.ing.una.py\/FIUNA3\/index.php?rest_route=%2Fwp%2Fv2%2Fmedia&parent=54897"}],"wp:term":[{"taxonomy":"category","embeddable":true,"href":"https:\/\/www.ing.una.py\/FIUNA3\/index.php?rest_route=%2Fwp%2Fv2%2Fcategories&post=54897"},{"taxonomy":"post_tag","embeddable":true,"href":"https:\/\/www.ing.una.py\/FIUNA3\/index.php?rest_route=%2Fwp%2Fv2%2Ftags&post=54897"}],"curies":[{"name":"wp","href":"https:\/\/api.w.org\/{rel}","templated":true}]}}