{"id":55152,"date":"2021-10-25T08:47:18","date_gmt":"2021-10-25T12:47:18","guid":{"rendered":"http:\/\/www.ing.una.py\/?p=48780"},"modified":"2024-09-13T12:24:20","modified_gmt":"2024-09-13T16:24:20","slug":"defensa-virtual-del-trabajo-final-de-grado-del-estudiante-gustavo-rafael-vera-cocco","status":"publish","type":"post","link":"https:\/\/www.ing.una.py\/FIUNA3\/?p=55152","title":{"rendered":"Defensa virtual del Trabajo Final de Grado del estudiante Gustavo Rafael Vera Cocco"},"content":{"rendered":"<p><![CDATA[<em><strong>\u201cVinculaci\u00f3n Geod\u00e9sica a la Red Nacional de los Piezom\u00e9tricos del Acu\u00edfero Pati\u00f1o\u201d<\/strong><strong>,\u00a0<\/strong><\/em>se denomina la presentaci\u00f3n del Trabajo Final de Grado (TFG) que presentar\u00e1 el estudiante <strong>Gustavo Rafael Vera Cocco,<\/strong><b>\u00a0<\/b>como \u00faltima prueba para egresar de la carrera de\u00a0<b>Ingenier\u00eda Geogr\u00e1fica y Ambiental de la Facultad de Ingenier\u00eda de la Universidad Nacional de Asunci\u00f3n (FIUNA)<\/b>. La defensa del trabajo se realizar\u00e1 el<strong> martes 26<\/strong>\u00a0<b>de octubre de 2021, a las 17:00 h<\/b>\u00a0en el\u00a0<b>sal\u00f3n\u00a0Auditorio\u00a0de la Instituci\u00f3n.<\/b><!--more-->\nLa designaci\u00f3n de los integrantes de la mesa examinadora que deber\u00e1 recibir y calificar la presentaci\u00f3n del TFG, del d\u00e9cimo semestre del Plan de Ingenier\u00eda Geogr\u00e1fica y Ambiental estar\u00e1 compuesta por los Se\u00f1ores:\n\n\n<ul>\n    \n\n<li><b>Prof. Dr. Ing. Rub\u00e9n L\u00f3pez Santacruz,\u00a0<\/b>Decano<\/li>\n\n\n    \n\n<li><strong>Prof. MSc. Ing. Cirilo Hern\u00e1ez Medina,\u00a0<\/strong>Vicedecano<\/li>\n\n\n    \n\n<li><b>Prof. MSc. Ing. Juan Carlos Silvero<\/b><\/li>\n\n\n    \n\n<li><strong>Prof. MDE Ing. Roberto Olmedo<\/strong><\/li>\n\n\n    \n\n<li><strong>Prof. Ing. Oscar Alfonso<\/strong><\/li>\n\n\n    \n\n<li><strong>Prof. Ing. Federico Ferreira<\/strong><\/li>\n\n\n    \n\n<li><strong>Prof. Ing. Anah\u00ed Ib\u00e1\u00f1ez<\/strong><\/li>\n\n\n    \n\n<li><strong>Prof. Ing. Andr\u00e9s Wehrle<\/strong><\/li>\n\n\n    \n\n<li><strong>Ing. Fernando Larroza <\/strong><\/li>\n\n\n<\/ul>\n\n]]>    \t<\/p>\n","protected":false},"excerpt":{"rendered":"<p>\u201cVinculaci\u00f3n Geod\u00e9sica a la Red Nacional de los Piezom\u00e9tricos del Acu\u00edfero Pati\u00f1o\u201d,\u00a0se denomina la presentaci\u00f3n del Trabajo Final de Grado (TFG) que presentar\u00e1 el estudiante Gustavo Rafael Vera Cocco,\u00a0como \u00faltima prueba para egresar de la carrera de\u00a0Ingenier\u00eda Geogr\u00e1fica y Ambiental de la Facultad de Ingenier\u00eda de la Universidad Nacional de Asunci\u00f3n (FIUNA). La defensa del trabajo se realizar\u00e1 el martes 26\u00a0de octubre de 2021, a las 17:00 h\u00a0en el\u00a0sal\u00f3n\u00a0Auditorio\u00a0de la Instituci\u00f3n.<\/p>\n","protected":false},"author":1,"featured_media":50283,"comment_status":"open","ping_status":"open","sticky":false,"template":"","format":"standard","meta":{"_bbp_topic_count":0,"_bbp_reply_count":0,"_bbp_total_topic_count":0,"_bbp_total_reply_count":0,"_bbp_voice_count":0,"_bbp_anonymous_reply_count":0,"_bbp_topic_count_hidden":0,"_bbp_reply_count_hidden":0,"_bbp_forum_subforum_count":0,"advanced_seo_description":"","jetpack_seo_html_title":"","jetpack_seo_noindex":false,"jetpack_post_was_ever_published":false,"_jetpack_newsletter_access":"","_jetpack_dont_email_post_to_subs":false,"_jetpack_newsletter_tier_id":0,"_jetpack_memberships_contains_paywalled_content":false,"_jetpack_memberships_contains_paid_content":false,"footnotes":"","jetpack_publicize_message":"","jetpack_publicize_feature_enabled":true,"jetpack_social_post_already_shared":false,"jetpack_social_options":{"image_generator_settings":{"template":"highway","default_image_id":0,"font":"","enabled":false},"version":2}},"categories":[887,613],"tags":[413],"class_list":["post-55152","post","type-post","status-publish","format-standard","has-post-thumbnail","hentry","category-eventos","category-tfg-a-presentarse","tag-ingenieria-geografica-y-ambiental"],"jetpack_publicize_connections":[],"jetpack_featured_media_url":"https:\/\/www.ing.una.py\/FIUNA3\/wp-content\/uploads\/2021\/10\/Octubre-rosa-21-1-e1633096954223.jpg","jetpack_shortlink":"https:\/\/wp.me\/pc8Odv-ely","jetpack_likes_enabled":true,"jetpack_sharing_enabled":true,"jetpack-related-posts":[],"_links":{"self":[{"href":"https:\/\/www.ing.una.py\/FIUNA3\/index.php?rest_route=\/wp\/v2\/posts\/55152","targetHints":{"allow":["GET"]}}],"collection":[{"href":"https:\/\/www.ing.una.py\/FIUNA3\/index.php?rest_route=\/wp\/v2\/posts"}],"about":[{"href":"https:\/\/www.ing.una.py\/FIUNA3\/index.php?rest_route=\/wp\/v2\/types\/post"}],"author":[{"embeddable":true,"href":"https:\/\/www.ing.una.py\/FIUNA3\/index.php?rest_route=\/wp\/v2\/users\/1"}],"replies":[{"embeddable":true,"href":"https:\/\/www.ing.una.py\/FIUNA3\/index.php?rest_route=%2Fwp%2Fv2%2Fcomments&post=55152"}],"version-history":[{"count":1,"href":"https:\/\/www.ing.una.py\/FIUNA3\/index.php?rest_route=\/wp\/v2\/posts\/55152\/revisions"}],"predecessor-version":[{"id":66537,"href":"https:\/\/www.ing.una.py\/FIUNA3\/index.php?rest_route=\/wp\/v2\/posts\/55152\/revisions\/66537"}],"wp:featuredmedia":[{"embeddable":true,"href":"https:\/\/www.ing.una.py\/FIUNA3\/index.php?rest_route=\/wp\/v2\/media\/50283"}],"wp:attachment":[{"href":"https:\/\/www.ing.una.py\/FIUNA3\/index.php?rest_route=%2Fwp%2Fv2%2Fmedia&parent=55152"}],"wp:term":[{"taxonomy":"category","embeddable":true,"href":"https:\/\/www.ing.una.py\/FIUNA3\/index.php?rest_route=%2Fwp%2Fv2%2Fcategories&post=55152"},{"taxonomy":"post_tag","embeddable":true,"href":"https:\/\/www.ing.una.py\/FIUNA3\/index.php?rest_route=%2Fwp%2Fv2%2Ftags&post=55152"}],"curies":[{"name":"wp","href":"https:\/\/api.w.org\/{rel}","templated":true}]}}