{"id":58436,"date":"2023-10-11T09:19:55","date_gmt":"2023-10-11T13:19:55","guid":{"rendered":"http:\/\/www.ing.una.py\/?p=58436"},"modified":"2025-12-10T12:28:58","modified_gmt":"2025-12-10T15:28:58","slug":"invitacion-a-participar-de-la-iii-jornada-de-extension-universitaria-en-la-fiuna","status":"publish","type":"post","link":"https:\/\/www.ing.una.py\/FIUNA3\/?p=58436","title":{"rendered":"Invitaci\u00f3n a participar de la III Jornada de Extensi\u00f3n Universitaria de la UNA"},"content":{"rendered":"<p><![CDATA[<strong>La Direcci\u00f3n General de Extensi\u00f3n Universitaria (DGEU-UNA)<\/strong>, con el apoyo de la <strong>Red de Extensi\u00f3n Universitaria de la UNA (REXUNA)<\/strong> y la <strong>Federaci\u00f3n de Estudiantes de la UNA (FEUNA)<\/strong>, se complacen en invitar a toda la comunidad universitaria y al p\u00fablico en general a participar de la esperada <strong>III Jornada de Extensi\u00f3n Universitaria. <\/strong>Este evento que busca promover la interacci\u00f3n entre la universidad y la sociedad, se llevar\u00e1 a cabo del <strong>8 al 10 de Noviembre<\/strong> en el <strong>Auditorio \u00abProf. Dr. Luis H. Berganza\u00bb de la Universidad Nacional de Asunci\u00f3n<\/strong>, Campus de la UNA, San Lorenzo.\n\n<!--more-->\n\nLa III Jornada de Extensi\u00f3n Universitaria es un espacio de encuentro y reflexi\u00f3n en el que estudiantes, docentes y la comunidad en general tienen la oportunidad de compartir experiencias, conocimientos y proyectos que contribuyan al desarrollo de la sociedad.\u00a0Interesados\/as en participar deber\u00e1n inscribirse escaneando el <strong>c\u00f3digo QR<\/strong> del flyer\n\n<strong>&#x26a0;&#xfe0f; \u00a1Importante!<\/strong>\n\nPara aquellos interesados en presentar sus trabajos en esta jornada, <strong>se ha extendido el plazo para la presentaci\u00f3n de los mismos hasta el 23 de octubre de 2023<\/strong>. \u00c9sta es una excelente oportunidad para compartir tus investigaciones y proyectos con la comunidad acad\u00e9mica y la sociedad en general.\n\nPara consultas adicionales, no dudes en contactarnos a trav\u00e9s del correo electr\u00f3nico: <a href=\"mailto:congresodeextension2023@gmail.com\">congresodeextension2023@gmail.com<\/a>\u00a0M\u00e1s informaci\u00f3n sobre la III Jornada de Extensi\u00f3n Universitaria, incluyendo el programa completo, se encuentra disponible en el sitio web del evento: <a href=\"https:\/\/congresoextension.una.py\/\">https:\/\/congresoextension.una.py\/<\/a>\n\n<strong><em>La III Jornada de Extensi\u00f3n Universitaria promete ser un espacio enriquecedor de aprendizaje, intercambio de ideas y colaboraci\u00f3n. \u00a1Esperamos contar con tu participaci\u00f3n y contribuci\u00f3n a este evento que fortalece el compromiso de la FIUNA con la sociedad y el desarrollo sostenible de nuestro pa\u00eds!<\/em><\/strong>\n\n<img loading=\"lazy\" decoding=\"async\" data-attachment-id=\"58438\" data-permalink=\"https:\/\/www.ing.una.py\/FIUNA3\/?attachment_id=58438\" data-orig-file=\"https:\/\/www.ing.una.py\/FIUNA3\/wp-content\/uploads\/2023\/10\/Congreso_Extension_Univ2023.jpg\" data-orig-size=\"843,843\" data-comments-opened=\"1\" data-image-meta=\"{&quot;aperture&quot;:&quot;0&quot;,&quot;credit&quot;:&quot;&quot;,&quot;camera&quot;:&quot;&quot;,&quot;caption&quot;:&quot;&quot;,&quot;created_timestamp&quot;:&quot;0&quot;,&quot;copyright&quot;:&quot;&quot;,&quot;focal_length&quot;:&quot;0&quot;,&quot;iso&quot;:&quot;0&quot;,&quot;shutter_speed&quot;:&quot;0&quot;,&quot;title&quot;:&quot;&quot;,&quot;orientation&quot;:&quot;0&quot;}\" data-image-title=\"Congreso_Extension_Univ2023\" data-image-description=\"&lt;p&gt;&lt;![CDATA[]]&gt;    \t&lt;\/p&gt;\n\" data-image-caption=\"\" data-large-file=\"https:\/\/www.ing.una.py\/FIUNA3\/wp-content\/uploads\/2023\/10\/Congreso_Extension_Univ2023.jpg\" class=\"aligncenter wp-image-58438\" src=\"http:\/\/www.ing.una.py\/FIUNA3\/wp-content\/uploads\/2023\/10\/Congreso_Extension_Univ2023.jpg\" alt=\"\" width=\"560\" height=\"560\" srcset=\"https:\/\/www.ing.una.py\/FIUNA3\/wp-content\/uploads\/2023\/10\/Congreso_Extension_Univ2023.jpg 843w, https:\/\/www.ing.una.py\/FIUNA3\/wp-content\/uploads\/2023\/10\/Congreso_Extension_Univ2023-300x300.jpg 300w, https:\/\/www.ing.una.py\/FIUNA3\/wp-content\/uploads\/2023\/10\/Congreso_Extension_Univ2023-150x150.jpg 150w, https:\/\/www.ing.una.py\/FIUNA3\/wp-content\/uploads\/2023\/10\/Congreso_Extension_Univ2023-768x768.jpg 768w\" sizes=\"auto, (max-width: 560px) 100vw, 560px\" \/>]]>    \t<\/p>\n","protected":false},"excerpt":{"rendered":"<p>La Direcci\u00f3n General de Extensi\u00f3n Universitaria (DGEU-UNA), con el apoyo de la Red de Extensi\u00f3n Universitaria de la UNA (REXUNA) y la Federaci\u00f3n de Estudiantes de la UNA (FEUNA), se complacen en invitar a toda la comunidad universitaria y al p\u00fablico en general a participar de la esperada III Jornada de Extensi\u00f3n Universitaria. Este evento que busca promover la interacci\u00f3n entre la universidad y la sociedad, se llevar\u00e1 a cabo del 8 al 10 de Noviembre en el Auditorio \u00abProf. Dr. Luis H. Berganza\u00bb de la Universidad Nacional de Asunci\u00f3n, Campus de la UNA, San Lorenzo.<\/p>\n","protected":false},"author":1,"featured_media":58437,"comment_status":"open","ping_status":"open","sticky":false,"template":"","format":"standard","meta":{"_bbp_topic_count":0,"_bbp_reply_count":0,"_bbp_total_topic_count":0,"_bbp_total_reply_count":0,"_bbp_voice_count":0,"_bbp_anonymous_reply_count":0,"_bbp_topic_count_hidden":0,"_bbp_reply_count_hidden":0,"_bbp_forum_subforum_count":0,"advanced_seo_description":"","jetpack_seo_html_title":"","jetpack_seo_noindex":false,"jetpack_post_was_ever_published":false,"_jetpack_newsletter_access":"","_jetpack_dont_email_post_to_subs":false,"_jetpack_newsletter_tier_id":0,"_jetpack_memberships_contains_paywalled_content":false,"_jetpack_memberships_contains_paid_content":false,"footnotes":"","jetpack_publicize_message":"","jetpack_publicize_feature_enabled":true,"jetpack_social_post_already_shared":true,"jetpack_social_options":{"image_generator_settings":{"template":"highway","default_image_id":0,"font":"","enabled":false},"version":2}},"categories":[92,887,81,226,934],"tags":[347],"class_list":["post-58436","post","type-post","status-publish","format-standard","has-post-thumbnail","hentry","category-congreso","category-eventos","category-extension-universitaria","category-investigaciones","category-jornada","tag-direccion-de-investigacion"],"jetpack_publicize_connections":[],"jetpack_featured_media_url":"https:\/\/www.ing.una.py\/FIUNA3\/wp-content\/uploads\/2023\/10\/Congreso_Extension_Univ2023_2.jpg","jetpack_shortlink":"https:\/\/wp.me\/pc8Odv-fcw","jetpack_likes_enabled":true,"jetpack_sharing_enabled":true,"jetpack-related-posts":[],"_links":{"self":[{"href":"https:\/\/www.ing.una.py\/FIUNA3\/index.php?rest_route=\/wp\/v2\/posts\/58436","targetHints":{"allow":["GET"]}}],"collection":[{"href":"https:\/\/www.ing.una.py\/FIUNA3\/index.php?rest_route=\/wp\/v2\/posts"}],"about":[{"href":"https:\/\/www.ing.una.py\/FIUNA3\/index.php?rest_route=\/wp\/v2\/types\/post"}],"author":[{"embeddable":true,"href":"https:\/\/www.ing.una.py\/FIUNA3\/index.php?rest_route=\/wp\/v2\/users\/1"}],"replies":[{"embeddable":true,"href":"https:\/\/www.ing.una.py\/FIUNA3\/index.php?rest_route=%2Fwp%2Fv2%2Fcomments&post=58436"}],"version-history":[{"count":1,"href":"https:\/\/www.ing.una.py\/FIUNA3\/index.php?rest_route=\/wp\/v2\/posts\/58436\/revisions"}],"predecessor-version":[{"id":69908,"href":"https:\/\/www.ing.una.py\/FIUNA3\/index.php?rest_route=\/wp\/v2\/posts\/58436\/revisions\/69908"}],"wp:featuredmedia":[{"embeddable":true,"href":"https:\/\/www.ing.una.py\/FIUNA3\/index.php?rest_route=\/wp\/v2\/media\/58437"}],"wp:attachment":[{"href":"https:\/\/www.ing.una.py\/FIUNA3\/index.php?rest_route=%2Fwp%2Fv2%2Fmedia&parent=58436"}],"wp:term":[{"taxonomy":"category","embeddable":true,"href":"https:\/\/www.ing.una.py\/FIUNA3\/index.php?rest_route=%2Fwp%2Fv2%2Fcategories&post=58436"},{"taxonomy":"post_tag","embeddable":true,"href":"https:\/\/www.ing.una.py\/FIUNA3\/index.php?rest_route=%2Fwp%2Fv2%2Ftags&post=58436"}],"curies":[{"name":"wp","href":"https:\/\/api.w.org\/{rel}","templated":true}]}}