{"id":58502,"date":"2023-10-16T11:31:37","date_gmt":"2023-10-16T15:31:37","guid":{"rendered":"http:\/\/www.ing.una.py\/?p=58502"},"modified":"2025-04-02T10:23:53","modified_gmt":"2025-04-02T13:23:53","slug":"invitacion-a-participar-de-la-sesion-informativa-sobre-tendencias-futuras-de-la-movilidad","status":"publish","type":"post","link":"https:\/\/www.ing.una.py\/FIUNA3\/?p=58502","title":{"rendered":"Invitaci\u00f3n a participar de la sesi\u00f3n informativa sobre &quot;Tendencias futuras de la movilidad&quot;"},"content":{"rendered":"<p>La <strong>Universidad de Ciencias Aplicadas de Alta Austria<\/strong> (<a href=\"https:\/\/www.linkedin.com\/school\/fachhochschule-ober%C3%B6sterreich\/\" target=\"_blank\" rel=\"noopener\">University of Applied Sciences Upper Austria<\/a>) y la <strong>Facultad de Ingenier\u00eda de la Universidad Nacional de Asunci\u00f3n &#8211; FIUNA,<\/strong> organizan e invitan a participar de la sesi\u00f3n informativa sobre<strong><em> \u00abTendencias Futuras de la Movilidad\u00bb <\/em><\/strong>, a realizarse el<strong> martes 24 de Octubre, a las 14:00 hs en el Sal\u00f3n auditorio<\/strong> de la Instituci\u00f3n, ubicado en el campus de la UNA, San Lorenzo. <!--more--><\/p>\n<p>Este evento tiene como objetivo fortalecer los lazos acad\u00e9micos y explorar las oportunidades excepcionales que dicha instituci\u00f3n ofrece para estudios de maestr\u00eda y perspectivas profesionales en esa regi\u00f3n. El <a href=\"https:\/\/www.linkedin.com\/in\/thomasschlechter\/\" target=\"_blank\" rel=\"noopener\"><strong>Dr. Thomas Schlechter<\/strong><\/a>, un respetado acad\u00e9mico y experto en tendencias de la industria automotriz, ofrecer\u00e1 una exposici\u00f3n concisa sobre los avances y tendencias en movilidad, junto con las oportunidades profesionales para ingenieros mecatr\u00f3nicos, electr\u00f3nicos, mec\u00e1nicos e industriales, y carreras afines.<\/p>\n<p>Adem\u00e1s, la <a href=\"https:\/\/www.linkedin.com\/in\/kamilla-trubicki-b71a063\/\" target=\"_blank\" rel=\"noopener\"><strong>Mag. Kamilla Trubicki<\/strong><\/a>, del Departamento de Relaciones Internacionales, presentar\u00e1 las ventajas y oportunidades de estudiar en Alta Austria. Asimismo, el <a href=\"https:\/\/www.linkedin.com\/in\/manuel-s-652786138\/\" target=\"_blank\" rel=\"noopener\"><strong>Ingeniero Manuel Soto<\/strong><\/a>, egresado de la FIUNA y actual estudiante del m\u00e1ster \u00abAutomotive Mechatronics and Management\u00bb compartir\u00e1 sus experiencias acad\u00e9micas y las oportunidades de carrera en campos relacionados con la industria automotriz.<\/p>\n<p>El evento es abierto a todos los interesados y se llevar\u00e1 a cabo en el idioma ingl\u00e9s. El Ing. Manuel Soto estar\u00e1 apoyando con las traducciones.<\/p>\n","protected":false},"excerpt":{"rendered":"<p>La Universidad de Ciencias Aplicadas de Alta Austria (University of Applied Sciences Upper Austria) y la Facultad de Ingenier\u00eda de la Universidad Nacional de Asunci\u00f3n &#8211; FIUNA, organizan e invitan a participar de la sesi\u00f3n informativa sobre \u00abTendencias Futuras de la Movilidad\u00bb , a realizarse el martes 24 de Octubre, a las 14:00 hs en el Sal\u00f3n auditorio de la Instituci\u00f3n, ubicado en el campus de la UNA, San Lorenzo.<\/p>\n","protected":false},"author":1,"featured_media":58503,"comment_status":"open","ping_status":"open","sticky":false,"template":"","format":"standard","meta":{"_bbp_topic_count":0,"_bbp_reply_count":0,"_bbp_total_topic_count":0,"_bbp_total_reply_count":0,"_bbp_voice_count":0,"_bbp_anonymous_reply_count":0,"_bbp_topic_count_hidden":0,"_bbp_reply_count_hidden":0,"_bbp_forum_subforum_count":0,"advanced_seo_description":"","jetpack_seo_html_title":"","jetpack_seo_noindex":false,"jetpack_post_was_ever_published":false,"_jetpack_newsletter_access":"","_jetpack_dont_email_post_to_subs":false,"_jetpack_newsletter_tier_id":0,"_jetpack_memberships_contains_paywalled_content":false,"_jetpack_memberships_contains_paid_content":false,"footnotes":"","jetpack_publicize_message":"","jetpack_publicize_feature_enabled":true,"jetpack_social_post_already_shared":true,"jetpack_social_options":{"image_generator_settings":{"template":"highway","default_image_id":0,"font":"","enabled":false},"version":2}},"categories":[89,887],"tags":[],"class_list":["post-58502","post","type-post","status-publish","format-standard","has-post-thumbnail","hentry","category-charlas-y-debates","category-eventos"],"jetpack_publicize_connections":[],"jetpack_featured_media_url":"https:\/\/www.ing.una.py\/FIUNA3\/wp-content\/uploads\/2023\/10\/fhoee-cover.jpg","jetpack_shortlink":"https:\/\/wp.me\/pc8Odv-fdA","jetpack_likes_enabled":true,"jetpack_sharing_enabled":true,"jetpack-related-posts":[],"_links":{"self":[{"href":"https:\/\/www.ing.una.py\/FIUNA3\/index.php?rest_route=\/wp\/v2\/posts\/58502","targetHints":{"allow":["GET"]}}],"collection":[{"href":"https:\/\/www.ing.una.py\/FIUNA3\/index.php?rest_route=\/wp\/v2\/posts"}],"about":[{"href":"https:\/\/www.ing.una.py\/FIUNA3\/index.php?rest_route=\/wp\/v2\/types\/post"}],"author":[{"embeddable":true,"href":"https:\/\/www.ing.una.py\/FIUNA3\/index.php?rest_route=\/wp\/v2\/users\/1"}],"replies":[{"embeddable":true,"href":"https:\/\/www.ing.una.py\/FIUNA3\/index.php?rest_route=%2Fwp%2Fv2%2Fcomments&post=58502"}],"version-history":[{"count":2,"href":"https:\/\/www.ing.una.py\/FIUNA3\/index.php?rest_route=\/wp\/v2\/posts\/58502\/revisions"}],"predecessor-version":[{"id":77351,"href":"https:\/\/www.ing.una.py\/FIUNA3\/index.php?rest_route=\/wp\/v2\/posts\/58502\/revisions\/77351"}],"wp:featuredmedia":[{"embeddable":true,"href":"https:\/\/www.ing.una.py\/FIUNA3\/index.php?rest_route=\/wp\/v2\/media\/58503"}],"wp:attachment":[{"href":"https:\/\/www.ing.una.py\/FIUNA3\/index.php?rest_route=%2Fwp%2Fv2%2Fmedia&parent=58502"}],"wp:term":[{"taxonomy":"category","embeddable":true,"href":"https:\/\/www.ing.una.py\/FIUNA3\/index.php?rest_route=%2Fwp%2Fv2%2Fcategories&post=58502"},{"taxonomy":"post_tag","embeddable":true,"href":"https:\/\/www.ing.una.py\/FIUNA3\/index.php?rest_route=%2Fwp%2Fv2%2Ftags&post=58502"}],"curies":[{"name":"wp","href":"https:\/\/api.w.org\/{rel}","templated":true}]}}