{"id":58921,"date":"2023-11-09T12:28:49","date_gmt":"2023-11-09T16:28:49","guid":{"rendered":"http:\/\/www.ing.una.py\/?p=58921"},"modified":"2024-12-05T14:18:06","modified_gmt":"2024-12-05T17:18:06","slug":"el-gisday-2023-vuelve-a-la-fiuna-%f0%9f%8c%8e","status":"publish","type":"post","link":"https:\/\/www.ing.una.py\/FIUNA3\/?p=58921","title":{"rendered":"\u00a1El\u00a0GISDAY 2023\u00a0vuelve a la FIUNA &#x1f30e; !"},"content":{"rendered":"<p><![CDATA[El<strong> VI Seminario de SIG por el GIS DAY<\/strong> vuelve a la<strong> Facultad de Ingenier\u00eda de la Universidad Nacional de Asunci\u00f3n (FIUNA) <\/strong>organizado por la carrera de <strong>Ingenier\u00eda Geogr\u00e1fica y Ambiental. <\/strong>Se realizar\u00e1 en la modalidad presencial el d\u00eda mi\u00e9rcoles <strong>15 de Noviembre<\/strong> del corriente desde las <strong>17:00 hs<\/strong>, en el Sal\u00f3n Auditorio de la Instituci\u00f3n, sede de San Lorenzo, campus de la UNA.\n\n<!--more-->\n\nEl evento\u00a0de este a\u00f1o bajo el slogan <strong><em>\u00abGIS al rescate del clima\u00bb<\/em><\/strong> busca concientizar a la poblaci\u00f3n sobre los eventos clim\u00e1ticos que han acontecido de forma recurrente en los \u00faltimos tiempos en nuestro pa\u00eds, dar a conocer los riesgos asociados, y de esa manera contribuir a la toma decisiones para la disminuci\u00f3n de los impactos causados por los fen\u00f3menos clim\u00e1ticos en las zonas m\u00e1s vulnerables.\n\n<strong><em>Acceso libre a todos los interesados.\u00a0Se sortear\u00e1n licencias de Arcamp y se entregaran plantines de especies nativas &#x1f331;<\/em><\/strong>\n\n\n\n<h2>Descubriendo el mundo a trav\u00e9s de\u00a0GIS<\/h2>\n\n\n\nEl primer <strong>D\u00eda GIS<\/strong> formal tuvo lugar en 1999. El presidente y cofundador de Esri, Jack Dangermond, reconoce a Ralph Nader como la persona que inspir\u00f3 la creaci\u00f3n del D\u00eda GIS. Nader consider\u00f3 el D\u00eda GIS como una buena iniciativa para que las personas aprendieran sobre geograf\u00eda y los usos de GIS, y quer\u00eda que el D\u00eda GIS fuera un esfuerzo de base abierto a todos.\n\nEl<strong> GIS Day<\/strong> no es solo un evento, es un movimiento global. El d\u00eda de GIS re\u00fane a universidades, agencias gubernamentales, escuelas, organizaciones sin fines de lucro y profesionales de GIS para desarrollar el conocimiento de GIS en sus comunidades y crear comprensi\u00f3n sobre el mundo en el que vivimos. El GIS Day sucede porque tienes pasi\u00f3n por el pensamiento geoespacial . A trav\u00e9s de su evento, se planta una semilla que aumenta la comprensi\u00f3n de SIG en su comunidad y en todo el mundo.\n\n<a href=\"http:\/\/www.ing.una.py\/FIUNA3\/wp-content\/uploads\/2023\/11\/AFICHE-GISDAY-2023-e1699547147532.png\"><img loading=\"lazy\" decoding=\"async\" data-attachment-id=\"58922\" data-permalink=\"https:\/\/www.ing.una.py\/FIUNA3\/?attachment_id=58922\" data-orig-file=\"https:\/\/www.ing.una.py\/FIUNA3\/wp-content\/uploads\/2023\/11\/AFICHE-GISDAY-2023-e1699547147532.png\" data-orig-size=\"1080,1520\" data-comments-opened=\"1\" data-image-meta=\"{&quot;aperture&quot;:&quot;0&quot;,&quot;credit&quot;:&quot;&quot;,&quot;camera&quot;:&quot;&quot;,&quot;caption&quot;:&quot;&quot;,&quot;created_timestamp&quot;:&quot;0&quot;,&quot;copyright&quot;:&quot;&quot;,&quot;focal_length&quot;:&quot;0&quot;,&quot;iso&quot;:&quot;0&quot;,&quot;shutter_speed&quot;:&quot;0&quot;,&quot;title&quot;:&quot;&quot;,&quot;orientation&quot;:&quot;0&quot;}\" data-image-title=\"AFICHE GISDAY 2023\" data-image-description=\"&lt;p&gt;&lt;![CDATA[]]&gt;    \t&lt;\/p&gt;\n\" data-image-caption=\"\" data-large-file=\"https:\/\/www.ing.una.py\/FIUNA3\/wp-content\/uploads\/2023\/11\/AFICHE-GISDAY-2023-e1699547147532-728x1024.png\" class=\"aligncenter wp-image-58922\" src=\"http:\/\/www.ing.una.py\/FIUNA3\/wp-content\/uploads\/2023\/11\/AFICHE-GISDAY-2023-e1699547147532.png\" alt=\"\" width=\"560\" height=\"788\" srcset=\"https:\/\/www.ing.una.py\/FIUNA3\/wp-content\/uploads\/2023\/11\/AFICHE-GISDAY-2023-e1699547147532.png 1080w, https:\/\/www.ing.una.py\/FIUNA3\/wp-content\/uploads\/2023\/11\/AFICHE-GISDAY-2023-e1699547147532-213x300.png 213w, https:\/\/www.ing.una.py\/FIUNA3\/wp-content\/uploads\/2023\/11\/AFICHE-GISDAY-2023-e1699547147532-728x1024.png 728w, https:\/\/www.ing.una.py\/FIUNA3\/wp-content\/uploads\/2023\/11\/AFICHE-GISDAY-2023-e1699547147532-768x1081.png 768w, https:\/\/www.ing.una.py\/FIUNA3\/wp-content\/uploads\/2023\/11\/AFICHE-GISDAY-2023-e1699547147532-600x844.png 600w\" sizes=\"auto, (max-width: 560px) 100vw, 560px\" \/><\/a>]]>    \t<\/p>\n","protected":false},"excerpt":{"rendered":"<p>VI Seminario de SIG por el GIS DAY vuelve a la Facultad de Ingenier\u00eda de la Universidad Nacional de Asunci\u00f3n (FIUNA) organizado por la carrera de Ingenier\u00eda Geogr\u00e1fica y Ambiental. Se realizar\u00e1 en la modalidad presencial el d\u00eda mi\u00e9rcoles 15 de Noviembre del corriente desde las 17:00 hs, en el Sal\u00f3n Auditorio de la Instituci\u00f3n, sede de San Lorenzo, campus de la UNA.<\/p>\n","protected":false},"author":1,"featured_media":58922,"comment_status":"open","ping_status":"open","sticky":false,"template":"","format":"standard","meta":{"_bbp_topic_count":0,"_bbp_reply_count":0,"_bbp_total_topic_count":0,"_bbp_total_reply_count":0,"_bbp_voice_count":0,"_bbp_anonymous_reply_count":0,"_bbp_topic_count_hidden":0,"_bbp_reply_count_hidden":0,"_bbp_forum_subforum_count":0,"advanced_seo_description":"","jetpack_seo_html_title":"","jetpack_seo_noindex":false,"jetpack_post_was_ever_published":false,"_jetpack_newsletter_access":"","_jetpack_dont_email_post_to_subs":false,"_jetpack_newsletter_tier_id":0,"_jetpack_memberships_contains_paywalled_content":false,"_jetpack_memberships_contains_paid_content":false,"footnotes":"","jetpack_publicize_message":"","jetpack_publicize_feature_enabled":true,"jetpack_social_post_already_shared":true,"jetpack_social_options":{"image_generator_settings":{"template":"highway","default_image_id":0,"font":"","enabled":false},"version":2}},"categories":[842,887,122],"tags":[413],"class_list":["post-58921","post","type-post","status-publish","format-standard","has-post-thumbnail","hentry","category-departamento-de-ingenieria-civil-y-geografica-y-ambiental","category-eventos","category-seminarios","tag-ingenieria-geografica-y-ambiental"],"jetpack_publicize_connections":[],"jetpack_featured_media_url":"https:\/\/www.ing.una.py\/FIUNA3\/wp-content\/uploads\/2023\/11\/AFICHE-GISDAY-2023-e1699547147532.png","jetpack_shortlink":"https:\/\/wp.me\/pc8Odv-fkl","jetpack_likes_enabled":true,"jetpack_sharing_enabled":true,"jetpack-related-posts":[],"_links":{"self":[{"href":"https:\/\/www.ing.una.py\/FIUNA3\/index.php?rest_route=\/wp\/v2\/posts\/58921","targetHints":{"allow":["GET"]}}],"collection":[{"href":"https:\/\/www.ing.una.py\/FIUNA3\/index.php?rest_route=\/wp\/v2\/posts"}],"about":[{"href":"https:\/\/www.ing.una.py\/FIUNA3\/index.php?rest_route=\/wp\/v2\/types\/post"}],"author":[{"embeddable":true,"href":"https:\/\/www.ing.una.py\/FIUNA3\/index.php?rest_route=\/wp\/v2\/users\/1"}],"replies":[{"embeddable":true,"href":"https:\/\/www.ing.una.py\/FIUNA3\/index.php?rest_route=%2Fwp%2Fv2%2Fcomments&post=58921"}],"version-history":[{"count":1,"href":"https:\/\/www.ing.una.py\/FIUNA3\/index.php?rest_route=\/wp\/v2\/posts\/58921\/revisions"}],"predecessor-version":[{"id":70346,"href":"https:\/\/www.ing.una.py\/FIUNA3\/index.php?rest_route=\/wp\/v2\/posts\/58921\/revisions\/70346"}],"wp:featuredmedia":[{"embeddable":true,"href":"https:\/\/www.ing.una.py\/FIUNA3\/index.php?rest_route=\/wp\/v2\/media\/58922"}],"wp:attachment":[{"href":"https:\/\/www.ing.una.py\/FIUNA3\/index.php?rest_route=%2Fwp%2Fv2%2Fmedia&parent=58921"}],"wp:term":[{"taxonomy":"category","embeddable":true,"href":"https:\/\/www.ing.una.py\/FIUNA3\/index.php?rest_route=%2Fwp%2Fv2%2Fcategories&post=58921"},{"taxonomy":"post_tag","embeddable":true,"href":"https:\/\/www.ing.una.py\/FIUNA3\/index.php?rest_route=%2Fwp%2Fv2%2Ftags&post=58921"}],"curies":[{"name":"wp","href":"https:\/\/api.w.org\/{rel}","templated":true}]}}