{"id":5905,"date":"2013-08-13T12:32:59","date_gmt":"2013-08-13T12:32:59","guid":{"rendered":"http:\/\/www.ing.una.py\/?p=5905"},"modified":"2024-09-18T12:52:54","modified_gmt":"2024-09-18T16:52:54","slug":"charla-tecnica-energia-solar-fotovoltaica","status":"publish","type":"post","link":"https:\/\/www.ing.una.py\/FIUNA3\/?p=5905","title":{"rendered":"Charla t\u00e9cnica &quot;Energ\u00eda Solar Fotovoltaica&quot;"},"content":{"rendered":"<p><![CDATA[Se desarrollar\u00e1 hoy <strong>martes 13 de agosto a las 17:00,<\/strong> en el Sal\u00f3n Auditorio del Edificio Enzo Debernardi de la FIUNA. Estar\u00e1 como disertante el Ing. Rural y Agrimensor Jean Claude Pulfer.\n\n\n<h2>El acceso ser\u00e1 libre y gratuito.<!--more--><\/h2>\n\n\nPara alumnos de la FIUNA, la asistencia ser\u00e1 v\u00e1lida para Cr\u00e9ditos de Extensi\u00f3n Universitaria.\n<strong>M\u00e1s informes e inscripciones en:<\/strong> <a title=\"Correo\" href=\"mailto:extension@ing.una.py\" target=\"_blank\" rel=\"noopener\">extension@ing.una.py\u00a0<\/a>\n<strong>Organiza:<\/strong> Direcci\u00f3n de Investigaci\u00f3n de la FIUNA\n\n\n<p style=\"text-align: center;\"><a href=\"http:\/\/www.ing.una.py\/wp-content\/uploads\/2013\/08\/charla-sobre-energia-solar-fotovoltaica.jpg\"><img loading=\"lazy\" decoding=\"async\" data-attachment-id=\"5906\" data-permalink=\"https:\/\/www.ing.una.py\/FIUNA3\/?attachment_id=5906\" data-orig-file=\"https:\/\/www.ing.una.py\/FIUNA3\/wp-content\/uploads\/2013\/08\/charla-sobre-energia-solar-fotovoltaica.jpg\" data-orig-size=\"638,825\" data-comments-opened=\"1\" data-image-meta=\"{&quot;aperture&quot;:&quot;0&quot;,&quot;credit&quot;:&quot;&quot;,&quot;camera&quot;:&quot;&quot;,&quot;caption&quot;:&quot;&quot;,&quot;created_timestamp&quot;:&quot;0&quot;,&quot;copyright&quot;:&quot;&quot;,&quot;focal_length&quot;:&quot;0&quot;,&quot;iso&quot;:&quot;0&quot;,&quot;shutter_speed&quot;:&quot;0&quot;,&quot;title&quot;:&quot;&quot;,&quot;orientation&quot;:&quot;1&quot;}\" data-image-title=\"Charla T\u00e9cnica &amp;quot;Energ\u00eda solar fotovolcaica&amp;quot;\" data-image-description=\"&lt;p&gt;&lt;![CDATA[]]&gt;    \t&lt;\/p&gt;\n\" data-image-caption=\"\" data-large-file=\"https:\/\/www.ing.una.py\/FIUNA3\/wp-content\/uploads\/2013\/08\/charla-sobre-energia-solar-fotovoltaica.jpg\" class=\"aligncenter  wp-image-5906\" style=\"border: 1px solid gray;\" alt=\"Charla T\u00e9cnica &quot;Energ\u00eda solar fotovolcaica&quot;\" src=\"http:\/\/www.ing.una.py\/wp-content\/uploads\/2013\/08\/charla-sobre-energia-solar-fotovoltaica.jpg\" width=\"447\" height=\"578\" srcset=\"https:\/\/www.ing.una.py\/FIUNA3\/wp-content\/uploads\/2013\/08\/charla-sobre-energia-solar-fotovoltaica.jpg 638w, https:\/\/www.ing.una.py\/FIUNA3\/wp-content\/uploads\/2013\/08\/charla-sobre-energia-solar-fotovoltaica-232x300.jpg 232w\" sizes=\"auto, (max-width: 447px) 100vw, 447px\" \/><\/a><\/p>\n\n]]>    \t<\/p>\n","protected":false},"excerpt":{"rendered":"<p>martes 13 de agosto a las 17:00, en el Sal\u00f3n Auditorio del Edificio Enzo Debernardi de la FIUNA. Estar\u00e1 como disertante el Ing. Rural y Agrimensor Jean Claude Pulfer. El acceso ser\u00e1 libre y gratuito.<\/p>\n","protected":false},"author":1,"featured_media":0,"comment_status":"open","ping_status":"closed","sticky":false,"template":"","format":"standard","meta":{"_bbp_topic_count":0,"_bbp_reply_count":0,"_bbp_total_topic_count":0,"_bbp_total_reply_count":0,"_bbp_voice_count":0,"_bbp_anonymous_reply_count":0,"_bbp_topic_count_hidden":0,"_bbp_reply_count_hidden":0,"_bbp_forum_subforum_count":0,"advanced_seo_description":"","jetpack_seo_html_title":"","jetpack_seo_noindex":false,"jetpack_post_was_ever_published":false,"_jetpack_newsletter_access":"","_jetpack_dont_email_post_to_subs":false,"_jetpack_newsletter_tier_id":0,"_jetpack_memberships_contains_paywalled_content":false,"_jetpack_memberships_contains_paid_content":false,"footnotes":"","jetpack_publicize_message":"","jetpack_publicize_feature_enabled":true,"jetpack_social_post_already_shared":false,"jetpack_social_options":{"image_generator_settings":{"template":"highway","default_image_id":0,"font":"","enabled":false},"version":2}},"categories":[89,75],"tags":[145,297],"class_list":["post-5905","post","type-post","status-publish","format-standard","hentry","category-charlas-y-debates","category-noticias","tag-charla-tecnica","tag-energia-solar"],"jetpack_publicize_connections":[],"jetpack_featured_media_url":"","jetpack_shortlink":"https:\/\/wp.me\/pc8Odv-1xf","jetpack_likes_enabled":true,"jetpack_sharing_enabled":true,"jetpack-related-posts":[],"_links":{"self":[{"href":"https:\/\/www.ing.una.py\/FIUNA3\/index.php?rest_route=\/wp\/v2\/posts\/5905","targetHints":{"allow":["GET"]}}],"collection":[{"href":"https:\/\/www.ing.una.py\/FIUNA3\/index.php?rest_route=\/wp\/v2\/posts"}],"about":[{"href":"https:\/\/www.ing.una.py\/FIUNA3\/index.php?rest_route=\/wp\/v2\/types\/post"}],"author":[{"embeddable":true,"href":"https:\/\/www.ing.una.py\/FIUNA3\/index.php?rest_route=\/wp\/v2\/users\/1"}],"replies":[{"embeddable":true,"href":"https:\/\/www.ing.una.py\/FIUNA3\/index.php?rest_route=%2Fwp%2Fv2%2Fcomments&post=5905"}],"version-history":[{"count":1,"href":"https:\/\/www.ing.una.py\/FIUNA3\/index.php?rest_route=\/wp\/v2\/posts\/5905\/revisions"}],"predecessor-version":[{"id":71324,"href":"https:\/\/www.ing.una.py\/FIUNA3\/index.php?rest_route=\/wp\/v2\/posts\/5905\/revisions\/71324"}],"wp:attachment":[{"href":"https:\/\/www.ing.una.py\/FIUNA3\/index.php?rest_route=%2Fwp%2Fv2%2Fmedia&parent=5905"}],"wp:term":[{"taxonomy":"category","embeddable":true,"href":"https:\/\/www.ing.una.py\/FIUNA3\/index.php?rest_route=%2Fwp%2Fv2%2Fcategories&post=5905"},{"taxonomy":"post_tag","embeddable":true,"href":"https:\/\/www.ing.una.py\/FIUNA3\/index.php?rest_route=%2Fwp%2Fv2%2Ftags&post=5905"}],"curies":[{"name":"wp","href":"https:\/\/api.w.org\/{rel}","templated":true}]}}