{"id":60760,"date":"2022-09-20T10:47:19","date_gmt":"2022-09-20T14:47:19","guid":{"rendered":"http:\/\/www.ing.una.py\/?p=53457"},"modified":"2022-09-20T10:47:19","modified_gmt":"2022-09-20T14:47:19","slug":"convocatoria-augm-2023-para-la-universidad-nacional-del-noroeste-de-buenos-aires-argentina-y-la-universidad-federal-do-abc-brasil","status":"publish","type":"post","link":"https:\/\/www.ing.una.py\/FIUNA3\/?p=60760","title":{"rendered":"Convocatoria AUGM 2023 para la Universidad Nacional del Noroeste de Buenos Aires &#8211; Argentina y la Universidad Federal Do ABC &#8211; Brasil"},"content":{"rendered":"<p><![CDATA[<strong>La Coordinaci\u00f3n de Movilidad\u00a0<\/strong>dependiente de la Direcci\u00f3n Acad\u00e9mica de la <strong>Facultad de Ingenier\u00eda de la Universidad Nacional de Asunci\u00f3n (FIUNA),<\/strong>\u00a0informa que se encuentra abierta la\u00a0<strong>Convocatoria al Programa Anual de Movilidad Estudiantil,<\/strong> para el Primer Ciclo 2023, correspondiente a la <a href=\"https:\/\/www.unnoba.edu.ar\/\" target=\"_blank\" rel=\"noopener\">Universidad Nacional del Noroeste de Buenos Aires &#8211; UNNOBA<\/a>, Argentina y la <a href=\"https:\/\/www.ufabc.edu.br\/\" target=\"_blank\" rel=\"noopener\">Universidad Federal Do ABC &#8211; UFABC<\/a>, Brasil. <!--more--><span id=\"more-51301\"><\/span>\n\n\n\n<h3>Requisitos para la postulaci\u00f3n de estudiantes<\/h3>\n\n\n\n\n\n<ul>\n    \n\n<li>Estar matriculado como estudiante regular de la FIUNA, en la carrera correspondiente.<\/li>\n\n\n    \n\n<li>Tener aprobado el 50% de la carrera en la que se encuentra matriculado.<\/li>\n\n\n    \n\n<li>Ser menor de 30 a\u00f1os de edad y no ocupar cargos docentes.<\/li>\n\n\n    \n\n<li>La duraci\u00f3n de cada intercambio es de un semestre.<\/li>\n\n\n    \n\n<li>El aspirante deber\u00e1 presentar un plan de estudios de las disciplinas o asignaturas que desee cursar en el exterior, previa verificaci\u00f3n de los programas de estudios por parte de los Departamentos de Carrera de manera a prever la homologaci\u00f3n de las asignaturas posibles.<\/li>\n\n\n    \n\n<li>Esta aprobaci\u00f3n deber\u00e1 ser acordada entre las unidades acad\u00e9micas de las dos Universidades participantes.<\/li>\n\n\n    \n\n<li>Dentro del plan acordado, el estudiante podr\u00e1 incluir asignaturas de car\u00e1cter optativo, trabajo final u otras actividades acad\u00e9micas, adem\u00e1s de las espec\u00edficas de su carrera.<\/li>\n\n\n<\/ul>\n\n\n\n<strong><em>&#x26a0;&#xfe0f; Obs.: Es requisito tener aprobadas la totalidad de las materias del ciclo b\u00e1sico.<\/em><\/strong>\n\n\n\n<h3>Documentaci\u00f3n solicitada<\/h3>\n\n\n\n\n\n<ol>\n    \n\n<li>Certificado o constancia de notas firmadas por un responsable de la instituci\u00f3n.<\/li>\n\n\n    \n\n<li>Copia de documento de identidad.<\/li>\n\n\n    \n\n<li>Formulario de la AUGM.<\/li>\n\n\n    \n\n<li>Curriculum vitae.<\/li>\n\n\n<\/ol>\n\n\n\n\n\n<h3>Las principales caracter\u00edsticas de la mencionada movilidad son:<\/h3>\n\n\n\n\n\n<ol>\n    \n\n<li>Las materias cursadas en la Universidad de destino ser\u00e1n reconocidas por la FIUNA, previo dictamen de la Direcci\u00f3n Acad\u00e9mica.<\/li>\n\n\n    \n\n<li><strong>Traslado:<\/strong> La FIUNA cubrir\u00e1 los costos de traslado hasta la Universidad de destino.<\/li>\n\n\n    \n\n<li><strong>Manutenci\u00f3n:<\/strong> Las Universidades de destino otorgar\u00e1n ayuda econ\u00f3mica a fin de cubrir parte de los costos de manutenci\u00f3n y alojamiento del alumno durante su estad\u00eda.<\/li>\n\n\n    \n\n<li>Los alumnos deber\u00e1n contar con pasaporte, VISA de estudiante o la que exija la Universidad de destino, seguro internacional de salud y de vida que incluya repatriaci\u00f3n y COVID, asumiendo la totalidad del costo de los mismos.<\/li>\n\n\n<\/ol>\n\n\n\n<strong>&#x1f449; Para m\u00e1s informaci\u00f3n sobre el Programa acceder al sitio web <a href=\"http:\/\/grupomontevideo.org\" target=\"_blank\" rel=\"noopener\">http:\/\/grupomontevideo.org<\/a>.\u00a0<\/strong>Las documentaciones a completar y presentar se encuentran en el siguiente enlace <a href=\"http:\/\/grupomontevideo.org\/escala\/images\/ESCALA_Estudiantes_de_Grado.pdf\" target=\"_blank\" rel=\"noopener\">http:\/\/grupomontevideo.org\/escala\/images\/ESCALA_Estudiantes_de_Grado.pdf<\/a>\n\n\n\n<h3>Fecha tope de presentaci\u00f3n de candidaturas:<span style=\"color: #9d0000;\"> Martes 27 de septiembre<\/span> del corriente<\/h3>\n\n\n\n\n\n<h3>M\u00e1s informes<\/h3>\n\n\n\n<strong>Oficina de la Coordinaci\u00f3n de Movilidad Estudiantil\nLugar<\/strong>\u00a02so. Piso de la Direcci\u00f3n Acad\u00e9mica\n<strong>Horario<\/strong> De 08 a 12 horas.\n<strong>Celular<\/strong>\u00a0+595 981 939 847\n<strong>Correo<\/strong>\u00a0<a href=\"mailto:benisilvera@gmail.com\" target=\"_blank\" rel=\"noopener\">benisilvera@gmail.com<\/a>]]>    \t<\/p>\n","protected":false},"excerpt":{"rendered":"<p>La Coordinaci\u00f3n de Movilidad\u00a0dependiente de la Direcci\u00f3n Acad\u00e9mica de la Facultad de Ingenier\u00eda de la Universidad Nacional de Asunci\u00f3n (FIUNA),\u00a0informa que se encuentra abierta la\u00a0Convocatoria al Programa Anual de Movilidad Estudiantil, para el Primer Ciclo 2023, correspondiente a la Universidad Nacional del Noroeste de Buenos Aires &#8211; UNNOBA, Argentina y la Universidad Federal Do ABC &#8211; UFABC, Brasil.<\/p>\n","protected":false},"author":1,"featured_media":22488,"comment_status":"open","ping_status":"open","sticky":false,"template":"","format":"standard","meta":{"_bbp_topic_count":0,"_bbp_reply_count":0,"_bbp_total_topic_count":0,"_bbp_total_reply_count":0,"_bbp_voice_count":0,"_bbp_anonymous_reply_count":0,"_bbp_topic_count_hidden":0,"_bbp_reply_count_hidden":0,"_bbp_forum_subforum_count":0,"advanced_seo_description":"","jetpack_seo_html_title":"","jetpack_seo_noindex":false,"jetpack_post_was_ever_published":false,"_jetpack_newsletter_access":"","_jetpack_dont_email_post_to_subs":false,"_jetpack_newsletter_tier_id":0,"_jetpack_memberships_contains_paywalled_content":false,"_jetpack_memberships_contains_paid_content":false,"footnotes":"","jetpack_publicize_message":"","jetpack_publicize_feature_enabled":true,"jetpack_social_post_already_shared":false,"jetpack_social_options":{"image_generator_settings":{"template":"highway","default_image_id":0,"font":"","enabled":false},"version":2}},"categories":[149,75],"tags":[232],"class_list":["post-60760","post","type-post","status-publish","format-standard","has-post-thumbnail","hentry","category-movilidad","category-noticias","tag-augm"],"jetpack_publicize_connections":[],"jetpack_featured_media_url":"https:\/\/www.ing.una.py\/FIUNA3\/wp-content\/uploads\/2017\/04\/logo_augm17.png","jetpack_shortlink":"https:\/\/wp.me\/pc8Odv-fO0","jetpack_likes_enabled":true,"jetpack_sharing_enabled":true,"jetpack-related-posts":[],"_links":{"self":[{"href":"https:\/\/www.ing.una.py\/FIUNA3\/index.php?rest_route=\/wp\/v2\/posts\/60760","targetHints":{"allow":["GET"]}}],"collection":[{"href":"https:\/\/www.ing.una.py\/FIUNA3\/index.php?rest_route=\/wp\/v2\/posts"}],"about":[{"href":"https:\/\/www.ing.una.py\/FIUNA3\/index.php?rest_route=\/wp\/v2\/types\/post"}],"author":[{"embeddable":true,"href":"https:\/\/www.ing.una.py\/FIUNA3\/index.php?rest_route=\/wp\/v2\/users\/1"}],"replies":[{"embeddable":true,"href":"https:\/\/www.ing.una.py\/FIUNA3\/index.php?rest_route=%2Fwp%2Fv2%2Fcomments&post=60760"}],"version-history":[{"count":0,"href":"https:\/\/www.ing.una.py\/FIUNA3\/index.php?rest_route=\/wp\/v2\/posts\/60760\/revisions"}],"wp:featuredmedia":[{"embeddable":true,"href":"https:\/\/www.ing.una.py\/FIUNA3\/index.php?rest_route=\/wp\/v2\/media\/22488"}],"wp:attachment":[{"href":"https:\/\/www.ing.una.py\/FIUNA3\/index.php?rest_route=%2Fwp%2Fv2%2Fmedia&parent=60760"}],"wp:term":[{"taxonomy":"category","embeddable":true,"href":"https:\/\/www.ing.una.py\/FIUNA3\/index.php?rest_route=%2Fwp%2Fv2%2Fcategories&post=60760"},{"taxonomy":"post_tag","embeddable":true,"href":"https:\/\/www.ing.una.py\/FIUNA3\/index.php?rest_route=%2Fwp%2Fv2%2Ftags&post=60760"}],"curies":[{"name":"wp","href":"https:\/\/api.w.org\/{rel}","templated":true}]}}