{"id":61140,"date":"2023-04-19T12:03:23","date_gmt":"2023-04-19T16:03:23","guid":{"rendered":"http:\/\/www.ing.una.py\/?p=56241"},"modified":"2024-12-04T14:54:51","modified_gmt":"2024-12-04T17:54:51","slug":"convocatoria-a-master-internacional-de-formacion-permanente-uc-uimp-en-tecnologia-rehabilitacion-y-gestion-de-la-edificacion","status":"publish","type":"post","link":"https:\/\/www.ing.una.py\/FIUNA3\/?p=61140","title":{"rendered":"Convocatoria a M\u00e1ster Internacional de formaci\u00f3n Permanente UC-UIMP en Tecnolog\u00eda, Rehabilitaci\u00f3n y Gesti\u00f3n de la Edificaci\u00f3n"},"content":{"rendered":"<p><![CDATA[<strong>La Coordinaci\u00f3n de Movilidad de la Facultad de Ingenier\u00eda de la Universidad Nacional de Asunci\u00f3n (FIUNA),<\/strong> informa que se encuentra abierta la convocatoria al <strong>M\u00e1ster Internacional de Formaci\u00f3n Permanente UC-UIMP en Tecnolog\u00eda, Rehabilitaci\u00f3n y Gesti\u00f3n de la Edificaci\u00f3n 17\u00aa Edici\u00f3n<\/strong> (Curso 2023-24). Inicia el mes de Octubre 2023<!--more-->\n\nEl\u00a0M\u00e1ster de Construcci\u00f3n est\u00e1 dirigido a Ingenieros Civiles, Ingenieros Industriales, Constructores y titulaciones afines.\n\n\n\n<h3>Asignaturas<\/h3>\n\n\n\n\n\n<ol>\n    \n\n<li>Tecnolog\u00eda de Estructuras de Edificaci\u00f3n<\/li>\n\n\n    \n\n<li>Regeneraci\u00f3n Urbana y Eficiencia Energ\u00e9tica<\/li>\n\n\n    \n\n<li>BIM y Gesti\u00f3n del Proceso Edificatorio<\/li>\n\n\n    \n\n<li>Tecnolog\u00eda de Instalaciones y Cerramientos<\/li>\n\n\n    \n\n<li>Patolog\u00eda y Rehabilitaci\u00f3n de la Edificaci\u00f3n<\/li>\n\n\n    \n\n<li>Gesti\u00f3n Empresarial, Emprendimiento e Internacionalizaci\u00f3n de la Construcci\u00f3n<\/li>\n\n\n<\/ol>\n\n\n\n\n\n<h3>Este curso se podr\u00e1 hacer en las siguientes modalidades:<\/h3>\n\n\n\n\n\n<ul>\n    \n\n<li>Online<\/li>\n\n\n    \n\n<li>Semipresencial (mixto)<\/li>\n\n\n    \n\n<li>Presencial al 100% en Espa\u00f1a<\/li>\n\n\n<\/ul>\n\n\n\nLos\/as interesados\/as deben contactarnos v\u00eda el email <a href=\"mailto:gted@unican.es\" target=\"_blank\" rel=\"noopener\">gted@unican.es<\/a>; o a trav\u00e9s del formulario de la web del Master <a href=\"https:\/\/www.mastergted.unican.es\" target=\"_blank\" rel=\"noopener\">https:\/\/www.mastergted.unican.es<\/a>\/ , asi tambien pueden consultar m\u00e1s informaci\u00f3n del programa del curso y de las ayudas disponibles.\n\n\n\n<h3>Para m\u00e1s informes contactar<\/h3>\n\n\n\n<strong>Lic. Benicia E. Silvera Franco<\/strong>\n<a href=\"mailto:benisilvera@gmail.com\" target=\"_blank\" rel=\"noopener\">benisilvera@gmail.com<\/a>\n+595 981 939 847\nCoordinaci\u00f3n Movilidad Estudiantil\nFacultad de Ingenier\u00eda \u2013 UNA]]>    \t<\/p>\n","protected":false},"excerpt":{"rendered":"<p>La Coordinaci\u00f3n de Movilidad de la Facultad de Ingenier\u00eda de la Universidad Nacional de Asunci\u00f3n (FIUNA), informa que se encuentra abierta la convocatoria al M\u00e1ster Internacional de Formaci\u00f3n Permanente UC-UIMP en Tecnolog\u00eda, Rehabilitaci\u00f3n y Gesti\u00f3n de la Edificaci\u00f3n 17\u00aa Edici\u00f3n (Curso 2023-24). Inicia el mes de Octubre 2023<\/p>\n","protected":false},"author":1,"featured_media":56847,"comment_status":"open","ping_status":"open","sticky":false,"template":"","format":"standard","meta":{"_bbp_topic_count":0,"_bbp_reply_count":0,"_bbp_total_topic_count":0,"_bbp_total_reply_count":0,"_bbp_voice_count":0,"_bbp_anonymous_reply_count":0,"_bbp_topic_count_hidden":0,"_bbp_reply_count_hidden":0,"_bbp_forum_subforum_count":0,"advanced_seo_description":"","jetpack_seo_html_title":"","jetpack_seo_noindex":false,"jetpack_post_was_ever_published":false,"_jetpack_newsletter_access":"","_jetpack_dont_email_post_to_subs":false,"_jetpack_newsletter_tier_id":0,"_jetpack_memberships_contains_paywalled_content":false,"_jetpack_memberships_contains_paid_content":false,"footnotes":"","jetpack_publicize_message":"","jetpack_publicize_feature_enabled":true,"jetpack_social_post_already_shared":false,"jetpack_social_options":{"image_generator_settings":{"template":"highway","default_image_id":0,"font":"","enabled":false},"version":2}},"categories":[133,149,75],"tags":[201],"class_list":["post-61140","post","type-post","status-publish","format-standard","has-post-thumbnail","hentry","category-becas","category-movilidad","category-noticias","tag-civil"],"jetpack_publicize_connections":[],"jetpack_featured_media_url":"https:\/\/www.ing.una.py\/FIUNA3\/wp-content\/uploads\/2023\/04\/MasterUC-UIMP2023.png","jetpack_shortlink":"https:\/\/wp.me\/pc8Odv-fU8","jetpack_likes_enabled":true,"jetpack_sharing_enabled":true,"jetpack-related-posts":[],"_links":{"self":[{"href":"https:\/\/www.ing.una.py\/FIUNA3\/index.php?rest_route=\/wp\/v2\/posts\/61140","targetHints":{"allow":["GET"]}}],"collection":[{"href":"https:\/\/www.ing.una.py\/FIUNA3\/index.php?rest_route=\/wp\/v2\/posts"}],"about":[{"href":"https:\/\/www.ing.una.py\/FIUNA3\/index.php?rest_route=\/wp\/v2\/types\/post"}],"author":[{"embeddable":true,"href":"https:\/\/www.ing.una.py\/FIUNA3\/index.php?rest_route=\/wp\/v2\/users\/1"}],"replies":[{"embeddable":true,"href":"https:\/\/www.ing.una.py\/FIUNA3\/index.php?rest_route=%2Fwp%2Fv2%2Fcomments&post=61140"}],"version-history":[{"count":1,"href":"https:\/\/www.ing.una.py\/FIUNA3\/index.php?rest_route=\/wp\/v2\/posts\/61140\/revisions"}],"predecessor-version":[{"id":73501,"href":"https:\/\/www.ing.una.py\/FIUNA3\/index.php?rest_route=\/wp\/v2\/posts\/61140\/revisions\/73501"}],"wp:featuredmedia":[{"embeddable":true,"href":"https:\/\/www.ing.una.py\/FIUNA3\/index.php?rest_route=\/wp\/v2\/media\/56847"}],"wp:attachment":[{"href":"https:\/\/www.ing.una.py\/FIUNA3\/index.php?rest_route=%2Fwp%2Fv2%2Fmedia&parent=61140"}],"wp:term":[{"taxonomy":"category","embeddable":true,"href":"https:\/\/www.ing.una.py\/FIUNA3\/index.php?rest_route=%2Fwp%2Fv2%2Fcategories&post=61140"},{"taxonomy":"post_tag","embeddable":true,"href":"https:\/\/www.ing.una.py\/FIUNA3\/index.php?rest_route=%2Fwp%2Fv2%2Ftags&post=61140"}],"curies":[{"name":"wp","href":"https:\/\/api.w.org\/{rel}","templated":true}]}}