{"id":6412,"date":"2013-09-19T13:15:20","date_gmt":"2013-09-19T13:15:20","guid":{"rendered":"http:\/\/www.ing.una.py\/?p=6412"},"modified":"2024-09-18T12:52:49","modified_gmt":"2024-09-18T16:52:49","slug":"ciclo-de-charlas-de-la-fiuna-en-la-etyc","status":"publish","type":"post","link":"https:\/\/www.ing.una.py\/FIUNA3\/?p=6412","title":{"rendered":"Ciclo de Charlas de la FIUNA en la ETyC"},"content":{"rendered":"<p><![CDATA[<strong>La Facultad de Ingenier\u00eda de la Universidad Nacional de Asunci\u00f3n (FIUNA)<\/strong>, desarrollar\u00e1 una serie de charlas en el marco de la <em>XIII Exposici\u00f3n Tecnol\u00f3gica y Cient\u00edfica (ETyC 2013)<\/em>. Las mismas ser\u00e1n los d\u00edas 24 y 25 de setiembre en el Bloque F. Sala 14 del de la Facultad Polit\u00e9cnica de la UNA.\n<!--more-->\n&nbsp;\n\n\n<h3>M\u00e1s informes<\/h3>\n\n\nIng. Juan L. Balsevich\n<strong>Tel\u00e9fono<\/strong> +595 981 746 318\n<strong>@:<\/strong> jlbalsevich@ing.una.py\n\n\n<div class=\"rdn_content-center\">\n\n\n<h2>\u00a0Programaci\u00f3n\u00a0de las charlas<\/h2>\n\n\n\n\n<table width=\"100%\" border=\"0\" cellspacing=\"2\" cellpadding=\"2\" align=\"center\">\n\n\n<tbody>\n\n\n<tr>\n\n\n<td align=\"center\" width=\"158\">\n\n\n<h2><span style=\"color: #800000;\">Disertante<\/span><\/h2>\n\n\n<\/td>\n\n\n\n\n<td align=\"center\" width=\"284\">\n\n\n<h2><span style=\"color: #800000;\">Tema<\/span><\/h2>\n\n\n<\/td>\n\n\n\n\n<td align=\"center\" width=\"57\">\n\n\n<h2><span style=\"color: #800000;\">Fecha<\/span><\/h2>\n\n\n<\/td>\n\n\n\n\n<td align=\"center\" width=\"78\">\n\n\n<h2><span style=\"color: #800000;\">Horario<\/span><\/h2>\n\n\n<\/td>\n\n\n<\/tr>\n\n\n\n\n<tr>\n\n\n<td bgcolor=\"#FFFFE6\" width=\"158\">Ing. Miguel Mendieta<\/td>\n\n\n\n\n<td bgcolor=\"#FFFFE6\" width=\"284\">Image Representati\u00f3n Of Flame From Data Procossing Of An Optical Analyzer Spetrometer<\/td>\n\n\n\n\n<td rowspan=\"2\" align=\"center\" bgcolor=\"#FFFFE6\" width=\"57\">24\/09<\/td>\n\n\n\n\n<td align=\"center\" bgcolor=\"#FFFFE6\" width=\"78\">16:00 a 17:00<\/td>\n\n\n<\/tr>\n\n\n\n\n<tr>\n\n\n<td bgcolor=\"#FFFFE6\" width=\"158\">Ing. Miguel Frutos, Ms.<\/td>\n\n\n\n\n<td bgcolor=\"#FFFFE6\" width=\"284\">Energ\u00eda Solar en Paraguay, Tecnolog\u00edas, Oportunidades y Desaf\u00edos para la Ingenier\u00eda<\/td>\n\n\n\n\n<td align=\"center\" bgcolor=\"#FFFFE6\" width=\"78\">17:00 a 18:00<\/td>\n\n\n<\/tr>\n\n\n\n\n<tr>\n\n\n<td bgcolor=\"#F2F2F2\" width=\"158\">Estudiantes tutorizados por el Ing. Antonio Aquino, Dr.<\/td>\n\n\n\n\n<td bgcolor=\"#F2F2F2\" width=\"284\">Modelaci\u00f3n y soluci\u00f3n de problemas directos e inversos en el Laboratorio de Mec\u00e1nica Computacional de la FIUNA<\/td>\n\n\n\n\n<td rowspan=\"2\" align=\"center\" bgcolor=\"#F2F2F2\" width=\"57\">25\/09<\/td>\n\n\n\n\n<td align=\"center\" bgcolor=\"#F2F2F2\" width=\"78\">16:00 a 17:00<\/td>\n\n\n<\/tr>\n\n\n\n\n<tr>\n\n\n<td bgcolor=\"#F2F2F2\" width=\"158\">Ing. Civil Claudia Legal, Ms.<\/td>\n\n\n\n\n<td bgcolor=\"#F2F2F2\" width=\"284\">Experiencias en Laboratorio con Calor\u00edmetro de Placa Caliente Guardada<\/td>\n\n\n\n\n<td align=\"center\" bgcolor=\"#F2F2F2\" width=\"78\">17:00 a 18:00<\/td>\n\n\n<\/tr>\n\n\n<\/tbody>\n\n\n<\/table>\n\n\n<\/div>\n\n\n\n\n<p style=\"text-align: center;\"><a href=\"http:\/\/www.ing.una.py\/wp-content\/uploads\/2013\/09\/ciclo-de-charla-septimebre.jpg\"><img loading=\"lazy\" decoding=\"async\" data-attachment-id=\"6422\" data-permalink=\"https:\/\/www.ing.una.py\/FIUNA3\/?attachment_id=6422\" data-orig-file=\"https:\/\/www.ing.una.py\/FIUNA3\/wp-content\/uploads\/2013\/09\/ciclo-de-charla-septimebre.jpg\" data-orig-size=\"566,800\" data-comments-opened=\"1\" data-image-meta=\"{&quot;aperture&quot;:&quot;0&quot;,&quot;credit&quot;:&quot;&quot;,&quot;camera&quot;:&quot;&quot;,&quot;caption&quot;:&quot;&quot;,&quot;created_timestamp&quot;:&quot;0&quot;,&quot;copyright&quot;:&quot;&quot;,&quot;focal_length&quot;:&quot;0&quot;,&quot;iso&quot;:&quot;0&quot;,&quot;shutter_speed&quot;:&quot;0&quot;,&quot;title&quot;:&quot;&quot;,&quot;orientation&quot;:&quot;0&quot;}\" data-image-title=\"ciclo-de-charla-septimebre\" data-image-description=\"&lt;p&gt;&lt;![CDATA[]]&gt;    \t&lt;\/p&gt;\n\" data-image-caption=\"\" data-large-file=\"https:\/\/www.ing.una.py\/FIUNA3\/wp-content\/uploads\/2013\/09\/ciclo-de-charla-septimebre.jpg\" class=\"aligncenter  wp-image-6422\" style=\"border: 1px solid gray;\" alt=\"ciclo-de-charla-septimebre\" src=\"http:\/\/www.ing.una.py\/wp-content\/uploads\/2013\/09\/ciclo-de-charla-septimebre.jpg\" width=\"396\" height=\"560\" srcset=\"https:\/\/www.ing.una.py\/FIUNA3\/wp-content\/uploads\/2013\/09\/ciclo-de-charla-septimebre.jpg 566w, https:\/\/www.ing.una.py\/FIUNA3\/wp-content\/uploads\/2013\/09\/ciclo-de-charla-septimebre-212x300.jpg 212w\" sizes=\"auto, (max-width: 396px) 100vw, 396px\" \/><\/a><\/p>\n\n]]>    \t<\/p>\n","protected":false},"excerpt":{"rendered":"<p>La Facultad de Ingenier\u00eda de la Universidad Nacional de Asunci\u00f3n (FIUNA), desarrollar\u00e1 una serie de charlas en el marco de la XIII Exposici\u00f3n Tecnol\u00f3gica y Cient\u00edfica (ETyC 2013). Las mismas ser\u00e1n los d\u00edas 24 y 25 de setiembre en el Bloque F. Sala 14 del de la Facultad Polit\u00e9cnica de la UNA.<\/p>\n","protected":false},"author":1,"featured_media":0,"comment_status":"open","ping_status":"open","sticky":false,"template":"","format":"standard","meta":{"_bbp_topic_count":0,"_bbp_reply_count":0,"_bbp_total_topic_count":0,"_bbp_total_reply_count":0,"_bbp_voice_count":0,"_bbp_anonymous_reply_count":0,"_bbp_topic_count_hidden":0,"_bbp_reply_count_hidden":0,"_bbp_forum_subforum_count":0,"advanced_seo_description":"","jetpack_seo_html_title":"","jetpack_seo_noindex":false,"jetpack_post_was_ever_published":false,"_jetpack_newsletter_access":"","_jetpack_dont_email_post_to_subs":false,"_jetpack_newsletter_tier_id":0,"_jetpack_memberships_contains_paywalled_content":false,"_jetpack_memberships_contains_paid_content":false,"footnotes":"","jetpack_publicize_message":"","jetpack_publicize_feature_enabled":true,"jetpack_social_post_already_shared":false,"jetpack_social_options":{"image_generator_settings":{"template":"highway","default_image_id":0,"font":"","enabled":false},"version":2}},"categories":[89,75],"tags":[118,148],"class_list":["post-6412","post","type-post","status-publish","format-standard","hentry","category-charlas-y-debates","category-noticias","tag-charla","tag-ciclo-de-charlas"],"jetpack_publicize_connections":[],"jetpack_featured_media_url":"","jetpack_shortlink":"https:\/\/wp.me\/pc8Odv-1Fq","jetpack_likes_enabled":true,"jetpack_sharing_enabled":true,"jetpack-related-posts":[],"_links":{"self":[{"href":"https:\/\/www.ing.una.py\/FIUNA3\/index.php?rest_route=\/wp\/v2\/posts\/6412","targetHints":{"allow":["GET"]}}],"collection":[{"href":"https:\/\/www.ing.una.py\/FIUNA3\/index.php?rest_route=\/wp\/v2\/posts"}],"about":[{"href":"https:\/\/www.ing.una.py\/FIUNA3\/index.php?rest_route=\/wp\/v2\/types\/post"}],"author":[{"embeddable":true,"href":"https:\/\/www.ing.una.py\/FIUNA3\/index.php?rest_route=\/wp\/v2\/users\/1"}],"replies":[{"embeddable":true,"href":"https:\/\/www.ing.una.py\/FIUNA3\/index.php?rest_route=%2Fwp%2Fv2%2Fcomments&post=6412"}],"version-history":[{"count":1,"href":"https:\/\/www.ing.una.py\/FIUNA3\/index.php?rest_route=\/wp\/v2\/posts\/6412\/revisions"}],"predecessor-version":[{"id":71313,"href":"https:\/\/www.ing.una.py\/FIUNA3\/index.php?rest_route=\/wp\/v2\/posts\/6412\/revisions\/71313"}],"wp:attachment":[{"href":"https:\/\/www.ing.una.py\/FIUNA3\/index.php?rest_route=%2Fwp%2Fv2%2Fmedia&parent=6412"}],"wp:term":[{"taxonomy":"category","embeddable":true,"href":"https:\/\/www.ing.una.py\/FIUNA3\/index.php?rest_route=%2Fwp%2Fv2%2Fcategories&post=6412"},{"taxonomy":"post_tag","embeddable":true,"href":"https:\/\/www.ing.una.py\/FIUNA3\/index.php?rest_route=%2Fwp%2Fv2%2Ftags&post=6412"}],"curies":[{"name":"wp","href":"https:\/\/api.w.org\/{rel}","templated":true}]}}