{"id":68704,"date":"2024-04-25T15:47:51","date_gmt":"2024-04-25T19:47:51","guid":{"rendered":"https:\/\/www.ing.una.py\/?p=61119"},"modified":"2024-12-04T14:56:52","modified_gmt":"2024-12-04T17:56:52","slug":"se-invita-a-estudiantes-a-participar-de-la-charla-sobre-oportunidades-de-movilidad-en-la-pontificia-universidad-catolica-de-chile%f0%9f%87%a8%f0%9f%87%b1","status":"publish","type":"post","link":"https:\/\/www.ing.una.py\/FIUNA3\/?p=68704","title":{"rendered":"Se invita a estudiantes a participar de la Charla sobre \u00abOportunidades de Movilidad en la Pontificia Universidad Cat\u00f3lica de Chile\u00bb??"},"content":{"rendered":"<p><strong>La Facultad de Ingenier\u00eda de la Universidad Nacional de Asunci\u00f3n (FIUNA)<\/strong>, invita a estudiantes de grado a participar de la<strong> Charla sobre \u00abOportunidades de <span class=\"OYPEnA text-decoration-none text-strikethrough-none\">Movilidad en la Pontificia Universidad Cat\u00f3lica de Chile\u00bb,<\/span><\/strong><span class=\"OYPEnA text-decoration-none text-strikethrough-none\"> que se realizar\u00e1 el lunes 29 de Abril del 2024, a las 16:00 hs, en el Sal\u00f3n auditorio de la Instituci\u00f3n.<\/span><\/p>\n<p>&nbsp;<\/p>\n<p><!--more--><\/p>\n<p>Nos vistan y disertaran sobre el tema; el <strong><span class=\"OYPEnA text-decoration-none text-strikethrough-none\">\u00a0Prof. Dr. Ing. Miguel Torres Torriti, <\/span><\/strong><span class=\"OYPEnA text-decoration-none text-strikethrough-none\">Vicedecano de la <strong>Facultad de Ingenier\u00eda de la Pontificia Universidad Cat\u00f3lica de Chile<\/strong>,\u00a0 el <strong>\u00a0Prof. <\/strong><\/span><span class=\"OYPEnA text-decoration-none text-strikethrough-none\"><strong>Dr. N\u00e9stor Escalona Burgos<\/strong>, <\/span><span class=\"OYPEnA text-decoration-none text-strikethrough-none\">Director de Postgrado y el <strong>\u00a0Prof. <\/strong><\/span><span class=\"OYPEnA text-decoration-none text-strikethrough-none\"><strong>Dr. Julio Pertuz\u00e9 Salas,<\/strong>\u00a0<\/span><span class=\"OYPEnA text-decoration-none text-strikethrough-none\">Director Asociado de Relaciones Internacionales.\u00a0 &#x1f1e8;&#x1f1f1;<\/span><\/p>\n<figure id=\"attachment_61120\" aria-describedby=\"caption-attachment-61120\" style=\"width: 500px\" class=\"wp-caption aligncenter\"><a href=\"http:\/\/www.ing.una.py\/FIUNA3\/wp-content\/uploads\/2024\/04\/Charla-Movilidad-PUC-2024.jpg\"><img loading=\"lazy\" decoding=\"async\" class=\"wp-image-61120\" src=\"http:\/\/www.ing.una.py\/FIUNA3\/wp-content\/uploads\/2024\/04\/Charla-Movilidad-PUC-2024.jpg\" alt=\"\" width=\"500\" height=\"707\" \/><\/a><figcaption id=\"caption-attachment-61120\" class=\"wp-caption-text\">Charla \u00abOportunidades de Movilidad en la Pontificia Universidad Cat\u00f3lica de Chile\u00bb<\/figcaption><\/figure>\n","protected":false},"excerpt":{"rendered":"<p>La Facultad de Ingenier\u00eda de la Universidad Nacional de Asunci\u00f3n (FIUNA), invita a estudiantes de grado a participar de la Charla sobre \u00abOportunidades de Movilidad en la Pontificia Universidad Cat\u00f3lica de Chile\u00bb, que se realizar\u00e1 el lunes 29 de Abril del 2024, a las 16:00 hs, en el Sal\u00f3n auditorio de la Instituci\u00f3n. &nbsp;<\/p>\n","protected":false},"author":1,"featured_media":68276,"comment_status":"open","ping_status":"open","sticky":false,"template":"","format":"standard","meta":{"_bbp_topic_count":0,"_bbp_reply_count":0,"_bbp_total_topic_count":0,"_bbp_total_reply_count":0,"_bbp_voice_count":0,"_bbp_anonymous_reply_count":0,"_bbp_topic_count_hidden":0,"_bbp_reply_count_hidden":0,"_bbp_forum_subforum_count":0,"advanced_seo_description":"","jetpack_seo_html_title":"","jetpack_seo_noindex":false,"jetpack_post_was_ever_published":false,"_jetpack_newsletter_access":"","_jetpack_dont_email_post_to_subs":false,"_jetpack_newsletter_tier_id":0,"_jetpack_memberships_contains_paywalled_content":false,"_jetpack_memberships_contains_paid_content":false,"footnotes":"","jetpack_publicize_message":"","jetpack_publicize_feature_enabled":true,"jetpack_social_post_already_shared":true,"jetpack_social_options":{"image_generator_settings":{"template":"highway","default_image_id":0,"font":"","enabled":false},"version":2}},"categories":[89,887,149],"tags":[],"class_list":["post-68704","post","type-post","status-publish","format-standard","has-post-thumbnail","hentry","category-charlas-y-debates","category-eventos","category-movilidad"],"jetpack_publicize_connections":[],"jetpack_featured_media_url":"https:\/\/www.ing.una.py\/FIUNA3\/wp-content\/uploads\/2024\/04\/Charla-Movilidad-PUC-2024.jpg","jetpack_shortlink":"https:\/\/wp.me\/pc8Odv-hS8","jetpack_likes_enabled":true,"jetpack_sharing_enabled":true,"jetpack-related-posts":[],"_links":{"self":[{"href":"https:\/\/www.ing.una.py\/FIUNA3\/index.php?rest_route=\/wp\/v2\/posts\/68704","targetHints":{"allow":["GET"]}}],"collection":[{"href":"https:\/\/www.ing.una.py\/FIUNA3\/index.php?rest_route=\/wp\/v2\/posts"}],"about":[{"href":"https:\/\/www.ing.una.py\/FIUNA3\/index.php?rest_route=\/wp\/v2\/types\/post"}],"author":[{"embeddable":true,"href":"https:\/\/www.ing.una.py\/FIUNA3\/index.php?rest_route=\/wp\/v2\/users\/1"}],"replies":[{"embeddable":true,"href":"https:\/\/www.ing.una.py\/FIUNA3\/index.php?rest_route=%2Fwp%2Fv2%2Fcomments&post=68704"}],"version-history":[{"count":1,"href":"https:\/\/www.ing.una.py\/FIUNA3\/index.php?rest_route=\/wp\/v2\/posts\/68704\/revisions"}],"predecessor-version":[{"id":69567,"href":"https:\/\/www.ing.una.py\/FIUNA3\/index.php?rest_route=\/wp\/v2\/posts\/68704\/revisions\/69567"}],"wp:featuredmedia":[{"embeddable":true,"href":"https:\/\/www.ing.una.py\/FIUNA3\/index.php?rest_route=\/wp\/v2\/media\/68276"}],"wp:attachment":[{"href":"https:\/\/www.ing.una.py\/FIUNA3\/index.php?rest_route=%2Fwp%2Fv2%2Fmedia&parent=68704"}],"wp:term":[{"taxonomy":"category","embeddable":true,"href":"https:\/\/www.ing.una.py\/FIUNA3\/index.php?rest_route=%2Fwp%2Fv2%2Fcategories&post=68704"},{"taxonomy":"post_tag","embeddable":true,"href":"https:\/\/www.ing.una.py\/FIUNA3\/index.php?rest_route=%2Fwp%2Fv2%2Ftags&post=68704"}],"curies":[{"name":"wp","href":"https:\/\/api.w.org\/{rel}","templated":true}]}}