{"id":68885,"date":"2024-07-31T09:02:08","date_gmt":"2024-07-31T13:02:08","guid":{"rendered":"https:\/\/www.ing.una.py\/?p=62715"},"modified":"2024-12-05T14:07:28","modified_gmt":"2024-12-05T17:07:28","slug":"presento-un-analisis-espacial-de-las-areas-verdes-urbanas-en-el-municipio-de-capiata-durante-el-periodo-de-2000-a-2023","status":"publish","type":"post","link":"https:\/\/www.ing.una.py\/FIUNA3\/?p=68885","title":{"rendered":"Present\u00f3 Trabajo Final de Grado denominado \u00abAn\u00e1lisis Espacial de las \u00c1reas Verdes Urbanas en el Municipio de Capiat\u00e1 durante el Periodo de 2000 a 2023\u00bb"},"content":{"rendered":"<p><strong><em>\u00abAn\u00e1lisis Espacial de las \u00c1reas Verdes Urbanas en el Municipio de Capiat\u00e1 Durante el Periodo de 2000 a 2023<\/em><em>\u00bb<\/em><em>,\u00a0<\/em><\/strong>se denomina el Trabajo Final de Grado (TFG) presentado por la ahora ingeniera <strong>Vilma Dahiana Rodas Ruiz D\u00edaz,<\/strong>\u00a0como prueba final para egresar de la carrera de\u00a0<b>Ingenier\u00eda Geogr\u00e1fica y Ambiental\u00a0<\/b>de la<b> Facultad de Ingenier\u00eda de la Universidad Nacional de Asunci\u00f3n (FIUNA).<\/b> La defensa del trabajo se realiz\u00f3 el pasado viernes 26 de julio de 2024 en la Instituci\u00f3n.<!--more--><\/p>\n<p>Una de las din\u00e1micas territoriales que inciden en la configuraci\u00f3n de los espacios urbanos, en su camino hacia la sostenibilidad, son las \u00e1reas verdes. Su manejo adecuado debe ser una estrategia para hacer nuestras ciudades m\u00e1s habitables, inclusivas y sostenibles. El concepto de \u00e1reas verdes urbanas tiene su origen en el reconocimiento de que \u00e9stas pueden y deben ser manejadas de manera integrada y hol\u00edstica para visibilizar muchos otros beneficios sociales y ambientales, m\u00e1s all\u00e1 del uso recreativo o est\u00e9tico (Sorensen et al., 1997). Originalmente, las \u00e1reas verdes urbanas estaban vinculadas principalmente a las funciones recreativas y paisaj\u00edsticas. Sin embargo, esta visi\u00f3n se ha transformado en los \u00faltimos a\u00f1os, pues los espacios de la naturaleza son necesarios para el mantenimiento eficiente del orden urbano (Centro de Estudios Ambientales, 2014).<\/p>\n<p>El Objetivo de Desarrollo Sostenible (ODS 2030) busca abordar una serie de desaf\u00edos globales incluyendo la erradicaci\u00f3n de la pobreza, la protecci\u00f3n del medio ambiente y el fomento de la prosperidad econ\u00f3mica de manera sostenible. Las infraestructuras verdes desempe\u00f1an un papel importante en la consecuci\u00f3n de varios ODS, especialmente aquellos relacionados con la sostenibilidad urbana, la conservaci\u00f3n del medio ambiente y la adaptaci\u00f3n al cambio clim\u00e1tico. Son una herramienta clave para crear ciudades m\u00e1s sostenibles, resilientes y habitables.<\/p>\n<p>Los municipios son actores claves para lograr el desarrollo sostenible, sin embargo, los recursos disponibles son limitados. Por lo tanto, es importante destinarlos en intervenciones que generen m\u00faltiples beneficios a los ciudadanos y al territorio. En las \u00faltimas d\u00e9cadas, experiencias de diversos municipios alrededor del mundo han demostrado la utilidad y el potencial de la Infraestructura Verde, que es un conjunto de elementos urban\u00edsticos y paisaj\u00edsticos que toman como eje de dise\u00f1o e implementaci\u00f3n a los sistemas de vegetaci\u00f3n, as\u00ed como al manejo eficiente del suelo y agua, de manera a brindar soluciones integrales y efectivas a los problemas urbanos existentes. Por lo tanto, las intervenciones de Infraestructura Verde no solo resuelven un problema puntual, sino que generan adem\u00e1s una serie de beneficios ambientales, econ\u00f3micos y sociales muy concretos.<\/p>\n<p>En el Trabajo Final de Grado presentado se llev\u00f3 a cabo un an\u00e1lisis de las \u00e1reas verdes urbanas del Municipio de Capiat\u00e1, las cuales desempe\u00f1an un papel fundamental en el desarrollo sostenible del ecosistema urbano. Inicialmente, se recopilaron todos los datos e informaciones disponibles acerca de las \u00e1reas verdes del municipio. Posteriormente, estos datos fueron procesados mediante Sistemas de Informaci\u00f3n Geogr\u00e1fica (SIG), lo que permiti\u00f3 una evaluaci\u00f3n detallada y precisa. Finalmente, se realiz\u00f3 un an\u00e1lisis de los resultados obtenidos, proporcionando una visi\u00f3n clara y completa de la situaci\u00f3n actual de las \u00e1reas verdes urbanas en Capiat\u00e1.    \t<\/p>\n","protected":false},"excerpt":{"rendered":"<p>\u00abAn\u00e1lisis Espacial de las \u00c1reas Verdes Urbanas en el Municipio de Capiat\u00e1 Durante el Periodo de 2000 a 2023\u00bb,\u00a0se denomina el Trabajo Final de Grado (TFG) presentado por la ahora ingeniera Vilma Dahiana Rodas Ruiz D\u00edaz,\u00a0como prueba final para egresar de la carrera de\u00a0Ingenier\u00eda Geogr\u00e1fica y Ambiental\u00a0de la Facultad de Ingenier\u00eda de la Universidad Nacional de Asunci\u00f3n (FIUNA). La defensa del trabajo se realiz\u00f3 el pasado viernes 26 de julio de 2024 en la Instituci\u00f3n.<\/p>\n","protected":false},"author":1,"featured_media":69152,"comment_status":"open","ping_status":"open","sticky":false,"template":"","format":"standard","meta":{"_bbp_topic_count":0,"_bbp_reply_count":0,"_bbp_total_topic_count":0,"_bbp_total_reply_count":0,"_bbp_voice_count":0,"_bbp_anonymous_reply_count":0,"_bbp_topic_count_hidden":0,"_bbp_reply_count_hidden":0,"_bbp_forum_subforum_count":0,"advanced_seo_description":"","jetpack_seo_html_title":"","jetpack_seo_noindex":false,"jetpack_post_was_ever_published":false,"_jetpack_newsletter_access":"","_jetpack_dont_email_post_to_subs":false,"_jetpack_newsletter_tier_id":0,"_jetpack_memberships_contains_paywalled_content":false,"_jetpack_memberships_contains_paid_content":false,"footnotes":"","jetpack_publicize_message":"Present\u00f3 un an\u00e1lisis espacial de las \u00c1reas Verdes Urbanas en el Municipio de Capiat\u00e1 durante el periodo de 2000 a 2023","jetpack_publicize_feature_enabled":true,"jetpack_social_post_already_shared":true,"jetpack_social_options":{"image_generator_settings":{"template":"highway","default_image_id":0,"font":"","enabled":false},"version":2}},"categories":[887,75,143],"tags":[413],"class_list":["post-68885","post","type-post","status-publish","format-standard","has-post-thumbnail","hentry","category-eventos","category-noticias","category-tfg","tag-ingenieria-geografica-y-ambiental"],"jetpack_publicize_connections":[],"jetpack_featured_media_url":"https:\/\/www.ing.una.py\/FIUNA3\/wp-content\/uploads\/2024\/07\/DSC_0652-001-scaled-1.jpg","jetpack_shortlink":"https:\/\/wp.me\/pc8Odv-hV3","jetpack_likes_enabled":true,"jetpack_sharing_enabled":true,"jetpack-related-posts":[],"_links":{"self":[{"href":"https:\/\/www.ing.una.py\/FIUNA3\/index.php?rest_route=\/wp\/v2\/posts\/68885","targetHints":{"allow":["GET"]}}],"collection":[{"href":"https:\/\/www.ing.una.py\/FIUNA3\/index.php?rest_route=\/wp\/v2\/posts"}],"about":[{"href":"https:\/\/www.ing.una.py\/FIUNA3\/index.php?rest_route=\/wp\/v2\/types\/post"}],"author":[{"embeddable":true,"href":"https:\/\/www.ing.una.py\/FIUNA3\/index.php?rest_route=\/wp\/v2\/users\/1"}],"replies":[{"embeddable":true,"href":"https:\/\/www.ing.una.py\/FIUNA3\/index.php?rest_route=%2Fwp%2Fv2%2Fcomments&post=68885"}],"version-history":[{"count":1,"href":"https:\/\/www.ing.una.py\/FIUNA3\/index.php?rest_route=\/wp\/v2\/posts\/68885\/revisions"}],"predecessor-version":[{"id":73842,"href":"https:\/\/www.ing.una.py\/FIUNA3\/index.php?rest_route=\/wp\/v2\/posts\/68885\/revisions\/73842"}],"wp:featuredmedia":[{"embeddable":true,"href":"https:\/\/www.ing.una.py\/FIUNA3\/index.php?rest_route=\/wp\/v2\/media\/69152"}],"wp:attachment":[{"href":"https:\/\/www.ing.una.py\/FIUNA3\/index.php?rest_route=%2Fwp%2Fv2%2Fmedia&parent=68885"}],"wp:term":[{"taxonomy":"category","embeddable":true,"href":"https:\/\/www.ing.una.py\/FIUNA3\/index.php?rest_route=%2Fwp%2Fv2%2Fcategories&post=68885"},{"taxonomy":"post_tag","embeddable":true,"href":"https:\/\/www.ing.una.py\/FIUNA3\/index.php?rest_route=%2Fwp%2Fv2%2Ftags&post=68885"}],"curies":[{"name":"wp","href":"https:\/\/api.w.org\/{rel}","templated":true}]}}