{"id":6929,"date":"2013-10-29T22:20:29","date_gmt":"2013-10-29T22:20:29","guid":{"rendered":"http:\/\/www.ing.una.py\/?p=6929"},"modified":"2024-12-04T14:59:18","modified_gmt":"2024-12-04T17:59:18","slug":"conferencia-magistral-caracterizacion-experimental-y-numerica-de-la-combustion-del-biodiesel-en-un-quemador-a-contra-corriente","status":"publish","type":"post","link":"https:\/\/www.ing.una.py\/FIUNA3\/?p=6929","title":{"rendered":"Conferencia Magistral &quot;Caracterizaci\u00f3n experimental y num\u00e9rica de la combusti\u00f3n del biodiesel en un quemador a contra-corriente&quot;"},"content":{"rendered":"<p><![CDATA[<strong>D\u00eda:<\/strong> mi\u00e9rcoles 30 de octubre del 2013\n<strong>Hora:<\/strong> 16:00 a 18:00\n<strong>Lugar:<\/strong> Sal\u00f3n Auditorio del Edif. Enzo Debernardi<!--more-->\nEl Dr. Dar\u00edo Alviso disertar\u00e1 sobre la<em> \u00abCaracterizaci\u00f3n experimental y num\u00e9rica de la combusti\u00f3n del biodiesel en un quemador a contra-corriente\u00bb<\/em> tema desarrollado como tesis doctoral en cotutela entre la<strong> Escuela Central de Par\u00eds<\/strong> y la <strong>Facultad de Ingenier\u00eda de la Universidad Nacional de Asunci\u00f3n (FIUNA).<\/strong>\nLa asistencia de estudiantes de la FIUNA ser\u00e1 reconocida con Cr\u00e9ditos de Extensi\u00f3n Universitaria.\n&nbsp;\n\n\n<p style=\"text-align: center;\"><a href=\"http:\/\/www.ing.una.py\/wp-content\/uploads\/2013\/10\/Afiche-Conferencia-Dr.-Dar\u00edo-Alviso.jpg\"><img loading=\"lazy\" decoding=\"async\" data-attachment-id=\"6930\" data-permalink=\"https:\/\/www.ing.una.py\/FIUNA3\/?attachment_id=6930\" data-orig-file=\"https:\/\/www.ing.una.py\/FIUNA3\/wp-content\/uploads\/2013\/10\/Afiche-Conferencia-Dr.-Dar\u00edo-Alviso.jpg\" data-orig-size=\"679,960\" data-comments-opened=\"1\" data-image-meta=\"{&quot;aperture&quot;:&quot;0&quot;,&quot;credit&quot;:&quot;&quot;,&quot;camera&quot;:&quot;&quot;,&quot;caption&quot;:&quot;&quot;,&quot;created_timestamp&quot;:&quot;0&quot;,&quot;copyright&quot;:&quot;&quot;,&quot;focal_length&quot;:&quot;0&quot;,&quot;iso&quot;:&quot;0&quot;,&quot;shutter_speed&quot;:&quot;0&quot;,&quot;title&quot;:&quot;&quot;,&quot;orientation&quot;:&quot;0&quot;}\" data-image-title=\"Afiche Conferencia Dr. Dar\u00edo Alviso\" data-image-description=\"&lt;p&gt;&lt;![CDATA[]]&gt;    \t&lt;\/p&gt;\n\" data-image-caption=\"\" data-large-file=\"https:\/\/www.ing.una.py\/FIUNA3\/wp-content\/uploads\/2013\/10\/Afiche-Conferencia-Dr.-Dar\u00edo-Alviso.jpg\" class=\"aligncenter  wp-image-6930\" style=\"border: 1px solid gray;\" alt=\"Afiche Conferencia Dr. Dar\u00edo Alviso\" src=\"http:\/\/www.ing.una.py\/wp-content\/uploads\/2013\/10\/Afiche-Conferencia-Dr.-Dar\u00edo-Alviso.jpg\" width=\"407\" height=\"576\" srcset=\"https:\/\/www.ing.una.py\/FIUNA3\/wp-content\/uploads\/2013\/10\/Afiche-Conferencia-Dr.-Dar\u00edo-Alviso.jpg 679w, https:\/\/www.ing.una.py\/FIUNA3\/wp-content\/uploads\/2013\/10\/Afiche-Conferencia-Dr.-Dar\u00edo-Alviso-212x300.jpg 212w\" sizes=\"auto, (max-width: 407px) 100vw, 407px\" \/><\/a><\/p>\n\n]]>    \t<\/p>\n","protected":false},"excerpt":{"rendered":"<p>D\u00eda: mi\u00e9rcoles 30 de octubre del 2013 Hora: 16:00 a 18:00 Lugar: Sal\u00f3n Auditorio del Edif. Enzo Debernardi<\/p>\n","protected":false},"author":1,"featured_media":0,"comment_status":"open","ping_status":"open","sticky":false,"template":"","format":"standard","meta":{"_bbp_topic_count":0,"_bbp_reply_count":0,"_bbp_total_topic_count":0,"_bbp_total_reply_count":0,"_bbp_voice_count":0,"_bbp_anonymous_reply_count":0,"_bbp_topic_count_hidden":0,"_bbp_reply_count_hidden":0,"_bbp_forum_subforum_count":0,"advanced_seo_description":"","jetpack_seo_html_title":"","jetpack_seo_noindex":false,"jetpack_post_was_ever_published":false,"_jetpack_newsletter_access":"","_jetpack_dont_email_post_to_subs":false,"_jetpack_newsletter_tier_id":0,"_jetpack_memberships_contains_paywalled_content":false,"_jetpack_memberships_contains_paid_content":false,"footnotes":"","jetpack_publicize_message":"","jetpack_publicize_feature_enabled":true,"jetpack_social_post_already_shared":true,"jetpack_social_options":{"image_generator_settings":{"template":"highway","default_image_id":0,"font":"","enabled":false},"version":2}},"categories":[90,887],"tags":[118,127],"class_list":["post-6929","post","type-post","status-publish","format-standard","hentry","category-conferencia-magistral","category-eventos","tag-charla","tag-conferencia"],"jetpack_publicize_connections":[],"jetpack_featured_media_url":"","jetpack_shortlink":"https:\/\/wp.me\/pc8Odv-1NL","jetpack_likes_enabled":true,"jetpack_sharing_enabled":true,"jetpack-related-posts":[],"_links":{"self":[{"href":"https:\/\/www.ing.una.py\/FIUNA3\/index.php?rest_route=\/wp\/v2\/posts\/6929","targetHints":{"allow":["GET"]}}],"collection":[{"href":"https:\/\/www.ing.una.py\/FIUNA3\/index.php?rest_route=\/wp\/v2\/posts"}],"about":[{"href":"https:\/\/www.ing.una.py\/FIUNA3\/index.php?rest_route=\/wp\/v2\/types\/post"}],"author":[{"embeddable":true,"href":"https:\/\/www.ing.una.py\/FIUNA3\/index.php?rest_route=\/wp\/v2\/users\/1"}],"replies":[{"embeddable":true,"href":"https:\/\/www.ing.una.py\/FIUNA3\/index.php?rest_route=%2Fwp%2Fv2%2Fcomments&post=6929"}],"version-history":[{"count":1,"href":"https:\/\/www.ing.una.py\/FIUNA3\/index.php?rest_route=\/wp\/v2\/posts\/6929\/revisions"}],"predecessor-version":[{"id":71436,"href":"https:\/\/www.ing.una.py\/FIUNA3\/index.php?rest_route=\/wp\/v2\/posts\/6929\/revisions\/71436"}],"wp:attachment":[{"href":"https:\/\/www.ing.una.py\/FIUNA3\/index.php?rest_route=%2Fwp%2Fv2%2Fmedia&parent=6929"}],"wp:term":[{"taxonomy":"category","embeddable":true,"href":"https:\/\/www.ing.una.py\/FIUNA3\/index.php?rest_route=%2Fwp%2Fv2%2Fcategories&post=6929"},{"taxonomy":"post_tag","embeddable":true,"href":"https:\/\/www.ing.una.py\/FIUNA3\/index.php?rest_route=%2Fwp%2Fv2%2Ftags&post=6929"}],"curies":[{"name":"wp","href":"https:\/\/api.w.org\/{rel}","templated":true}]}}