{"id":73425,"date":"2024-11-27T09:06:03","date_gmt":"2024-11-27T13:06:03","guid":{"rendered":"https:\/\/www.ing.una.py\/?p=64643"},"modified":"2024-12-05T14:18:05","modified_gmt":"2024-12-05T17:18:05","slug":"nueva-fecha-te-esperamos-en-el-gisday-2024","status":"publish","type":"post","link":"https:\/\/www.ing.una.py\/FIUNA3\/?p=73425","title":{"rendered":"Nueva fecha | Te esperamos en el GISDAY 2024!"},"content":{"rendered":"<p>El\u00a0<strong>VII Seminario de SIG por el GIS DAY vuelve a la Facultad de Ingenier\u00eda de la Universidad Nacional de Asunci\u00f3n (FIUNA)<\/strong> y se realizar\u00e1 el d\u00eda mi\u00e9rcoles <strong>04 de Diciembre<\/strong>\u00a0del corriente\u00a0<strong>desde las 17:00, en el Sal\u00f3n auditorio de la FIUNA,<\/strong>\u00a0Campus de la UNA, San Lorenzo.\u00a0El evento de este a\u00f1o con el slogan\u00a0<em>\u00abGIS en acci\u00f3n: gestionando recursos y construyendo futuro\u00bb\u00a0<\/em>busca informar al p\u00fablico sobre los trabajos e investigaciones realizados en la Facultad de Ingenier\u00eda. Fomentando as\u00ed el uso de los Sistemas de Informaci\u00f3n Geogr\u00e1fica en la gesti\u00f3n de los distintos recursos.<!--more--><span id=\"more-64582\"><\/span><\/p>\n<p>Acceso libre a todos los interesados. Se sortear\u00e1n licencias de Arcamp y tendr\u00e1 puntos de Extensi\u00f3n.<\/p>\n<h3>Descubriendo el mundo a trav\u00e9s de\u00a0GIS<\/h3>\n<p>El primer\u00a0<strong>D\u00eda GIS<\/strong>\u00a0formal tuvo lugar en 1999. El presidente y cofundador de Esri, Jack Dangermond, reconoce a Ralph Nader como la persona que inspir\u00f3 la creaci\u00f3n del D\u00eda GIS. Nader consider\u00f3 el D\u00eda GIS como una buena iniciativa para que las personas aprendieran sobre geograf\u00eda y los usos de GIS, y quer\u00eda que el D\u00eda GIS fuera un esfuerzo de base abierto a todos.<\/p>\n<p>El\u00a0<strong>GIS Day<\/strong>\u00a0no es solo un evento, es un movimiento global. El d\u00eda de GIS re\u00fane a universidades, agencias gubernamentales, escuelas, organizaciones sin fines de lucro y profesionales de GIS para desarrollar el conocimiento de GIS en sus comunidades y crear comprensi\u00f3n sobre el mundo en el que vivimos. El GIS Day sucede porque tienes pasi\u00f3n por el pensamiento geoespacial . A trav\u00e9s de su evento, se planta una semilla que aumenta la comprensi\u00f3n de SIG en su comunidad y en todo el mundo.    \t<\/p>\n","protected":false},"excerpt":{"rendered":"<p>El\u00a0VII Seminario de SIG por el GIS DAY vuelve a la Facultad de Ingenier\u00eda de la Universidad Nacional de Asunci\u00f3n (FIUNA) y se realizar\u00e1 el d\u00eda mi\u00e9rcoles 04 de Diciembre\u00a0del corriente\u00a0desde las 17:00, en el Sal\u00f3n auditorio de la FIUNA,\u00a0Campus de la UNA, San Lorenzo.\u00a0El evento de este a\u00f1o con el slogan\u00a0\u00abGIS en acci\u00f3n: gestionando recursos y construyendo futuro\u00bb\u00a0busca informar al p\u00fablico sobre los trabajos e investigaciones realizados en la Facultad de Ingenier\u00eda. Fomentando as\u00ed el uso de los Sistemas de Informaci\u00f3n Geogr\u00e1fica en la gesti\u00f3n de los distintos recursos.<\/p>\n","protected":false},"author":1,"featured_media":73349,"comment_status":"open","ping_status":"open","sticky":false,"template":"","format":"standard","meta":{"_bbp_topic_count":0,"_bbp_reply_count":0,"_bbp_total_topic_count":0,"_bbp_total_reply_count":0,"_bbp_voice_count":0,"_bbp_anonymous_reply_count":0,"_bbp_topic_count_hidden":0,"_bbp_reply_count_hidden":0,"_bbp_forum_subforum_count":0,"advanced_seo_description":"","jetpack_seo_html_title":"","jetpack_seo_noindex":false,"jetpack_post_was_ever_published":false,"_jetpack_newsletter_access":"","_jetpack_dont_email_post_to_subs":false,"_jetpack_newsletter_tier_id":0,"_jetpack_memberships_contains_paywalled_content":false,"_jetpack_memberships_contains_paid_content":false,"footnotes":"","jetpack_publicize_message":"","jetpack_publicize_feature_enabled":true,"jetpack_social_post_already_shared":true,"jetpack_social_options":{"image_generator_settings":{"template":"highway","default_image_id":0,"font":"","enabled":false},"version":2}},"categories":[887,122],"tags":[743,413],"class_list":["post-73425","post","type-post","status-publish","format-standard","has-post-thumbnail","hentry","category-eventos","category-seminarios","tag-gis-day","tag-ingenieria-geografica-y-ambiental"],"jetpack_publicize_connections":[],"jetpack_featured_media_url":"https:\/\/www.ing.una.py\/FIUNA3\/wp-content\/uploads\/2024\/11\/GISDAY-2024-cambio-1.jpg","jetpack_shortlink":"https:\/\/wp.me\/pc8Odv-j6h","jetpack_likes_enabled":true,"jetpack_sharing_enabled":true,"jetpack-related-posts":[],"_links":{"self":[{"href":"https:\/\/www.ing.una.py\/FIUNA3\/index.php?rest_route=\/wp\/v2\/posts\/73425","targetHints":{"allow":["GET"]}}],"collection":[{"href":"https:\/\/www.ing.una.py\/FIUNA3\/index.php?rest_route=\/wp\/v2\/posts"}],"about":[{"href":"https:\/\/www.ing.una.py\/FIUNA3\/index.php?rest_route=\/wp\/v2\/types\/post"}],"author":[{"embeddable":true,"href":"https:\/\/www.ing.una.py\/FIUNA3\/index.php?rest_route=\/wp\/v2\/users\/1"}],"replies":[{"embeddable":true,"href":"https:\/\/www.ing.una.py\/FIUNA3\/index.php?rest_route=%2Fwp%2Fv2%2Fcomments&post=73425"}],"version-history":[{"count":1,"href":"https:\/\/www.ing.una.py\/FIUNA3\/index.php?rest_route=\/wp\/v2\/posts\/73425\/revisions"}],"predecessor-version":[{"id":74157,"href":"https:\/\/www.ing.una.py\/FIUNA3\/index.php?rest_route=\/wp\/v2\/posts\/73425\/revisions\/74157"}],"wp:featuredmedia":[{"embeddable":true,"href":"https:\/\/www.ing.una.py\/FIUNA3\/index.php?rest_route=\/wp\/v2\/media\/73349"}],"wp:attachment":[{"href":"https:\/\/www.ing.una.py\/FIUNA3\/index.php?rest_route=%2Fwp%2Fv2%2Fmedia&parent=73425"}],"wp:term":[{"taxonomy":"category","embeddable":true,"href":"https:\/\/www.ing.una.py\/FIUNA3\/index.php?rest_route=%2Fwp%2Fv2%2Fcategories&post=73425"},{"taxonomy":"post_tag","embeddable":true,"href":"https:\/\/www.ing.una.py\/FIUNA3\/index.php?rest_route=%2Fwp%2Fv2%2Ftags&post=73425"}],"curies":[{"name":"wp","href":"https:\/\/api.w.org\/{rel}","templated":true}]}}