{"id":7950,"date":"2014-02-20T18:46:31","date_gmt":"2014-02-20T18:46:31","guid":{"rendered":"http:\/\/www.ing.una.py\/?p=7950"},"modified":"2025-07-11T12:49:24","modified_gmt":"2025-07-11T15:49:24","slug":"foro-energetico-sobre-el-tratado-de-yacyreta","status":"publish","type":"post","link":"https:\/\/www.ing.una.py\/FIUNA3\/?p=7950","title":{"rendered":"Foro Energ\u00e9tico sobre el Tratado de Yacyret\u00e1"},"content":{"rendered":"<p><![CDATA[El pr\u00f3ximo lunes 24 hasta al jueves 27 de febrero, se desarrollar\u00e1 <em>\u201cForo Energ\u00e9tico de An\u00e1lisis y Propuestas, a 40 a\u00f1os del Tratado de Yacyret\u00e1\u201d<\/em>, ser\u00e1 todos los d\u00edas a las 09:00 en la Sala Bicameral del Congreso Nacional.<!--more-->\nEl Decano de la <strong>Facultad de Ingenier\u00eda de la Universidad Nacional de Asunci\u00f3n (FIUNA)<\/strong>, <em>Prof. Ing. Isacio Vallejos Aquino<\/em>, fue invitado como experto en temas energ\u00e9ticos y ser\u00e1 uno de los disertantes de la jornada del mi\u00e9rcoles 26 de febrero.\nEl Foro Energ\u00e9tico fue declarado de Inter\u00e9s Nacional por la Comisi\u00f3n Permanente del Congreso Nacional, mediante Resoluci\u00f3n N\u00b0 19 del pasado 22 de enero, y busca presentar los aspectos pol\u00edticos, t\u00e9cnicos, econ\u00f3micos y financieros de la Entidad Binacional Yacyret\u00e1 (EBY), tanto en el contexto hist\u00f3rico como en el actual.\nEl evento tendr\u00e1 como disertantes destacados a los ex presidentes de la Rep\u00fablica, ex Directores de la EBY, Profesionales especializados en el tema energ\u00e9tico, as\u00ed como a L\u00edderes de los Partidos Pol\u00edticos con representaci\u00f3n parlamentaria.\nLas conclusiones de este Foro servir\u00e1n para definir propuestas a ser remitidas para su consideraci\u00f3n a la Canciller\u00eda nacional, como un aporte del Poder Legislativo en el marco de la revisi\u00f3n del Tratado.\nTodas las personas interesadas pueden participar del evento y se expedir\u00e1n certificados de participaci\u00f3n, seg\u00fan informan los organizadores.\n&nbsp;]]>    \t<\/p>\n","protected":false},"excerpt":{"rendered":"<p>\u201cForo Energ\u00e9tico de An\u00e1lisis y Propuestas, a 40 a\u00f1os del Tratado de Yacyret\u00e1\u201d, ser\u00e1 todos los d\u00edas a las 09:00 en la Sala Bicameral del Congreso Nacional.<\/p>\n","protected":false},"author":1,"featured_media":7951,"comment_status":"open","ping_status":"open","sticky":false,"template":"","format":"standard","meta":{"_bbp_topic_count":0,"_bbp_reply_count":0,"_bbp_total_topic_count":0,"_bbp_total_reply_count":0,"_bbp_voice_count":0,"_bbp_anonymous_reply_count":0,"_bbp_topic_count_hidden":0,"_bbp_reply_count_hidden":0,"_bbp_forum_subforum_count":0,"advanced_seo_description":"","jetpack_seo_html_title":"","jetpack_seo_noindex":false,"jetpack_post_was_ever_published":false,"_jetpack_newsletter_access":"","_jetpack_dont_email_post_to_subs":false,"_jetpack_newsletter_tier_id":0,"_jetpack_memberships_contains_paywalled_content":false,"_jetpack_memberships_contains_paid_content":false,"footnotes":"","jetpack_publicize_message":"","jetpack_publicize_feature_enabled":true,"jetpack_social_post_already_shared":true,"jetpack_social_options":{"image_generator_settings":{"template":"highway","default_image_id":0,"font":"","enabled":false},"version":2}},"categories":[90,887,916],"tags":[387,210],"class_list":["post-7950","post","type-post","status-publish","format-standard","has-post-thumbnail","hentry","category-conferencia-magistral","category-eventos","category-foro","tag-foro-energetico","tag-yacyreta"],"jetpack_publicize_connections":[],"jetpack_featured_media_url":"https:\/\/www.ing.una.py\/FIUNA3\/wp-content\/uploads\/2014\/02\/represa-yacyreta.jpg","jetpack_shortlink":"https:\/\/wp.me\/pc8Odv-24e","jetpack_likes_enabled":true,"jetpack_sharing_enabled":true,"jetpack-related-posts":[],"_links":{"self":[{"href":"https:\/\/www.ing.una.py\/FIUNA3\/index.php?rest_route=\/wp\/v2\/posts\/7950","targetHints":{"allow":["GET"]}}],"collection":[{"href":"https:\/\/www.ing.una.py\/FIUNA3\/index.php?rest_route=\/wp\/v2\/posts"}],"about":[{"href":"https:\/\/www.ing.una.py\/FIUNA3\/index.php?rest_route=\/wp\/v2\/types\/post"}],"author":[{"embeddable":true,"href":"https:\/\/www.ing.una.py\/FIUNA3\/index.php?rest_route=\/wp\/v2\/users\/1"}],"replies":[{"embeddable":true,"href":"https:\/\/www.ing.una.py\/FIUNA3\/index.php?rest_route=%2Fwp%2Fv2%2Fcomments&post=7950"}],"version-history":[{"count":1,"href":"https:\/\/www.ing.una.py\/FIUNA3\/index.php?rest_route=\/wp\/v2\/posts\/7950\/revisions"}],"predecessor-version":[{"id":71377,"href":"https:\/\/www.ing.una.py\/FIUNA3\/index.php?rest_route=\/wp\/v2\/posts\/7950\/revisions\/71377"}],"wp:featuredmedia":[{"embeddable":true,"href":"https:\/\/www.ing.una.py\/FIUNA3\/index.php?rest_route=\/wp\/v2\/media\/7951"}],"wp:attachment":[{"href":"https:\/\/www.ing.una.py\/FIUNA3\/index.php?rest_route=%2Fwp%2Fv2%2Fmedia&parent=7950"}],"wp:term":[{"taxonomy":"category","embeddable":true,"href":"https:\/\/www.ing.una.py\/FIUNA3\/index.php?rest_route=%2Fwp%2Fv2%2Fcategories&post=7950"},{"taxonomy":"post_tag","embeddable":true,"href":"https:\/\/www.ing.una.py\/FIUNA3\/index.php?rest_route=%2Fwp%2Fv2%2Ftags&post=7950"}],"curies":[{"name":"wp","href":"https:\/\/api.w.org\/{rel}","templated":true}]}}