{"id":80995,"date":"2025-09-04T12:17:32","date_gmt":"2025-09-04T15:17:32","guid":{"rendered":"https:\/\/www.ing.una.py\/FIUNA3\/?p=80995"},"modified":"2025-09-04T12:25:15","modified_gmt":"2025-09-04T15:25:15","slug":"la-pontificia-universidad-catolica-de-valparaiso-otorgo-un-merecido-reconocimiento-al-prof-ing-carlos-peralta-por-su-aporte-a-la-ingenieria-industrial","status":"publish","type":"post","link":"https:\/\/www.ing.una.py\/FIUNA3\/?p=80995","title":{"rendered":"La Pontificia Universidad Cat\u00f3lica de Valpara\u00edso otorg\u00f3 un merecido reconocimiento al Prof. Ing. Carlos Peralta por su aporte a la Ingenier\u00eda Industrial"},"content":{"rendered":"<p><strong>La Pontificia Universidad Cat\u00f3lica de Valpara\u00edso (PUCV)<\/strong> de Chile, otorg\u00f3 la \u00abMedalla Centenario\u00bb al <strong>profesor Carlos Peralta<\/strong>, ingeniero industrial de la <strong>Facultad de Ingenier\u00eda de la Universidad Nacional de Asunci\u00f3n (FIUNA),<\/strong> en reconocimiento a su extensa trayectoria acad\u00e9mica y a la colaboraci\u00f3n que ha mantenido con dicha instituci\u00f3n por m\u00e1s de tres d\u00e9cadas.<!--more--><\/p>\n<p>La ceremonia fue encabezada por el rector Nelson V\u00e1zquez y la directora de la Escuela de Ingenier\u00eda Industrial, Jimena Pascual, quienes realizaron la entrega de esta distinci\u00f3n, considerada el m\u00e1ximo galard\u00f3n que confiere la Universidad.<\/p>\n<h4>Un lazo acad\u00e9mico de m\u00e1s de 30 a\u00f1os<\/h4>\n<p>El profesor Peralta ha dedicado su carrera a fortalecer la educaci\u00f3n superior y la competitividad empresarial en Paraguay y la regi\u00f3n. Desde 2005, ha sido pieza clave en la creaci\u00f3n y consolidaci\u00f3n del\u00a0<a href=\"https:\/\/www.ing.una.py\/FIUNA3\/?page_id=1279\">Mag\u00edster en Ingenier\u00eda Industrial, menci\u00f3n Gesti\u00f3n de la Producci\u00f3n<\/a>, programa impartido conjuntamente por la Facultad de Ingenier\u00eda de la UNA y la PUCV.<\/p>\n<p>Gracias a este v\u00ednculo, el mag\u00edster ha desarrollado 11 ediciones, con m\u00e1s 75 egresados, formando profesionales que han contribuido al crecimiento de la industria y la gesti\u00f3n en ambas naciones. Actualmente, se encuentra en marcha la edici\u00f3n n\u00famero 12.<\/p>\n<blockquote><p><em>\u201cMe siento de la casa desde hace muchos a\u00f1os. Este relacionamiento comenz\u00f3 en 1992 y nos ha permitido formar un capital humano muy \u00fatil para que Paraguay diera pasos hacia la competitividad industrial\u201d<\/em>, se\u00f1al\u00f3 el acad\u00e9mico al recibir la condecoraci\u00f3n.<\/p><\/blockquote>\n<h4>Formaci\u00f3n con compromiso social<\/h4>\n<p>Durante su discurso, Peralta record\u00f3 los inicios de la colaboraci\u00f3n entre las universidades, una \u00e9poca en que su pa\u00eds enfrentaba grandes desaf\u00edos tras d\u00e9cadas de estancamiento industrial. Destac\u00f3 que el mag\u00edster no solo entreg\u00f3 herramientas t\u00e9cnicas, sino que tambi\u00e9n foment\u00f3 una formaci\u00f3n de profesionales con conciencia social.<\/p>\n<blockquote><p>\u201c<em>El modelo de desarrollo del Paraguay est\u00e1 caminando muy lentamente, pero de manera sostenida hacia una mejor distribuci\u00f3n de la riqueza. En ese sentido, enlazarnos con una universidad cat\u00f3lica como la PUCV ha sido muy importante, porque aporta una tradici\u00f3n \u00e9tica y social que fortalece este proceso\u201d<\/em>, a\u00f1adi\u00f3.<\/p><\/blockquote>\n<h4>Mirada al futuro<\/h4>\n<p>En su calidad de <strong>director del Mag\u00edster en Ingenier\u00eda Industrial de la FIUNA<\/strong>, el acad\u00e9mico subray\u00f3 que la colaboraci\u00f3n entre Chile y Paraguay se proyecta hacia nuevos desaf\u00edos, especialmente en materia de investigaci\u00f3n conjunta y vinculaci\u00f3n con empresas de ambos pa\u00edses.<\/p>\n<blockquote><p><em>\u201cEstamos convencidos de que nuestras universidades deben ser protagonistas en los procesos de integraci\u00f3n econ\u00f3mica y social que se vienen, especialmente con la infraestructura del Corredor Bioce\u00e1nico, que abrir\u00e1 nuevas oportunidades para la regi\u00f3n\u201d<\/em>, puntualiz\u00f3.<\/p><\/blockquote>\n<p>Con esta distinci\u00f3n, la PUCV no solo reconoce la trayectoria de un acad\u00e9mico internacional, sino tambi\u00e9n la construcci\u00f3n de puentes de cooperaci\u00f3n y desarrollo que fortalecen la misi\u00f3n universitaria con un enfoque global.<\/p>\n<p><strong>Por Daniela Lorca,\u00a0<\/strong>Direcci\u00f3n de Comunicaci\u00f3n Estrat\u00e9gica<br \/>\n<strong>Fuente:<\/strong> <a href=\"https:\/\/www.pucv.cl\/pucv\/noticias\/primera-persona\/profesor-carlos-peralta-recibe-la-medalla-centenario-por-su-aporte-a-la\" target=\"_blank\" rel=\"noopener\">https:\/\/www.pucv.cl<\/a><\/p>\n<div data-carousel-extra='{&quot;blog_id&quot;:1,&quot;permalink&quot;:&quot;https:\/\/www.ing.una.py\/FIUNA3\/?p=80995&quot;}' id='gallery-1' class='gallery galleryid-80995 gallery-columns-3 gallery-size-medium'><figure class='gallery-item'>\n\t\t\t<div class='gallery-icon portrait'>\n\t\t\t\t<a href='https:\/\/www.ing.una.py\/FIUNA3\/wp-content\/uploads\/2025\/09\/Medalla.png.jpg'><img loading=\"lazy\" decoding=\"async\" width=\"208\" height=\"300\" src=\"https:\/\/www.ing.una.py\/FIUNA3\/wp-content\/uploads\/2025\/09\/Medalla.png-208x300.jpg\" class=\"attachment-medium size-medium\" alt=\"\" srcset=\"https:\/\/www.ing.una.py\/FIUNA3\/wp-content\/uploads\/2025\/09\/Medalla.png-208x300.jpg 208w, https:\/\/www.ing.una.py\/FIUNA3\/wp-content\/uploads\/2025\/09\/Medalla.png-710x1024.jpg 710w, https:\/\/www.ing.una.py\/FIUNA3\/wp-content\/uploads\/2025\/09\/Medalla.png-768x1107.jpg 768w, https:\/\/www.ing.una.py\/FIUNA3\/wp-content\/uploads\/2025\/09\/Medalla.png.jpg 827w\" sizes=\"auto, (max-width: 208px) 100vw, 208px\" data-attachment-id=\"80998\" data-permalink=\"https:\/\/www.ing.una.py\/FIUNA3\/?attachment_id=80998\" data-orig-file=\"https:\/\/www.ing.una.py\/FIUNA3\/wp-content\/uploads\/2025\/09\/Medalla.png.jpg\" data-orig-size=\"827,1192\" data-comments-opened=\"1\" data-image-meta=\"{&quot;aperture&quot;:&quot;0&quot;,&quot;credit&quot;:&quot;Picasa&quot;,&quot;camera&quot;:&quot;&quot;,&quot;caption&quot;:&quot;&quot;,&quot;created_timestamp&quot;:&quot;1756994452&quot;,&quot;copyright&quot;:&quot;&quot;,&quot;focal_length&quot;:&quot;0&quot;,&quot;iso&quot;:&quot;0&quot;,&quot;shutter_speed&quot;:&quot;0&quot;,&quot;title&quot;:&quot;&quot;,&quot;orientation&quot;:&quot;0&quot;}\" data-image-title=\"La Pontificia Universidad Cat\u00f3lica de Valpara\u00edso otorg\u00f3 un merecido reconocimiento al Prof. Ing. Carlos Peralta por su aporte a la Ingenier\u00eda Industrial\" data-image-description=\"\" data-image-caption=\"\" data-large-file=\"https:\/\/www.ing.una.py\/FIUNA3\/wp-content\/uploads\/2025\/09\/Medalla.png-710x1024.jpg\" \/><\/a>\n\t\t\t<\/div><\/figure><figure class='gallery-item'>\n\t\t\t<div class='gallery-icon landscape'>\n\t\t\t\t<a href='https:\/\/www.ing.una.py\/FIUNA3\/wp-content\/uploads\/2025\/09\/foto_0000003020250903161252.jpg'><img loading=\"lazy\" decoding=\"async\" width=\"300\" height=\"200\" src=\"https:\/\/www.ing.una.py\/FIUNA3\/wp-content\/uploads\/2025\/09\/foto_0000003020250903161252-300x200.jpg\" class=\"attachment-medium size-medium\" alt=\"\" srcset=\"https:\/\/www.ing.una.py\/FIUNA3\/wp-content\/uploads\/2025\/09\/foto_0000003020250903161252-300x200.jpg 300w, https:\/\/www.ing.una.py\/FIUNA3\/wp-content\/uploads\/2025\/09\/foto_0000003020250903161252-768x513.jpg 768w, https:\/\/www.ing.una.py\/FIUNA3\/wp-content\/uploads\/2025\/09\/foto_0000003020250903161252.jpg 800w\" sizes=\"auto, (max-width: 300px) 100vw, 300px\" data-attachment-id=\"80997\" data-permalink=\"https:\/\/www.ing.una.py\/FIUNA3\/?attachment_id=80997\" data-orig-file=\"https:\/\/www.ing.una.py\/FIUNA3\/wp-content\/uploads\/2025\/09\/foto_0000003020250903161252.jpg\" data-orig-size=\"800,534\" data-comments-opened=\"1\" data-image-meta=\"{&quot;aperture&quot;:&quot;0&quot;,&quot;credit&quot;:&quot;&quot;,&quot;camera&quot;:&quot;&quot;,&quot;caption&quot;:&quot;&quot;,&quot;created_timestamp&quot;:&quot;0&quot;,&quot;copyright&quot;:&quot;&quot;,&quot;focal_length&quot;:&quot;0&quot;,&quot;iso&quot;:&quot;0&quot;,&quot;shutter_speed&quot;:&quot;0&quot;,&quot;title&quot;:&quot;&quot;,&quot;orientation&quot;:&quot;0&quot;}\" data-image-title=\"La Pontificia Universidad Cat\u00f3lica de Valpara\u00edso otorg\u00f3 un merecido reconocimiento al Prof. Ing. Carlos Peralta por su aporte a la Ingenier\u00eda Industrial\" data-image-description=\"\" data-image-caption=\"\" data-large-file=\"https:\/\/www.ing.una.py\/FIUNA3\/wp-content\/uploads\/2025\/09\/foto_0000003020250903161252.jpg\" \/><\/a>\n\t\t\t<\/div><\/figure><figure class='gallery-item'>\n\t\t\t<div class='gallery-icon landscape'>\n\t\t\t\t<a href='https:\/\/www.ing.una.py\/FIUNA3\/wp-content\/uploads\/2025\/09\/foto_0000002720250903161252.jpg'><img loading=\"lazy\" decoding=\"async\" width=\"300\" height=\"200\" src=\"https:\/\/www.ing.una.py\/FIUNA3\/wp-content\/uploads\/2025\/09\/foto_0000002720250903161252-300x200.jpg\" class=\"attachment-medium size-medium\" alt=\"\" srcset=\"https:\/\/www.ing.una.py\/FIUNA3\/wp-content\/uploads\/2025\/09\/foto_0000002720250903161252-300x200.jpg 300w, https:\/\/www.ing.una.py\/FIUNA3\/wp-content\/uploads\/2025\/09\/foto_0000002720250903161252-768x513.jpg 768w, https:\/\/www.ing.una.py\/FIUNA3\/wp-content\/uploads\/2025\/09\/foto_0000002720250903161252.jpg 800w\" sizes=\"auto, (max-width: 300px) 100vw, 300px\" data-attachment-id=\"80996\" data-permalink=\"https:\/\/www.ing.una.py\/FIUNA3\/?attachment_id=80996\" data-orig-file=\"https:\/\/www.ing.una.py\/FIUNA3\/wp-content\/uploads\/2025\/09\/foto_0000002720250903161252.jpg\" data-orig-size=\"800,534\" data-comments-opened=\"1\" data-image-meta=\"{&quot;aperture&quot;:&quot;0&quot;,&quot;credit&quot;:&quot;&quot;,&quot;camera&quot;:&quot;&quot;,&quot;caption&quot;:&quot;&quot;,&quot;created_timestamp&quot;:&quot;0&quot;,&quot;copyright&quot;:&quot;&quot;,&quot;focal_length&quot;:&quot;0&quot;,&quot;iso&quot;:&quot;0&quot;,&quot;shutter_speed&quot;:&quot;0&quot;,&quot;title&quot;:&quot;&quot;,&quot;orientation&quot;:&quot;0&quot;}\" data-image-title=\"La Pontificia Universidad Cat\u00f3lica de Valpara\u00edso otorg\u00f3 un merecido reconocimiento al Prof. Ing. Carlos Peralta por su aporte a la Ingenier\u00eda Industrial\" data-image-description=\"\" data-image-caption=\"\" data-large-file=\"https:\/\/www.ing.una.py\/FIUNA3\/wp-content\/uploads\/2025\/09\/foto_0000002720250903161252.jpg\" \/><\/a>\n\t\t\t<\/div><\/figure>\n\t\t<\/div>\n\n","protected":false},"excerpt":{"rendered":"<p>La Pontificia Universidad Cat\u00f3lica de Valpara\u00edso (PUCV) de Chile, otorg\u00f3 la \u00abMedalla Centenario\u00bb al profesor Carlos Peralta, ingeniero industrial de la Facultad de Ingenier\u00eda de la Universidad Nacional de Asunci\u00f3n (FIUNA), en reconocimiento a su extensa trayectoria acad\u00e9mica y a la colaboraci\u00f3n que ha mantenido con dicha instituci\u00f3n por m\u00e1s de tres d\u00e9cadas.<\/p>\n","protected":false},"author":1,"featured_media":80999,"comment_status":"open","ping_status":"open","sticky":false,"template":"","format":"standard","meta":{"_bbp_topic_count":0,"_bbp_reply_count":0,"_bbp_total_topic_count":0,"_bbp_total_reply_count":0,"_bbp_voice_count":0,"_bbp_anonymous_reply_count":0,"_bbp_topic_count_hidden":0,"_bbp_reply_count_hidden":0,"_bbp_forum_subforum_count":0,"advanced_seo_description":"","jetpack_seo_html_title":"","jetpack_seo_noindex":false,"jetpack_post_was_ever_published":false,"_jetpack_newsletter_access":"","_jetpack_dont_email_post_to_subs":false,"_jetpack_newsletter_tier_id":0,"_jetpack_memberships_contains_paywalled_content":false,"_jetpack_memberships_contains_paid_content":false,"footnotes":"","jetpack_publicize_message":"","jetpack_publicize_feature_enabled":true,"jetpack_social_post_already_shared":true,"jetpack_social_options":{"image_generator_settings":{"template":"highway","default_image_id":0,"font":"","enabled":false},"version":2}},"categories":[887,218,75],"tags":[93,534,329],"class_list":["post-80995","post","type-post","status-publish","format-standard","has-post-thumbnail","hentry","category-eventos","category-masterados","category-noticias","tag-ingenieria-industrial","tag-maestria-en-ingenieria-industrial","tag-reconocimiento"],"jetpack_publicize_connections":[],"jetpack_featured_media_url":"https:\/\/www.ing.una.py\/FIUNA3\/wp-content\/uploads\/2025\/09\/foto_0000000920250903161252.jpg","jetpack_shortlink":"https:\/\/wp.me\/pc8Odv-l4n","jetpack_likes_enabled":true,"jetpack_sharing_enabled":true,"jetpack-related-posts":[],"_links":{"self":[{"href":"https:\/\/www.ing.una.py\/FIUNA3\/index.php?rest_route=\/wp\/v2\/posts\/80995","targetHints":{"allow":["GET"]}}],"collection":[{"href":"https:\/\/www.ing.una.py\/FIUNA3\/index.php?rest_route=\/wp\/v2\/posts"}],"about":[{"href":"https:\/\/www.ing.una.py\/FIUNA3\/index.php?rest_route=\/wp\/v2\/types\/post"}],"author":[{"embeddable":true,"href":"https:\/\/www.ing.una.py\/FIUNA3\/index.php?rest_route=\/wp\/v2\/users\/1"}],"replies":[{"embeddable":true,"href":"https:\/\/www.ing.una.py\/FIUNA3\/index.php?rest_route=%2Fwp%2Fv2%2Fcomments&post=80995"}],"version-history":[{"count":3,"href":"https:\/\/www.ing.una.py\/FIUNA3\/index.php?rest_route=\/wp\/v2\/posts\/80995\/revisions"}],"predecessor-version":[{"id":81003,"href":"https:\/\/www.ing.una.py\/FIUNA3\/index.php?rest_route=\/wp\/v2\/posts\/80995\/revisions\/81003"}],"wp:featuredmedia":[{"embeddable":true,"href":"https:\/\/www.ing.una.py\/FIUNA3\/index.php?rest_route=\/wp\/v2\/media\/80999"}],"wp:attachment":[{"href":"https:\/\/www.ing.una.py\/FIUNA3\/index.php?rest_route=%2Fwp%2Fv2%2Fmedia&parent=80995"}],"wp:term":[{"taxonomy":"category","embeddable":true,"href":"https:\/\/www.ing.una.py\/FIUNA3\/index.php?rest_route=%2Fwp%2Fv2%2Fcategories&post=80995"},{"taxonomy":"post_tag","embeddable":true,"href":"https:\/\/www.ing.una.py\/FIUNA3\/index.php?rest_route=%2Fwp%2Fv2%2Ftags&post=80995"}],"curies":[{"name":"wp","href":"https:\/\/api.w.org\/{rel}","templated":true}]}}