{"id":81775,"date":"2025-10-13T13:37:22","date_gmt":"2025-10-13T16:37:22","guid":{"rendered":"https:\/\/www.ing.una.py\/FIUNA3\/?p=81775"},"modified":"2025-10-13T13:37:22","modified_gmt":"2025-10-13T16:37:22","slug":"invitacion-a-participar-de-la-ponencia-salud-mental-enfoque-preventivo-y-deteccion-temprana","status":"publish","type":"post","link":"https:\/\/www.ing.una.py\/FIUNA3\/?p=81775","title":{"rendered":"Invitaci\u00f3n a participar de la Ponencia: \u201cSalud mental. Enfoque preventivo y detecci\u00f3n temprana\u201d"},"content":{"rendered":"<p><strong>La Facultad de Ingenier\u00eda de la Universidad Nacional de Asunci\u00f3n (FIUNA)<\/strong>, a trav\u00e9s del Departamento de Bienestar Estudiantil y su Programa de Atenci\u00f3n al Estudiante (PAE), invita a docentes, estudiantes y funcionarios a participar de la <strong>Ponencia: \u201cSalud mental. Enfoque preventivo y detecci\u00f3n temprana\u201d.<\/strong><!--more--><\/p>\n<p>\ud83d\uddd3\ufe0f<strong>\u00a0viernes 17 de octubre del 2025<\/strong><br \/>\n<strong>\u23f015:00 h<\/strong><br \/>\n\ud83d\udccd<strong>Lugar a\u00a0confirmar<\/strong> v\u00eda mail a los inscriptos para el evento<br \/>\n\ud83d\udccc <strong>Inscripciones:\u00a0<\/strong><a href=\"https:\/\/forms.gle\/4fSq7vwJY4TokJPS7\" target=\"_blank\" rel=\"noopener\">https:\/\/forms.gle\/4fSq7vwJY4TokJPS7<\/a><br \/>\n<strong>\ud83c\udf99\ufe0fDisertante:<\/strong> <strong>Prof. Dr. Oscar Garc\u00eda<\/strong>,\u00a0Especialista en Psiquiatr\u00eda Cl\u00ednica de Adultos. C\u00e1tedra de Psiquiatr\u00eda. FCM-UNA. Especialista en Psiquiatr\u00eda de la Infancia y la Adolescencia. FCM-UNA<\/p>\n<p>Esta actividad se desarrolla en consonancia con la Ley N\u00ba 7018\/2022 de Salud Mental, que garantiza la protecci\u00f3n del derecho a la salud mental y promueve una atenci\u00f3n humanizada e inclusiva. Al mismo tiempo, la iniciativa se integra a los procesos institucionales de calidad de la FIUNA, orientados a fortalecer la formaci\u00f3n integral de la comunidad acad\u00e9mica y a consolidar una cultura de bienestar, prevenci\u00f3n y desarrollo humano sostenible. Estos procesos, basados en est\u00e1ndares nacionales e internacionales, impulsan acciones que aseguren la excelencia acad\u00e9mica, el acompa\u00f1amiento estudiantil y la mejora continua.<\/p>\n<p>Invitamos a sumarse a este espacio de sensibilizaci\u00f3n y compromiso colectivo, convencidos de que prevenir empieza con cuidar la salud mental, pilar esencial para una vida acad\u00e9mica y profesional plena.<\/p>\n","protected":false},"excerpt":{"rendered":"<p>La Facultad de Ingenier\u00eda de la Universidad Nacional de Asunci\u00f3n (FIUNA), a trav\u00e9s del Departamento de Bienestar Estudiantil y su Programa de Atenci\u00f3n al Estudiante (PAE), invita a docentes, estudiantes y funcionarios a participar de la Ponencia: \u201cSalud mental. Enfoque preventivo y detecci\u00f3n temprana\u201d.<\/p>\n","protected":false},"author":1,"featured_media":58131,"comment_status":"open","ping_status":"open","sticky":false,"template":"","format":"standard","meta":{"_bbp_topic_count":0,"_bbp_reply_count":0,"_bbp_total_topic_count":0,"_bbp_total_reply_count":0,"_bbp_voice_count":0,"_bbp_anonymous_reply_count":0,"_bbp_topic_count_hidden":0,"_bbp_reply_count_hidden":0,"_bbp_forum_subforum_count":0,"advanced_seo_description":"","jetpack_seo_html_title":"","jetpack_seo_noindex":false,"jetpack_post_was_ever_published":false,"_jetpack_newsletter_access":"","_jetpack_dont_email_post_to_subs":false,"_jetpack_newsletter_tier_id":0,"_jetpack_memberships_contains_paywalled_content":false,"_jetpack_memberships_contains_paid_content":false,"footnotes":"","jetpack_publicize_message":"","jetpack_publicize_feature_enabled":true,"jetpack_social_post_already_shared":true,"jetpack_social_options":{"image_generator_settings":{"template":"highway","default_image_id":0,"font":"","enabled":false},"version":2}},"categories":[89,837,887],"tags":[694],"class_list":["post-81775","post","type-post","status-publish","format-standard","has-post-thumbnail","hentry","category-charlas-y-debates","category-direccion-academica","category-eventos","tag-pae"],"jetpack_publicize_connections":[],"jetpack_featured_media_url":"https:\/\/www.ing.una.py\/FIUNA3\/wp-content\/uploads\/2023\/09\/articles-20649_foto_home.thumb_thumb850x450-e1695303039203.jpg","jetpack_shortlink":"https:\/\/wp.me\/pc8Odv-lgX","jetpack_likes_enabled":true,"jetpack_sharing_enabled":true,"jetpack-related-posts":[],"_links":{"self":[{"href":"https:\/\/www.ing.una.py\/FIUNA3\/index.php?rest_route=\/wp\/v2\/posts\/81775","targetHints":{"allow":["GET"]}}],"collection":[{"href":"https:\/\/www.ing.una.py\/FIUNA3\/index.php?rest_route=\/wp\/v2\/posts"}],"about":[{"href":"https:\/\/www.ing.una.py\/FIUNA3\/index.php?rest_route=\/wp\/v2\/types\/post"}],"author":[{"embeddable":true,"href":"https:\/\/www.ing.una.py\/FIUNA3\/index.php?rest_route=\/wp\/v2\/users\/1"}],"replies":[{"embeddable":true,"href":"https:\/\/www.ing.una.py\/FIUNA3\/index.php?rest_route=%2Fwp%2Fv2%2Fcomments&post=81775"}],"version-history":[{"count":1,"href":"https:\/\/www.ing.una.py\/FIUNA3\/index.php?rest_route=\/wp\/v2\/posts\/81775\/revisions"}],"predecessor-version":[{"id":81776,"href":"https:\/\/www.ing.una.py\/FIUNA3\/index.php?rest_route=\/wp\/v2\/posts\/81775\/revisions\/81776"}],"wp:featuredmedia":[{"embeddable":true,"href":"https:\/\/www.ing.una.py\/FIUNA3\/index.php?rest_route=\/wp\/v2\/media\/58131"}],"wp:attachment":[{"href":"https:\/\/www.ing.una.py\/FIUNA3\/index.php?rest_route=%2Fwp%2Fv2%2Fmedia&parent=81775"}],"wp:term":[{"taxonomy":"category","embeddable":true,"href":"https:\/\/www.ing.una.py\/FIUNA3\/index.php?rest_route=%2Fwp%2Fv2%2Fcategories&post=81775"},{"taxonomy":"post_tag","embeddable":true,"href":"https:\/\/www.ing.una.py\/FIUNA3\/index.php?rest_route=%2Fwp%2Fv2%2Ftags&post=81775"}],"curies":[{"name":"wp","href":"https:\/\/api.w.org\/{rel}","templated":true}]}}