{"id":82980,"date":"2025-12-10T11:15:40","date_gmt":"2025-12-10T14:15:40","guid":{"rendered":"https:\/\/www.ing.una.py\/FIUNA3\/?p=82980"},"modified":"2025-12-10T12:28:52","modified_gmt":"2025-12-10T15:28:52","slug":"la-fiuna-fue-sede-de-las-jornadas-de-evaluacion-para-la-matriculacion-de-electricistas-organizadas-por-la-ande","status":"publish","type":"post","link":"https:\/\/www.ing.una.py\/FIUNA3\/?p=82980","title":{"rendered":"La FIUNA fue sede de las jornadas de evaluaci\u00f3n para la matriculaci\u00f3n de electricistas organizadas por la ANDE"},"content":{"rendered":"<p>Los d\u00edas 5 y 6 de diciembre del corriente a\u00f1o, se realizaron en la <strong>Facultad de Ingenier\u00eda de la Universidad Nacional de Asunci\u00f3n (FIUNA)<\/strong> las jornadas de evaluaci\u00f3n para la matriculaci\u00f3n de electricistas en las categor\u00edas A, B, C, D y E, organizadas por la <strong>Administraci\u00f3n Nacional de Electricidad (ANDE) <\/strong>con el apoyo del Departamento de Ingenier\u00eda Mec\u00e1nica y Electromec\u00e1nica (DIME) de la FIUNA, reafirmando as\u00ed el compromiso con la formaci\u00f3n continua de t\u00e9cnicos del sector el\u00e9ctrico y con la promoci\u00f3n de oportunidades laborales.<!--more--><\/p>\n<p>Las evaluaciones se realizaron en el Edificio \u00abCap. Alfredo Bozzano\u00bb de la Facultad de Ingenier\u00eda de la Universidad Nacional de Asunci\u00f3n (FIUNA), donde se ofreci\u00f3 una bienvenida a cargo del Lic. Carlos Torales, Coordinador de la Mesa Examinadora. La actividad cont\u00f3 adem\u00e1s con la presencia de la Viceministra de Empleo y Seguridad Social, Dra. Ver\u00f3nica L\u00f3pez Ben\u00edtez, quien destac\u00f3 la importancia de ofrecer un servicio de calidad al consumidor final y los beneficios que ello representa para la sociedad. Por su parte, el Prof. Dr. Ing. Rub\u00e9n L\u00f3pez, Decano de la FIUNA, resalt\u00f3 la necesidad de contar con mano de obra calificada y de fortalecer los procesos de formaci\u00f3n continua en el \u00e1mbito t\u00e9cnico.<\/p>\n<p>Durante el evento, el Ing. Hugo Rol\u00f3n, presidente de la Mesa Examinadora y Gerente Comercial de la ANDE, se dirigi\u00f3 a los participantes para subrayar la importancia de ejercer la profesi\u00f3n con profesionalismo, \u00e9tica, responsabilidad y estricto cumplimiento de las normas de seguridad en instalaciones el\u00e9ctricas internas. Asimismo, present\u00f3 aspectos clave de la Ley N.\u00ba 7.300\/24, que sanciona el robo de energ\u00eda el\u00e9ctrica, y agradeci\u00f3 a la FIUNA por el espacio facilitado para la realizaci\u00f3n de las evaluaciones, valorando el convenio vigente y el trabajo colaborativo entre las instituciones involucradas.<\/p>\n<p>En la primera jornada participaron 82 postulantes correspondientes a las categor\u00edas B y C, mientras que las evaluaciones para las categor\u00edas A, D y E se realizaron el s\u00e1bado 6 de diciembre. La actividad cont\u00f3 con la presencia de integrantes de la Mesa Examinadora; representantes del Ministerio de Trabajo, Empleo y Seguridad Social (MTESS); y miembros de la Asociaci\u00f3n de Electricistas del Paraguay, quienes destacaron la relevancia de la articulaci\u00f3n interinstitucional para impulsar el desarrollo del sector el\u00e9ctrico nacional.<\/p>\n<p>A lo largo de ambas jornadas, se reiter\u00f3 la importancia del carnet de electricista matriculado como herramienta fundamental para la formalizaci\u00f3n laboral, la prestaci\u00f3n segura de servicios y el fortalecimiento del sistema el\u00e9ctrico del pa\u00eds, rol en el cual la FIUNA contin\u00faa contribuyendo activamente mediante su apoyo a iniciativas orientadas al desarrollo t\u00e9cnico y profesional del Paraguay.<br \/>\n<div data-carousel-extra='{&quot;blog_id&quot;:1,&quot;permalink&quot;:&quot;https:\/\/www.ing.una.py\/FIUNA3\/?p=82980&quot;}' id='gallery-1' class='gallery galleryid-82980 gallery-columns-3 gallery-size-thumbnail'><figure class='gallery-item'>\n\t\t\t<div class='gallery-icon landscape'>\n\t\t\t\t<a href='https:\/\/www.ing.una.py\/FIUNA3\/wp-content\/uploads\/2025\/12\/20251205_0902531-scaled-e1765375994821.jpg'><img loading=\"lazy\" decoding=\"async\" width=\"150\" height=\"150\" src=\"https:\/\/www.ing.una.py\/FIUNA3\/wp-content\/uploads\/2025\/12\/20251205_0902531-150x150.jpg\" class=\"attachment-thumbnail size-thumbnail\" alt=\"\" srcset=\"https:\/\/www.ing.una.py\/FIUNA3\/wp-content\/uploads\/2025\/12\/20251205_0902531-150x150.jpg 150w, https:\/\/www.ing.una.py\/FIUNA3\/wp-content\/uploads\/2025\/12\/20251205_0902531-50x50.jpg 50w\" sizes=\"auto, (max-width: 150px) 100vw, 150px\" data-attachment-id=\"82982\" data-permalink=\"https:\/\/www.ing.una.py\/FIUNA3\/?attachment_id=82982\" data-orig-file=\"https:\/\/www.ing.una.py\/FIUNA3\/wp-content\/uploads\/2025\/12\/20251205_0902531-scaled-e1765375994821.jpg\" data-orig-size=\"1200,868\" data-comments-opened=\"1\" data-image-meta=\"{&quot;aperture&quot;:&quot;1.8&quot;,&quot;credit&quot;:&quot;Picasa&quot;,&quot;camera&quot;:&quot;SM-A528B&quot;,&quot;caption&quot;:&quot;&quot;,&quot;created_timestamp&quot;:&quot;1764925374&quot;,&quot;copyright&quot;:&quot;&quot;,&quot;focal_length&quot;:&quot;5.23&quot;,&quot;iso&quot;:&quot;40&quot;,&quot;shutter_speed&quot;:&quot;0.008767366&quot;,&quot;title&quot;:&quot;&quot;,&quot;orientation&quot;:&quot;0&quot;}\" data-image-title=\"La FIUNA fue sede de las jornadas de evaluaci\u00f3n para la matriculaci\u00f3n de electricistas organizado por la ANDE\" data-image-description=\"\" data-image-caption=\"\" data-large-file=\"https:\/\/www.ing.una.py\/FIUNA3\/wp-content\/uploads\/2025\/12\/20251205_0902531-1024x740.jpg\" \/><\/a>\n\t\t\t<\/div><\/figure><figure class='gallery-item'>\n\t\t\t<div class='gallery-icon portrait'>\n\t\t\t\t<a href='https:\/\/www.ing.una.py\/FIUNA3\/wp-content\/uploads\/2025\/12\/20251205_085810-scaled-e1765376032458.jpg'><img loading=\"lazy\" decoding=\"async\" width=\"150\" height=\"150\" src=\"https:\/\/www.ing.una.py\/FIUNA3\/wp-content\/uploads\/2025\/12\/20251205_085810-150x150.jpg\" class=\"attachment-thumbnail size-thumbnail\" alt=\"\" srcset=\"https:\/\/www.ing.una.py\/FIUNA3\/wp-content\/uploads\/2025\/12\/20251205_085810-150x150.jpg 150w, https:\/\/www.ing.una.py\/FIUNA3\/wp-content\/uploads\/2025\/12\/20251205_085810-50x50.jpg 50w\" sizes=\"auto, (max-width: 150px) 100vw, 150px\" data-attachment-id=\"82983\" data-permalink=\"https:\/\/www.ing.una.py\/FIUNA3\/?attachment_id=82983\" data-orig-file=\"https:\/\/www.ing.una.py\/FIUNA3\/wp-content\/uploads\/2025\/12\/20251205_085810-scaled-e1765376032458.jpg\" data-orig-size=\"867,1200\" data-comments-opened=\"1\" data-image-meta=\"{&quot;aperture&quot;:&quot;1.8&quot;,&quot;credit&quot;:&quot;Picasa&quot;,&quot;camera&quot;:&quot;SM-A528B&quot;,&quot;caption&quot;:&quot;&quot;,&quot;created_timestamp&quot;:&quot;1764925090&quot;,&quot;copyright&quot;:&quot;&quot;,&quot;focal_length&quot;:&quot;5.23&quot;,&quot;iso&quot;:&quot;64&quot;,&quot;shutter_speed&quot;:&quot;0.01&quot;,&quot;title&quot;:&quot;&quot;,&quot;orientation&quot;:&quot;0&quot;}\" data-image-title=\"La FIUNA fue sede de las jornadas de evaluaci\u00f3n para la matriculaci\u00f3n de electricistas organizado por la ANDE\" data-image-description=\"\" data-image-caption=\"\" data-large-file=\"https:\/\/www.ing.una.py\/FIUNA3\/wp-content\/uploads\/2025\/12\/20251205_085810-740x1024.jpg\" \/><\/a>\n\t\t\t<\/div><\/figure><figure class='gallery-item'>\n\t\t\t<div class='gallery-icon portrait'>\n\t\t\t\t<a href='https:\/\/www.ing.una.py\/FIUNA3\/wp-content\/uploads\/2025\/12\/20251205_084946-scaled-e1765376045909.jpg'><img loading=\"lazy\" decoding=\"async\" width=\"150\" height=\"150\" src=\"https:\/\/www.ing.una.py\/FIUNA3\/wp-content\/uploads\/2025\/12\/20251205_084946-150x150.jpg\" class=\"attachment-thumbnail size-thumbnail\" alt=\"\" srcset=\"https:\/\/www.ing.una.py\/FIUNA3\/wp-content\/uploads\/2025\/12\/20251205_084946-150x150.jpg 150w, https:\/\/www.ing.una.py\/FIUNA3\/wp-content\/uploads\/2025\/12\/20251205_084946-50x50.jpg 50w\" sizes=\"auto, (max-width: 150px) 100vw, 150px\" data-attachment-id=\"82984\" data-permalink=\"https:\/\/www.ing.una.py\/FIUNA3\/?attachment_id=82984\" data-orig-file=\"https:\/\/www.ing.una.py\/FIUNA3\/wp-content\/uploads\/2025\/12\/20251205_084946-scaled-e1765376045909.jpg\" data-orig-size=\"865,1200\" data-comments-opened=\"1\" data-image-meta=\"{&quot;aperture&quot;:&quot;1.8&quot;,&quot;credit&quot;:&quot;Picasa&quot;,&quot;camera&quot;:&quot;SM-A528B&quot;,&quot;caption&quot;:&quot;&quot;,&quot;created_timestamp&quot;:&quot;1764924587&quot;,&quot;copyright&quot;:&quot;&quot;,&quot;focal_length&quot;:&quot;5.23&quot;,&quot;iso&quot;:&quot;160&quot;,&quot;shutter_speed&quot;:&quot;0.02&quot;,&quot;title&quot;:&quot;&quot;,&quot;orientation&quot;:&quot;0&quot;}\" data-image-title=\"La FIUNA fue sede de las jornadas de evaluaci\u00f3n para la matriculaci\u00f3n de electricistas organizado por la ANDE\" data-image-description=\"\" data-image-caption=\"\" data-large-file=\"https:\/\/www.ing.una.py\/FIUNA3\/wp-content\/uploads\/2025\/12\/20251205_084946-738x1024.jpg\" \/><\/a>\n\t\t\t<\/div><\/figure><figure class='gallery-item'>\n\t\t\t<div class='gallery-icon portrait'>\n\t\t\t\t<a href='https:\/\/www.ing.una.py\/FIUNA3\/wp-content\/uploads\/2025\/12\/20251205_092902-scaled-e1765376111732.jpg'><img loading=\"lazy\" decoding=\"async\" width=\"150\" height=\"150\" src=\"https:\/\/www.ing.una.py\/FIUNA3\/wp-content\/uploads\/2025\/12\/20251205_092902-150x150.jpg\" class=\"attachment-thumbnail size-thumbnail\" alt=\"\" srcset=\"https:\/\/www.ing.una.py\/FIUNA3\/wp-content\/uploads\/2025\/12\/20251205_092902-150x150.jpg 150w, https:\/\/www.ing.una.py\/FIUNA3\/wp-content\/uploads\/2025\/12\/20251205_092902-50x50.jpg 50w\" sizes=\"auto, (max-width: 150px) 100vw, 150px\" data-attachment-id=\"82985\" data-permalink=\"https:\/\/www.ing.una.py\/FIUNA3\/?attachment_id=82985\" data-orig-file=\"https:\/\/www.ing.una.py\/FIUNA3\/wp-content\/uploads\/2025\/12\/20251205_092902-scaled-e1765376111732.jpg\" data-orig-size=\"864,1200\" data-comments-opened=\"1\" data-image-meta=\"{&quot;aperture&quot;:&quot;1.8&quot;,&quot;credit&quot;:&quot;Picasa&quot;,&quot;camera&quot;:&quot;SM-A528B&quot;,&quot;caption&quot;:&quot;&quot;,&quot;created_timestamp&quot;:&quot;1764926943&quot;,&quot;copyright&quot;:&quot;&quot;,&quot;focal_length&quot;:&quot;5.23&quot;,&quot;iso&quot;:&quot;160&quot;,&quot;shutter_speed&quot;:&quot;0.02&quot;,&quot;title&quot;:&quot;&quot;,&quot;orientation&quot;:&quot;0&quot;}\" data-image-title=\"La FIUNA fue sede de las jornadas de evaluaci\u00f3n para la matriculaci\u00f3n de electricistas organizado por la ANDE\" data-image-description=\"\" data-image-caption=\"\" data-large-file=\"https:\/\/www.ing.una.py\/FIUNA3\/wp-content\/uploads\/2025\/12\/20251205_092902-737x1024.jpg\" \/><\/a>\n\t\t\t<\/div><\/figure><figure class='gallery-item'>\n\t\t\t<div class='gallery-icon portrait'>\n\t\t\t\t<a href='https:\/\/www.ing.una.py\/FIUNA3\/wp-content\/uploads\/2025\/12\/20251205_092251-scaled-e1765376126186.jpg'><img loading=\"lazy\" decoding=\"async\" width=\"150\" height=\"150\" src=\"https:\/\/www.ing.una.py\/FIUNA3\/wp-content\/uploads\/2025\/12\/20251205_092251-150x150.jpg\" class=\"attachment-thumbnail size-thumbnail\" alt=\"\" srcset=\"https:\/\/www.ing.una.py\/FIUNA3\/wp-content\/uploads\/2025\/12\/20251205_092251-150x150.jpg 150w, https:\/\/www.ing.una.py\/FIUNA3\/wp-content\/uploads\/2025\/12\/20251205_092251-50x50.jpg 50w\" sizes=\"auto, (max-width: 150px) 100vw, 150px\" data-attachment-id=\"82986\" data-permalink=\"https:\/\/www.ing.una.py\/FIUNA3\/?attachment_id=82986\" data-orig-file=\"https:\/\/www.ing.una.py\/FIUNA3\/wp-content\/uploads\/2025\/12\/20251205_092251-scaled-e1765376126186.jpg\" data-orig-size=\"865,1200\" data-comments-opened=\"1\" data-image-meta=\"{&quot;aperture&quot;:&quot;1.8&quot;,&quot;credit&quot;:&quot;Picasa&quot;,&quot;camera&quot;:&quot;SM-A528B&quot;,&quot;caption&quot;:&quot;&quot;,&quot;created_timestamp&quot;:&quot;1764926572&quot;,&quot;copyright&quot;:&quot;&quot;,&quot;focal_length&quot;:&quot;5.23&quot;,&quot;iso&quot;:&quot;40&quot;,&quot;shutter_speed&quot;:&quot;0.01&quot;,&quot;title&quot;:&quot;&quot;,&quot;orientation&quot;:&quot;0&quot;}\" data-image-title=\"La FIUNA fue sede de las jornadas de evaluaci\u00f3n para la matriculaci\u00f3n de electricistas organizado por la ANDE\" data-image-description=\"\" data-image-caption=\"\" data-large-file=\"https:\/\/www.ing.una.py\/FIUNA3\/wp-content\/uploads\/2025\/12\/20251205_092251-738x1024.jpg\" \/><\/a>\n\t\t\t<\/div><\/figure>\n\t\t<\/div>\n<\/p>\n","protected":false},"excerpt":{"rendered":"<p>Los d\u00edas 5 y 6 de diciembre del corriente a\u00f1o, se realizaron en la Facultad de Ingenier\u00eda de la Universidad Nacional de Asunci\u00f3n (FIUNA) las jornadas de evaluaci\u00f3n para la matriculaci\u00f3n de electricistas en las categor\u00edas A, B, C, D y E, organizadas por la Administraci\u00f3n Nacional de Electricidad (ANDE) con el apoyo del Departamento de Ingenier\u00eda Mec\u00e1nica y Electromec\u00e1nica (DIME) de la FIUNA, reafirmando as\u00ed el compromiso con la formaci\u00f3n continua de t\u00e9cnicos del sector el\u00e9ctrico y con la promoci\u00f3n de oportunidades laborales.<\/p>\n","protected":false},"author":1,"featured_media":82981,"comment_status":"open","ping_status":"open","sticky":false,"template":"","format":"standard","meta":{"_bbp_topic_count":0,"_bbp_reply_count":0,"_bbp_total_topic_count":0,"_bbp_total_reply_count":0,"_bbp_voice_count":0,"_bbp_anonymous_reply_count":0,"_bbp_topic_count_hidden":0,"_bbp_reply_count_hidden":0,"_bbp_forum_subforum_count":0,"advanced_seo_description":"","jetpack_seo_html_title":"","jetpack_seo_noindex":false,"jetpack_post_was_ever_published":false,"_jetpack_newsletter_access":"","_jetpack_dont_email_post_to_subs":false,"_jetpack_newsletter_tier_id":0,"_jetpack_memberships_contains_paywalled_content":false,"_jetpack_memberships_contains_paid_content":false,"footnotes":"","jetpack_publicize_message":"","jetpack_publicize_feature_enabled":true,"jetpack_social_post_already_shared":true,"jetpack_social_options":{"image_generator_settings":{"template":"highway","default_image_id":0,"font":"","enabled":false},"version":2}},"categories":[823,887,934,75],"tags":[531],"class_list":["post-82980","post","type-post","status-publish","format-standard","has-post-thumbnail","hentry","category-departamento-de-ingenieria-mecanica-y-electromecanica","category-eventos","category-jornada","category-noticias","tag-ande"],"jetpack_publicize_connections":[],"jetpack_featured_media_url":"https:\/\/www.ing.una.py\/FIUNA3\/wp-content\/uploads\/2025\/12\/20251205_092035-scaled-e1765375835226.jpg","jetpack_shortlink":"https:\/\/wp.me\/pc8Odv-lAo","jetpack_likes_enabled":true,"jetpack_sharing_enabled":true,"jetpack-related-posts":[],"_links":{"self":[{"href":"https:\/\/www.ing.una.py\/FIUNA3\/index.php?rest_route=\/wp\/v2\/posts\/82980","targetHints":{"allow":["GET"]}}],"collection":[{"href":"https:\/\/www.ing.una.py\/FIUNA3\/index.php?rest_route=\/wp\/v2\/posts"}],"about":[{"href":"https:\/\/www.ing.una.py\/FIUNA3\/index.php?rest_route=\/wp\/v2\/types\/post"}],"author":[{"embeddable":true,"href":"https:\/\/www.ing.una.py\/FIUNA3\/index.php?rest_route=\/wp\/v2\/users\/1"}],"replies":[{"embeddable":true,"href":"https:\/\/www.ing.una.py\/FIUNA3\/index.php?rest_route=%2Fwp%2Fv2%2Fcomments&post=82980"}],"version-history":[{"count":1,"href":"https:\/\/www.ing.una.py\/FIUNA3\/index.php?rest_route=\/wp\/v2\/posts\/82980\/revisions"}],"predecessor-version":[{"id":82987,"href":"https:\/\/www.ing.una.py\/FIUNA3\/index.php?rest_route=\/wp\/v2\/posts\/82980\/revisions\/82987"}],"wp:featuredmedia":[{"embeddable":true,"href":"https:\/\/www.ing.una.py\/FIUNA3\/index.php?rest_route=\/wp\/v2\/media\/82981"}],"wp:attachment":[{"href":"https:\/\/www.ing.una.py\/FIUNA3\/index.php?rest_route=%2Fwp%2Fv2%2Fmedia&parent=82980"}],"wp:term":[{"taxonomy":"category","embeddable":true,"href":"https:\/\/www.ing.una.py\/FIUNA3\/index.php?rest_route=%2Fwp%2Fv2%2Fcategories&post=82980"},{"taxonomy":"post_tag","embeddable":true,"href":"https:\/\/www.ing.una.py\/FIUNA3\/index.php?rest_route=%2Fwp%2Fv2%2Ftags&post=82980"}],"curies":[{"name":"wp","href":"https:\/\/api.w.org\/{rel}","templated":true}]}}